{"id":113,"date":"2019-01-30T11:52:08","date_gmt":"2019-01-30T13:52:08","guid":{"rendered":"http:\/\/www.editoraopet.com.br\/blog_opet\/?p=113"},"modified":"2019-01-30T11:52:08","modified_gmt":"2019-01-30T13:52:08","slug":"entrevista-secretario-educacao-sobral","status":"publish","type":"post","link":"https:\/\/editoraopet.com.br\/blog_opet\/entrevista-secretario-educacao-sobral\/","title":{"rendered":"Secret\u00e1rio de Educa\u00e7\u00e3o de Sobral avalia a parceria com a Editora Opet"},"content":{"rendered":"<p>Desde o ano de 2018, a Editora Opet e o munic\u00edpio cearense de Sobral \u2013 cuja educa\u00e7\u00e3o p\u00fablica \u00e9 considerada a melhor do pa\u00eds, segundo \u00edndices avaliativos como o IDEB \u2013 s\u00e3o parceiros. No ano passado, atendemos 730 crian\u00e7as dos n\u00edveis \u201cInfantil Beb\u00ea\u201d e \u201cInfantil I\u201d da rede municipal de ensino sobralense. Neste ano, al\u00e9m dessas crian\u00e7as, tamb\u00e9m vamos atender, com materiais e forma\u00e7\u00f5es pedag\u00f3gicas, professores e 2.500 estudantes do 2\u00ba ano do Ensino Fundamental. Nesta entrevista exclusiva, o secret\u00e1rio municipal de Educa\u00e7\u00e3o de Sobral, Francisco Herbert Lima Vasconcelos, fala sobre a parceria e, tamb\u00e9m, sobre as caracter\u00edsticas e a qualidade dos materiais did\u00e1ticos e forma\u00e7\u00f5es Opet. Confira!<\/p>\n<p><em>Entrevista a Rodrigo Wolff Apolloni<\/em><\/p>\n<p><strong>Em mar\u00e7o, completamos um ano da parceria entre a rede municipal de ensino de Sobral e a Editora Opet no projeto-piloto para os primeiros anos da Educa\u00e7\u00e3o Infantil (Infantil Beb\u00ea e Infantil I). Com base no trabalho realizado, qual a sua avalia\u00e7\u00e3o da parceria e do projeto-piloto?<\/strong><\/p>\n<p><strong>Herbert &#8211;<\/strong> A parceria foi bastante significativa pois fortaleceu a participa\u00e7\u00e3o da fam\u00edlia nessa fase t\u00e3o peculiar no desenvolvimento da crian\u00e7a. O material tem uma vertente de \u00e1lbum com informa\u00e7\u00f5es importantes sobre o crescimento e desenvolvimento da crian\u00e7a, e as experi\u00eancias que s\u00e3o propostas s\u00e3o ricas pois fortalecem a concep\u00e7\u00e3o de que a aprendizagem s\u00f3 \u00e9 significativa para a crian\u00e7a quando passa pelo corpo. As experi\u00eancias contempladas pelas atividades propostas nos materiais da Editora Opet incrementaram a atua\u00e7\u00e3o dos(as) professores(as) frente \u00e0s demandas dos n\u00edveis \u201cInfantil Beb\u00ea\u201d e \u201cInfantil I\u201d, possibilitando aos mesmos planejar suas atividades pedag\u00f3gicas considerando as dimens\u00f5es cognitivas, corporais e emocionais.<\/p>\n<p><strong>Nos \u00faltimos anos, Sobral se firmou como o melhor exemplo de uma educa\u00e7\u00e3o p\u00fablica de alta qualidade, algo que se relaciona a fatores como valoriza\u00e7\u00e3o dos professores, forma\u00e7\u00e3o pedag\u00f3gica cont\u00ednua, corre\u00e7\u00e3o do fluxo escolar e cuidado com o curr\u00edculo. De que maneira o uso de um sistema de ensino participa desse processo de avan\u00e7os na educa\u00e7\u00e3o? Como colaboramos com o sucesso de Sobral?<\/strong><\/p>\n<p><strong>Herbert &#8211;<\/strong> A gest\u00e3o que faz a educa\u00e7\u00e3o de Sobral acredita que investir na valoriza\u00e7\u00e3o dos profissionais, investir em bons materiais estruturados e na autonomia escolar s\u00e3o elementos cruciais para a melhoria da qualidade do ensino. A parceria com sistemas educacionais \u00e9 um elemento que fortalece a concep\u00e7\u00e3o de inf\u00e2ncia que o munic\u00edpio vem trabalhando nos \u00faltimos anos.<\/p>\n<p><strong>Um munic\u00edpio como Sobral tem um padr\u00e3o muito elevado em rela\u00e7\u00e3o \u00e0 qualidade da educa\u00e7\u00e3o. O Brasil, por sua vez, possui muitas empresas que oferecem sistemas de ensino. O que um sistema de ensino deve oferecer para impressionar um munic\u00edpio como Sobral?<\/strong><\/p>\n<p><strong>Herbert &#8211;<\/strong> Acreditamos que o sistema deve ter uma concep\u00e7\u00e3o pedag\u00f3gica que se integre, ou seja, que venha a somar com o que o munic\u00edpio j\u00e1 construiu e deseja com rela\u00e7\u00e3o a primeir\u00edssima inf\u00e2ncia. Podemos destacar a \u00eanfase dada na parceria entre escola e fam\u00edlia. Acreditamos que os processos de aprendizagem-desenvolvimento s\u00e3o potencializados quando a crian\u00e7a se encontra em um ambiente estimulante, acolhedor, seguro. Dessa forma, trabalhar com um material que inclua a fam\u00edlia nas propostas pedag\u00f3gicas \u00e9 n\u00e3o s\u00f3 fortalecer a melhoria da qualidade do ensino como tamb\u00e9m expandir as possibilidades de aprendizados para al\u00e9m da institui\u00e7\u00e3o.<\/p>\n<p><strong>Tratando mais especificamente dos materiais da Editora Opet para a Primeira Inf\u00e2ncia \u2013 a \u201cCole\u00e7\u00e3o Cidadania +0\u201d, adotada pelos professores e pelas crian\u00e7as de Sobral em 2018 \u2013, que elementos o senhor destacaria? O que mais chamou a sua aten\u00e7\u00e3o nesse trabalho?<\/strong><\/p>\n<p><strong>Herbert &#8211;<\/strong> O material traz uma proposta que interage com o desenho que est\u00e1 sendo constru\u00eddo para o curr\u00edculo da educa\u00e7\u00e3o infantil e a compet\u00eancias socioemocionais, al\u00e9m aproximar a fam\u00edlia a participar de forma eficaz das atividades de viv\u00eancia da crian\u00e7a; os materiais de apoio, como o caderno do professor, que aborda tem\u00e1ticas importantes para os professores compreenderem o processo de desenvolvimento infantil foram bastante significativos neste processo.<\/p>\n<p><strong>Em 2019, vamos ampliar a parceria oferecendo, tamb\u00e9m, os materiais, implanta\u00e7\u00e3o, forma\u00e7\u00f5es pedag\u00f3gicas e acompanhamento relativos ao segundo ano do Ensino Fundamental. Qual sua expectativa em rela\u00e7\u00e3o a esse trabalho?<\/strong><\/p>\n<p><strong>Herbert &#8211;<\/strong> Diante da elabora\u00e7\u00e3o do nosso Documento Curricular para L\u00edngua Portuguesa e Matem\u00e1tica, esperamos que os materiais pedag\u00f3gicos a ser utilizados na rede atendam em at\u00e9 90%, no m\u00ednimo, as expectativas de aprendizagem previstas, que s\u00e3o referenciadas em curr\u00edculos nacionais e internacionais reconhecidamente como melhores padr\u00f5es. Quanto \u00e0 forma\u00e7\u00e3o, precisa subsidiar o trabalho pedag\u00f3gico em sala de aula, dando conta de capacitar os professores para o atingimento das metas de aprendizagem estabelecidas, considerando as habilidades cognitivas e emocionais, com vistas a forma\u00e7\u00e3o integral do ser humano.<\/p>\n<p><strong>Por fim: a educa\u00e7\u00e3o p\u00fablica de Sobral alcan\u00e7ou um n\u00edvel importante de qualidade. A educa\u00e7\u00e3o, por\u00e9m, \u00e9 um processo din\u00e2mico e que est\u00e1 sempre diante de desafios. Quais os desafios futuros da educa\u00e7\u00e3o de Sobral?<\/strong><\/p>\n<p><strong>Herbert &#8211;<\/strong> Dar conta, at\u00e9 o \u00faltimo ano da atual gest\u00e3o, da meta de elevar os n\u00edveis de aprendizagem da rede municipal de ensino a patamares internacionais de qualidade, tornando o munic\u00edpio uma refer\u00eancia para a Am\u00e9rica Latina.<\/p>\n","protected":false},"excerpt":{"rendered":"<p>Desde o ano de 2018, a Editora Opet e o munic\u00edpio cearense de Sobral \u2013 cuja educa\u00e7\u00e3o p\u00fablica \u00e9 considerada a melhor do pa\u00eds, segundo \u00edndices avaliativos como o IDEB \u2013 s\u00e3o parceiros. No ano passado, atendemos 730 crian\u00e7as dos n\u00edveis \u201cInfantil Beb\u00ea\u201d e \u201cInfantil I\u201d da rede municipal de ensino sobralense. Neste ano, al\u00e9m [&hellip;]<\/p>\n","protected":false},"author":1,"featured_media":115,"comment_status":"open","ping_status":"closed","sticky":false,"template":"","format":"standard","meta":[],"categories":[2,3],"tags":[14,51,50,49],"_links":{"self":[{"href":"https:\/\/editoraopet.com.br\/blog_opet\/wp-json\/wp\/v2\/posts\/113"}],"collection":[{"href":"https:\/\/editoraopet.com.br\/blog_opet\/wp-json\/wp\/v2\/posts"}],"about":[{"href":"https:\/\/editoraopet.com.br\/blog_opet\/wp-json\/wp\/v2\/types\/post"}],"author":[{"embeddable":true,"href":"https:\/\/editoraopet.com.br\/blog_opet\/wp-json\/wp\/v2\/users\/1"}],"replies":[{"embeddable":true,"href":"https:\/\/editoraopet.com.br\/blog_opet\/wp-json\/wp\/v2\/comments?post=113"}],"version-history":[{"count":1,"href":"https:\/\/editoraopet.com.br\/blog_opet\/wp-json\/wp\/v2\/posts\/113\/revisions"}],"predecessor-version":[{"id":114,"href":"https:\/\/editoraopet.com.br\/blog_opet\/wp-json\/wp\/v2\/posts\/113\/revisions\/114"}],"wp:featuredmedia":[{"embeddable":true,"href":"https:\/\/editoraopet.com.br\/blog_opet\/wp-json\/wp\/v2\/media\/115"}],"wp:attachment":[{"href":"https:\/\/editoraopet.com.br\/blog_opet\/wp-json\/wp\/v2\/media?parent=113"}],"wp:term":[{"taxonomy":"category","embeddable":true,"href":"https:\/\/editoraopet.com.br\/blog_opet\/wp-json\/wp\/v2\/categories?post=113"},{"taxonomy":"post_tag","embeddable":true,"href":"https:\/\/editoraopet.com.br\/blog_opet\/wp-json\/wp\/v2\/tags?post=113"}],"curies":[{"name":"wp","href":"https:\/\/api.w.org\/{rel}","templated":true}]}}