{"id":116,"date":"2019-02-01T14:01:43","date_gmt":"2019-02-01T16:01:43","guid":{"rendered":"http:\/\/www.editoraopet.com.br\/blog_opet\/?p=116"},"modified":"2019-02-01T14:01:43","modified_gmt":"2019-02-01T16:01:43","slug":"formacao-pedagogica-em-sc","status":"publish","type":"post","link":"https:\/\/editoraopet.com.br\/blog_opet\/formacao-pedagogica-em-sc\/","title":{"rendered":"Editora Opet promove forma\u00e7\u00e3o pedag\u00f3gica para 350 profissionais em SC"},"content":{"rendered":"<p>Um grupo de 350 profissionais de educa\u00e7\u00e3o, entre professores, diretores, coordenadores pedag\u00f3gicos, secret\u00e1rios e equipes das secretarias municipais, participaram nessa quinta e sexta-feira (31 e 01\u00ba), em Treze T\u00edlias, da primeira forma\u00e7\u00e3o pedag\u00f3gica regional do ano em Santa Catarina. O trabalho envolveu as equipes de Treze T\u00edlias, Arroio Trinta, Salto Veloso e Macieira, e foi promovida em parceria com a Editora Opet. Os quatro munic\u00edpios s\u00e3o parceiros da Editora Opet e utilizam os materiais do selo educacional Sefe em diferentes n\u00edveis da educa\u00e7\u00e3o.<\/p>\n<p>As atividades foram realizadas na Escola Municipal Irma Filomena Rabelo e coordenadas por uma equipe de assessores pedag\u00f3gicos vinda de Curitiba, sede da Editora Opet. A forma\u00e7\u00e3o pedag\u00f3gica abrangeu os temas e os conte\u00fados dos dois primeiros bimestres do ano da Educa\u00e7\u00e3o Infantil ao 5\u00ba ano do Ensino Fundamental, Educa\u00e7\u00e3o F\u00edsica, Arte e L\u00edngua Inglesa. No caso dos gestores, eles tiveram como tema formativo \u201cAvalia\u00e7\u00e3o nos diferentes n\u00edveis e contextos: reflex\u00e3o acerca do papel da equipe gestora\u201d.<\/p>\n<p><img decoding=\"async\" loading=\"lazy\" class=\"size-full wp-image-120 aligncenter\" src=\"http:\/\/www.editoraopet.com.br\/blog_opet\/wp-content\/uploads\/2019\/02\/50973536_284581832172429_6747375716297342976_n.jpg\" alt=\"\" width=\"1200\" height=\"900\" srcset=\"https:\/\/editoraopet.com.br\/blog_opet\/wp-content\/uploads\/2019\/02\/50973536_284581832172429_6747375716297342976_n.jpg 1200w, https:\/\/editoraopet.com.br\/blog_opet\/wp-content\/uploads\/2019\/02\/50973536_284581832172429_6747375716297342976_n-300x225.jpg 300w, https:\/\/editoraopet.com.br\/blog_opet\/wp-content\/uploads\/2019\/02\/50973536_284581832172429_6747375716297342976_n-768x576.jpg 768w, https:\/\/editoraopet.com.br\/blog_opet\/wp-content\/uploads\/2019\/02\/50973536_284581832172429_6747375716297342976_n-1024x768.jpg 1024w\" sizes=\"(max-width: 709px) 85vw, (max-width: 909px) 67vw, (max-width: 1362px) 62vw, 840px\" \/><\/p>\n<p><strong>Sinergia &#8211; <\/strong>\u201cForma\u00e7\u00f5es regionais aproximam profissionais de munic\u00edpios vizinhos que utilizam os mesmos materiais e ferramentas did\u00e1ticos. Isso produz sinergia, troca de informa\u00e7\u00f5es e de experi\u00eancias. \u00c9 algo que soma muito ao trabalho das escolas\u201d, observa o coordenador regional da Editora Opet para Santa Catarina, Nelson Bittencourt.<\/p>\n<p>O secret\u00e1rio municipal de Educa\u00e7\u00e3o de Arroio Trinta, Juliar Manenti, ressalta a import\u00e2ncia dessa troca. \u201cAl\u00e9m de permitir o interc\u00e2mbio de experi\u00eancias entre munic\u00edpios vizinhos, a forma\u00e7\u00e3o tamb\u00e9m fortalece a busca de solu\u00e7\u00f5es regionais para a educa\u00e7\u00e3o, o que \u00e9 muito importante.\u201d Segundo Juliar, o maior desafio deste ano da educa\u00e7\u00e3o em seu munic\u00edpio \u00e9 fortalecer a educa\u00e7\u00e3o para avan\u00e7ar na avalia\u00e7\u00e3o do IDEB (\u00cdndice de Desenvolvimento da Educa\u00e7\u00e3o B\u00e1sica). O secret\u00e1rio explica que Arroio Trinta j\u00e1 tem um dos maiores \u00edndices do IDEB em Santa Catarina \u2013 7,0 \u2013, mas que pode e deve melhorar com a\u00e7\u00f5es de qualidade. \u201cO sucesso depende de v\u00e1rios fatores. Um deles \u00e9 a parceria com a Editora Opet, que j\u00e1 provou seu potencial ao longo dos anos de trabalho com o nosso munic\u00edpio\u201d, observa.<\/p>\n<p>A secret\u00e1ria municipal de Educa\u00e7\u00e3o de Salto Veloso, Ariane Spanholi Vigolo, participou da forma\u00e7\u00e3o de gestores. \u201c\u00c9 muito gratificante trazer a nossa equipe para essa forma\u00e7\u00e3o e participar das atividades. O resultado \u00e9 muito bom.\u201d Ela destacou a import\u00e2ncia da troca de experi\u00eancias e olhares entre os munic\u00edpios. \u201cPor mais que os munic\u00edpios sejam vizinhos e usem os mesmos materiais did\u00e1ticos, eles t\u00eam seus pr\u00f3prios olhares e aspectos culturais locais. Aqui, fazemos uma troca desses valores e formamos uma cultura educacional regional.\u201d<\/p>\n<p>Ariane observa que, em 2019, um dos grandes desafios em Salto Veloso \u00e9 fortalecer o trabalho com as novas tecnologias, com projetos que fortale\u00e7am seu uso em favor da educa\u00e7\u00e3o. \u201cE n\u00f3s contamos com o apoio da Editora Opet nesse trabalho.\u201d<\/p>\n<p><img decoding=\"async\" loading=\"lazy\" class=\"size-full wp-image-123 aligncenter\" src=\"http:\/\/www.editoraopet.com.br\/blog_opet\/wp-content\/uploads\/2019\/02\/51138575_416867039051851_1448771255820877824_n.jpg\" alt=\"\" width=\"1280\" height=\"960\" srcset=\"https:\/\/editoraopet.com.br\/blog_opet\/wp-content\/uploads\/2019\/02\/51138575_416867039051851_1448771255820877824_n.jpg 1200w, https:\/\/editoraopet.com.br\/blog_opet\/wp-content\/uploads\/2019\/02\/51138575_416867039051851_1448771255820877824_n-300x225.jpg 300w, https:\/\/editoraopet.com.br\/blog_opet\/wp-content\/uploads\/2019\/02\/51138575_416867039051851_1448771255820877824_n-768x576.jpg 768w, https:\/\/editoraopet.com.br\/blog_opet\/wp-content\/uploads\/2019\/02\/51138575_416867039051851_1448771255820877824_n-1024x768.jpg 1024w\" sizes=\"(max-width: 709px) 85vw, (max-width: 909px) 67vw, (max-width: 1362px) 62vw, 840px\" \/><\/p>\n<p><strong>Bra\u00e7os abertos \u2013 <\/strong>A secret\u00e1ria municipal de Educa\u00e7\u00e3o de Treze T\u00edlias, Mari Piaia, se disse muito feliz em acolher os participantes da forma\u00e7\u00e3o regional. \u201cRecebemos todos de bra\u00e7os abertos, com muito carinho. \u00c9 muito bom ter as equipes dos munic\u00edpios e do Sefe conosco.\u201d Ela avalia a parceria com a Editora Opet, que existe desde 2017, como excelente. \u201cOs familiares das crian\u00e7as da Educa\u00e7\u00e3o Infantil, que atendemos com os materiais Sefe, acolheram muito bem o trabalho e se aproximaram da escola. Isso \u00e9 muito importante para o desenvolvimento da educa\u00e7\u00e3o.\u201d<\/p>\n<p>A coordenadora pedag\u00f3gica da secretaria municipal de Educa\u00e7\u00e3o de Macieira, Cristiane Turmina, avaliou a forma\u00e7\u00e3o como excelente. \u201cComo em todas as forma\u00e7\u00f5es regionais de que participamos, a qualidade \u00e9 muito boa. S\u00f3 posso dizer que temos uma grande parceria com a Editora Opet.\u201d Segundo Cristiane, entre os desafios da educa\u00e7\u00e3o de Macieira neste ano est\u00e1 o fortalecimento do IDEB.<\/p>\n<p><strong>Editora Opet \u2013 <\/strong>Em Santa Catarina, a Editora Opet est\u00e1 presente no dia a dia da educa\u00e7\u00e3o de dez munic\u00edpios, levando materiais did\u00e1ticos e paradid\u00e1ticos, implanta\u00e7\u00f5es, forma\u00e7\u00f5es e assessoramento pedag\u00f3gico.<\/p>\n","protected":false},"excerpt":{"rendered":"<p>Um grupo de 350 profissionais de educa\u00e7\u00e3o, entre professores, diretores, coordenadores pedag\u00f3gicos, secret\u00e1rios e equipes das secretarias municipais, participaram nessa quinta e sexta-feira (31 e 01\u00ba), em Treze T\u00edlias, da primeira forma\u00e7\u00e3o pedag\u00f3gica regional do ano em Santa Catarina. O trabalho envolveu as equipes de Treze T\u00edlias, Arroio Trinta, Salto Veloso e Macieira, e foi [&hellip;]<\/p>\n","protected":false},"author":1,"featured_media":118,"comment_status":"open","ping_status":"closed","sticky":false,"template":"","format":"standard","meta":[],"categories":[2,3],"tags":[14,16,43,52,17],"_links":{"self":[{"href":"https:\/\/editoraopet.com.br\/blog_opet\/wp-json\/wp\/v2\/posts\/116"}],"collection":[{"href":"https:\/\/editoraopet.com.br\/blog_opet\/wp-json\/wp\/v2\/posts"}],"about":[{"href":"https:\/\/editoraopet.com.br\/blog_opet\/wp-json\/wp\/v2\/types\/post"}],"author":[{"embeddable":true,"href":"https:\/\/editoraopet.com.br\/blog_opet\/wp-json\/wp\/v2\/users\/1"}],"replies":[{"embeddable":true,"href":"https:\/\/editoraopet.com.br\/blog_opet\/wp-json\/wp\/v2\/comments?post=116"}],"version-history":[{"count":3,"href":"https:\/\/editoraopet.com.br\/blog_opet\/wp-json\/wp\/v2\/posts\/116\/revisions"}],"predecessor-version":[{"id":124,"href":"https:\/\/editoraopet.com.br\/blog_opet\/wp-json\/wp\/v2\/posts\/116\/revisions\/124"}],"wp:featuredmedia":[{"embeddable":true,"href":"https:\/\/editoraopet.com.br\/blog_opet\/wp-json\/wp\/v2\/media\/118"}],"wp:attachment":[{"href":"https:\/\/editoraopet.com.br\/blog_opet\/wp-json\/wp\/v2\/media?parent=116"}],"wp:term":[{"taxonomy":"category","embeddable":true,"href":"https:\/\/editoraopet.com.br\/blog_opet\/wp-json\/wp\/v2\/categories?post=116"},{"taxonomy":"post_tag","embeddable":true,"href":"https:\/\/editoraopet.com.br\/blog_opet\/wp-json\/wp\/v2\/tags?post=116"}],"curies":[{"name":"wp","href":"https:\/\/api.w.org\/{rel}","templated":true}]}}