{"id":1168,"date":"2021-02-04T17:01:00","date_gmt":"2021-02-04T20:01:00","guid":{"rendered":"http:\/\/www.editoraopet.com.br\/blog_opet\/?p=1168"},"modified":"2021-02-05T11:40:58","modified_gmt":"2021-02-05T14:40:58","slug":"1168-2","status":"publish","type":"post","link":"https:\/\/editoraopet.com.br\/blog_opet\/1168-2\/","title":{"rendered":"Ideb: homenagem aos munic\u00edpios do Mato Grosso"},"content":{"rendered":"<p><img decoding=\"async\" loading=\"lazy\" class=\"alignnone size-full wp-image-1173\" src=\"http:\/\/www.editoraopet.com.br\/blog_opet\/wp-content\/uploads\/2021\/02\/MT04.jpg\" alt=\"\" width=\"800\" height=\"450\" srcset=\"https:\/\/editoraopet.com.br\/blog_opet\/wp-content\/uploads\/2021\/02\/MT04.jpg 800w, https:\/\/editoraopet.com.br\/blog_opet\/wp-content\/uploads\/2021\/02\/MT04-300x169.jpg 300w, https:\/\/editoraopet.com.br\/blog_opet\/wp-content\/uploads\/2021\/02\/MT04-768x432.jpg 768w\" sizes=\"(max-width: 709px) 85vw, (max-width: 909px) 67vw, (max-width: 984px) 61vw, (max-width: 1362px) 45vw, 600px\" \/><\/p>\n<p><strong>Ao longo dos anos, os munic\u00edpios parceiros da Editora Opet v\u00eam se destacando em rela\u00e7\u00e3o \u00e0 qualidade da educa\u00e7\u00e3o. Um avan\u00e7o que \u00e9 percept\u00edvel na evolu\u00e7\u00e3o do trabalho pedag\u00f3gico, na aproxima\u00e7\u00e3o das fam\u00edlias em rela\u00e7\u00e3o \u00e0 escola, na melhoria do aprendizado e mesmo na redu\u00e7\u00e3o das desigualdades sociais e econ\u00f4micas das comunidades. Esse avan\u00e7o tamb\u00e9m se espelha nas ferramentas de avalia\u00e7\u00e3o da pr\u00f3pria educa\u00e7\u00e3o como o Ideb, o \u00cdndice de Desenvolvimento da Educa\u00e7\u00e3o B\u00e1sica. <\/strong><\/p>\n<p>\u00c9 o caso, por exemplo, de tr\u00eas munic\u00edpios parceiros antigos da Editora Opet em <strong>Mato Grosso<\/strong>: <strong>Alto Taquari<\/strong>, <strong>Alto Araguaia<\/strong> e <strong>Campo Verde<\/strong>. Em todos eles, houve um aumento significativo do Ideb em 2019 em rela\u00e7\u00e3o \u00e0 avalia\u00e7\u00e3o anterior, de 2017.<\/p>\n<p>Em <strong>Alto Taquari<\/strong>, o Ideb verificado para a 4\u00aa s\u00e9rie\/5\u00ba ano <strong>saltou de 5.7 para 6.3, um aumento de 10,52%<\/strong> &#8211; bem acima da meta projetada pelo Inep para 2019, que era de 5.4. Desde 2007, quando come\u00e7ou a avalia\u00e7\u00e3o, o avan\u00e7o do Ideb no munic\u00edpio para esse segmento foi de <strong>85,29%<\/strong> (de 3.4 para 6.3)!<\/p>\n<p>Em <strong>Alto Araguaia<\/strong>, o avan\u00e7o no per\u00edodo 2017-2019 foi de <strong>4,76%<\/strong>, com o Ideb para a 4\u00aa s\u00e9rie\/5\u00ba ano passando de 6.3 para 6.6 &#8211; significativamente acima da meta projetada para 2019, que era de 5.1. Desde 2007, o Ideb cresceu incr\u00edveis <strong>112,90% <\/strong>(de 3.1 para 6.6).<\/p>\n<p>E em <strong>Campo Verde<\/strong>, o crescimento no per\u00edodo tamb\u00e9m foi de 4,76%, com o Ideb chegando a <strong>6.6<\/strong> para a 4\u00aa s\u00e9rie\/5\u00ba ano (a meta projetada para 2019 era de 6.2). Em 12 anos, entre 2007 e 2019, o avan\u00e7o chegou a <strong>53,48% <\/strong>(de 4.3 para 6.3).<\/p>\n<p><strong>Vale observar que os tr\u00eas munic\u00edpios j\u00e1 superaram as metas projetada pelo Inep para este ano, quando ocorre uma nova avalia\u00e7\u00e3o.<\/strong><\/p>\n<p>Para celebrar os bons resultados, a Editora esteve nos tr\u00eas munic\u00edpios para a entrega de placas comemorativas e de homenagem aos gestores municipais. Elas foram entregues pelo representante comercial da Editora para o segmento p\u00fablico na regi\u00e3o, <strong>Gilberto Muniz Pereira<\/strong>.<\/p>\n<figure id=\"attachment_1174\" aria-describedby=\"caption-attachment-1174\" style=\"width: 840px\" class=\"wp-caption alignnone\"><img decoding=\"async\" loading=\"lazy\" class=\"wp-image-1174 size-large\" src=\"http:\/\/www.editoraopet.com.br\/blog_opet\/wp-content\/uploads\/2021\/02\/abilene-1024x768.jpg\" alt=\"\" width=\"840\" height=\"630\" srcset=\"https:\/\/editoraopet.com.br\/blog_opet\/wp-content\/uploads\/2021\/02\/abilene-1024x768.jpg 1024w, https:\/\/editoraopet.com.br\/blog_opet\/wp-content\/uploads\/2021\/02\/abilene-300x225.jpg 300w, https:\/\/editoraopet.com.br\/blog_opet\/wp-content\/uploads\/2021\/02\/abilene-768x576.jpg 768w, https:\/\/editoraopet.com.br\/blog_opet\/wp-content\/uploads\/2021\/02\/abilene.jpg 1152w\" sizes=\"(max-width: 709px) 85vw, (max-width: 909px) 67vw, (max-width: 1362px) 62vw, 840px\" \/><figcaption id=\"caption-attachment-1174\" class=\"wp-caption-text\">Entrega da placa de homenagem em Alto Araguaia \u00e0 secret\u00e1ria Abilene Queiroz.<\/figcaption><\/figure>\n<p><em>\u201cEssas placas s\u00e3o o reconhecimento de um trabalho muito importante dos nossos parceiros. E n\u00f3s estamos juntos sempre, no fornecimento dos materiais did\u00e1ticos e ferramentas tecnol\u00f3gicas, nas forma\u00e7\u00f5es pedag\u00f3gicas e no acompanhamento permanente do trabalho\u201d, <\/em>observa Gilberto. Ele destaca a import\u00e2ncia das inova\u00e7\u00f5es apresentadas pela Editora ao longo do ano passado \u2013 em especial, na \u00e1rea de tecnologia educacional -, que garantiram tranquilidade para o trabalho durante as aulas remotas.<\/p>\n<figure id=\"attachment_1175\" aria-describedby=\"caption-attachment-1175\" style=\"width: 800px\" class=\"wp-caption alignnone\"><img decoding=\"async\" loading=\"lazy\" class=\"wp-image-1175 size-full\" src=\"http:\/\/www.editoraopet.com.br\/blog_opet\/wp-content\/uploads\/2021\/02\/MT01.jpg\" alt=\"\" width=\"800\" height=\"534\" srcset=\"https:\/\/editoraopet.com.br\/blog_opet\/wp-content\/uploads\/2021\/02\/MT01.jpg 800w, https:\/\/editoraopet.com.br\/blog_opet\/wp-content\/uploads\/2021\/02\/MT01-300x200.jpg 300w, https:\/\/editoraopet.com.br\/blog_opet\/wp-content\/uploads\/2021\/02\/MT01-768x513.jpg 768w\" sizes=\"(max-width: 709px) 85vw, (max-width: 909px) 67vw, (max-width: 984px) 61vw, (max-width: 1362px) 45vw, 600px\" \/><figcaption id=\"caption-attachment-1175\" class=\"wp-caption-text\">Em Alto Taquari, a placa foi recebida pela secrte\u00e1ria municipal de Educa\u00e7\u00e3o, Fernanda Nogaroto Tonsis, e pela coordenadora do Ensino Fundamental, Rosangela Carvalho de Oliveira Santos.<\/figcaption><\/figure>\n<p><strong>Avan\u00e7ar mais &#8211; <\/strong>A secret\u00e1ria municipal de Educa\u00e7\u00e3o de Campo Verde, professora e mestre em Ensino pelo Instituto Federal de Mato Grosso (IFMT) <strong>Simoni Pereira Borges<\/strong>, avalia o crescimento do IDEB de seu munic\u00edpio a partir de uma perspectiva ampla, buscando avan\u00e7ar mais e de forma mais intensa.<\/p>\n<figure id=\"attachment_1176\" aria-describedby=\"caption-attachment-1176\" style=\"width: 800px\" class=\"wp-caption alignnone\"><img decoding=\"async\" loading=\"lazy\" class=\"wp-image-1176 size-full\" src=\"http:\/\/www.editoraopet.com.br\/blog_opet\/wp-content\/uploads\/2021\/02\/MT02.jpg\" alt=\"\" width=\"800\" height=\"534\" srcset=\"https:\/\/editoraopet.com.br\/blog_opet\/wp-content\/uploads\/2021\/02\/MT02.jpg 800w, https:\/\/editoraopet.com.br\/blog_opet\/wp-content\/uploads\/2021\/02\/MT02-300x200.jpg 300w, https:\/\/editoraopet.com.br\/blog_opet\/wp-content\/uploads\/2021\/02\/MT02-768x513.jpg 768w\" sizes=\"(max-width: 709px) 85vw, (max-width: 909px) 67vw, (max-width: 984px) 61vw, (max-width: 1362px) 45vw, 600px\" \/><figcaption id=\"caption-attachment-1176\" class=\"wp-caption-text\">Secret\u00e1ria Municipal de Educa\u00e7\u00e3o de Campo Verde, Simoni Pereira Borges.<\/figcaption><\/figure>\n<p><em>\u201cPrecisamos continuar trabalhando arduamente para transformar esses dados de forma mais expressiva., <\/em>observa. Ela destaca as dificuldades vividas nos \u00faltimos tempos pela educa\u00e7\u00e3o. <em>\u201cNosso desafio \u00e9 compreender esse processo e tra\u00e7ar um planejamento de trabalho que possibilite os menores impactos poss\u00edveis para a aprendizagem e, consequentemente, para a avalia\u00e7\u00e3o.\u201d<\/em><\/p>\n<p>Simoni destaca o valor da parceria com a Editora Opet por meio do selo educacional Sefe. <em>\u201c\u00c9 preciso agradecer e reconhecer os parceiros que se disponibilizaram a contribuir, como o Sefe, que esteve em Campo Verde nos \u00faltimos quatro anos tra\u00e7ando estrat\u00e9gias que visam contribuir com aprendizagens significativas e bons resultados avaliativos. \u201d<\/em><\/p>\n","protected":false},"excerpt":{"rendered":"<p>Ao longo dos anos, os munic\u00edpios parceiros da Editora Opet v\u00eam se destacando em rela\u00e7\u00e3o \u00e0 qualidade da educa\u00e7\u00e3o. Um avan\u00e7o que \u00e9 percept\u00edvel na evolu\u00e7\u00e3o do trabalho pedag\u00f3gico, na aproxima\u00e7\u00e3o das fam\u00edlias em rela\u00e7\u00e3o \u00e0 escola, na melhoria do aprendizado e mesmo na redu\u00e7\u00e3o das desigualdades sociais e econ\u00f4micas das comunidades. Esse avan\u00e7o tamb\u00e9m [&hellip;]<\/p>\n","protected":false},"author":4,"featured_media":0,"comment_status":"closed","ping_status":"closed","sticky":false,"template":"","format":"standard","meta":[],"categories":[3,1],"tags":[],"_links":{"self":[{"href":"https:\/\/editoraopet.com.br\/blog_opet\/wp-json\/wp\/v2\/posts\/1168"}],"collection":[{"href":"https:\/\/editoraopet.com.br\/blog_opet\/wp-json\/wp\/v2\/posts"}],"about":[{"href":"https:\/\/editoraopet.com.br\/blog_opet\/wp-json\/wp\/v2\/types\/post"}],"author":[{"embeddable":true,"href":"https:\/\/editoraopet.com.br\/blog_opet\/wp-json\/wp\/v2\/users\/4"}],"replies":[{"embeddable":true,"href":"https:\/\/editoraopet.com.br\/blog_opet\/wp-json\/wp\/v2\/comments?post=1168"}],"version-history":[{"count":11,"href":"https:\/\/editoraopet.com.br\/blog_opet\/wp-json\/wp\/v2\/posts\/1168\/revisions"}],"predecessor-version":[{"id":1183,"href":"https:\/\/editoraopet.com.br\/blog_opet\/wp-json\/wp\/v2\/posts\/1168\/revisions\/1183"}],"wp:attachment":[{"href":"https:\/\/editoraopet.com.br\/blog_opet\/wp-json\/wp\/v2\/media?parent=1168"}],"wp:term":[{"taxonomy":"category","embeddable":true,"href":"https:\/\/editoraopet.com.br\/blog_opet\/wp-json\/wp\/v2\/categories?post=1168"},{"taxonomy":"post_tag","embeddable":true,"href":"https:\/\/editoraopet.com.br\/blog_opet\/wp-json\/wp\/v2\/tags?post=1168"}],"curies":[{"name":"wp","href":"https:\/\/api.w.org\/{rel}","templated":true}]}}