{"id":1540,"date":"2021-06-21T11:31:32","date_gmt":"2021-06-21T14:31:32","guid":{"rendered":"http:\/\/www.editoraopet.com.br\/blog_opet\/?p=1540"},"modified":"2021-06-25T10:50:33","modified_gmt":"2021-06-25T13:50:33","slug":"arraia-na-tela-escolas-comemoram-as-festas-juninas-com-ferramentas-digitais","status":"publish","type":"post","link":"https:\/\/editoraopet.com.br\/blog_opet\/arraia-na-tela-escolas-comemoram-as-festas-juninas-com-ferramentas-digitais\/","title":{"rendered":"Arrai\u00e1 na tela! Escolas comemoram as festas juninas com ferramentas digitais"},"content":{"rendered":"<p>Voc\u00ea pode at\u00e9 nem ser devoto de <strong>Santo Ant\u00f4nio<\/strong>, <strong>S\u00e3o Pedro <\/strong>ou <strong>S\u00e3o Jo\u00e3o<\/strong>. Mas, mesmo assim, \u00e9 bem prov\u00e1vel que se divirta com as <strong>festas juninas<\/strong>, que est\u00e3o entre as comemora\u00e7\u00f5es mais queridas dos brasileiros. Pudera: ao somar elementos das culturas <strong>ind\u00edgena<\/strong>, <strong>africana<\/strong> e <strong>europeia<\/strong>, elas fazem uma s\u00edntese do que \u00e9 a pr\u00f3pria <strong>cultura brasileira<\/strong> &#8211; na decora\u00e7\u00e3o, nas m\u00fasicas e dan\u00e7as, na alimenta\u00e7\u00e3o e nas brincadeiras.<\/p>\n<p>Uma festa como essa, \u00e9 claro, tem um <strong>enorme valor para a educa\u00e7\u00e3o<\/strong>, e faz parte do calend\u00e1rio da maioria das escolas do pa\u00eds. Ela serve, inclusive, para aproximar as fam\u00edlias da institui\u00e7\u00e3o de ensino e fortalecer a ideia de comunidade escolar. Desde o ano passado, por\u00e9m, toda essa programa\u00e7\u00e3o foi seriamente afetada pela pandemia da Covid-19, que impediu a realiza\u00e7\u00e3o de eventos presenciais que possam causar aglomera\u00e7\u00e3o.<\/p>\n<p>As escolas, por\u00e9m, n\u00e3o desistiram da comemora\u00e7\u00e3o. Com criatividade, seguran\u00e7a, planejamento e apoio das fam\u00edlias e das ferramentas digitais \u2013 no caso das escolas parceiras da Editora Opet, o <strong>Google Workspace for Education<\/strong> e a plataforma educacional <strong>Opet INspira<\/strong> \u2013, elas reinventaram a festa no universo virtual.<\/p>\n<p><strong>Valoriza\u00e7\u00e3o da cultura regional \u2013<\/strong> <strong>Danielle Nazareno Santos Bastos Meireles<\/strong> \u00e9 coordenadora pedag\u00f3gica (Educa\u00e7\u00e3o Infantil ao 3\u00ba ano do Ensino Fundamental I) do <strong>Centro Educacional Gabriela<\/strong>, parceiro <strong>Opet Solu\u00e7\u00f5es Educacionais<\/strong> em Salvador (BA). Para ela, as festas juninas, para al\u00e9m do aspecto l\u00fadico, t\u00eam o papel de valorizar a cultura regional. <em>\u201cAs crian\u00e7as passam a conhecer ou a compreender melhor o contexto em que est\u00e3o inseridas. A valoriza\u00e7\u00e3o do Nordeste existe e pode ser evidenciada com os eventos juninos atrelados a Educa\u00e7\u00e3o\u201d<\/em>, observa.<\/p>\n<figure id=\"attachment_1541\" aria-describedby=\"caption-attachment-1541\" style=\"width: 800px\" class=\"wp-caption alignnone\"><img decoding=\"async\" loading=\"lazy\" class=\"wp-image-1541 size-full\" src=\"http:\/\/www.editoraopet.com.br\/blog_opet\/wp-content\/uploads\/2021\/06\/junina_selec_01.jpg\" alt=\"\" width=\"800\" height=\"402\" srcset=\"https:\/\/editoraopet.com.br\/blog_opet\/wp-content\/uploads\/2021\/06\/junina_selec_01.jpg 800w, https:\/\/editoraopet.com.br\/blog_opet\/wp-content\/uploads\/2021\/06\/junina_selec_01-300x151.jpg 300w, https:\/\/editoraopet.com.br\/blog_opet\/wp-content\/uploads\/2021\/06\/junina_selec_01-768x386.jpg 768w\" sizes=\"(max-width: 709px) 85vw, (max-width: 909px) 67vw, (max-width: 984px) 61vw, (max-width: 1362px) 45vw, 600px\" \/><figcaption id=\"caption-attachment-1541\" class=\"wp-caption-text\">Imagens da festa junina de 2021 do Centro Educacional Gabriela. Valoriza\u00e7\u00e3o da cultura regional e participa\u00e7\u00e3o massiva dos estudantes e suas fam\u00edlias. Cr\u00e9dito: Centro Educacional Gabriela.<\/figcaption><\/figure>\n<p>Em sua institui\u00e7\u00e3o de ensino, a festa aconteceu na \u00faltima sexta-feira, dia 18, e foi feita remotamente, com apoio das ferramentas digitais \u2013 mais exatamente do <a href=\"https:\/\/www.editoraopet.com.br\/blog_opet\/educacao-digital-parceiros-opet-ja-acessaram-o-google-meet-mais-de-um-milhao-de-vezes\/\"><strong>Google Meet<\/strong><\/a>, oferecido dentro da parceria com a Editora Opet. <em>\u201cO Meet tem grande import\u00e2ncia!<\/em> <em>Com ele e com outras ferramentas, podemos aproximar as fam\u00edlias da escola, mesmo que virtualmente. Isso nos permitiu v\u00ea-las, ouvi-las e nos divertirmos juntos, ainda que distantes fisicamente\u201d, <\/em>avalia Danielle.<\/p>\n<figure id=\"attachment_1542\" aria-describedby=\"caption-attachment-1542\" style=\"width: 800px\" class=\"wp-caption alignnone\"><img decoding=\"async\" loading=\"lazy\" class=\"wp-image-1542 size-full\" src=\"http:\/\/www.editoraopet.com.br\/blog_opet\/wp-content\/uploads\/2021\/06\/junina_selec_02.jpg\" alt=\"\" width=\"800\" height=\"403\" srcset=\"https:\/\/editoraopet.com.br\/blog_opet\/wp-content\/uploads\/2021\/06\/junina_selec_02.jpg 800w, https:\/\/editoraopet.com.br\/blog_opet\/wp-content\/uploads\/2021\/06\/junina_selec_02-300x151.jpg 300w, https:\/\/editoraopet.com.br\/blog_opet\/wp-content\/uploads\/2021\/06\/junina_selec_02-768x387.jpg 768w\" sizes=\"(max-width: 709px) 85vw, (max-width: 909px) 67vw, (max-width: 984px) 61vw, (max-width: 1362px) 45vw, 600px\" \/><figcaption id=\"caption-attachment-1542\" class=\"wp-caption-text\">Imagens da festa junina de 2021 do Centro Educacional Gabriela. Fam\u00edlias desempenharam um papel importante para o sucesso da festa. Cr\u00e9dito: Centro Educacional Gabriela.<\/figcaption><\/figure>\n<p><em>\u201cNosso planejamento teve como foco principal promover um momento de partilha trazendo alegria \u2013 num tempo t\u00e3o dif\u00edcil \u2013 por meio da m\u00fasica, das brincadeiras e da culin\u00e1ria nordestina, resgatando a cultura compartilhada entre educadores e alunos\u201d<\/em>, conta ela. E as fam\u00edlias tiveram um papel-chave na comemora\u00e7\u00e3o. <em>\u201cElas foram convidadas e participaram dan\u00e7ando com seus filhos, degustando alimentos t\u00edpicos juninos que sugerimos que preparassem juntos e brincando na gincana junina que promovemos.\u201d <\/em><\/p>\n<p><strong>Plenitude \u2013 <\/strong>As festas juninas est\u00e3o entre as comemora\u00e7\u00f5es mais importantes do <strong>Rio Grande do Norte<\/strong>, onde, tradicionalmente, elas duram os trinta dias do m\u00eas! E as escolas n\u00e3o abrem m\u00e3o de celebrar. Parceiro Opet, o <strong>Plenitude Complexo Educacional<\/strong> \u00e9 uma das escolas privadas mais tradicionais de <strong>Angicos<\/strong>, na regi\u00e3o central do Estado. L\u00e1, o \u201cArrai\u00e1 Virtual\u201d aconteceu no \u00faltimo s\u00e1bado, dia 19.<\/p>\n<p>A diretora do col\u00e9gio, <strong>Rosicleide Melo<\/strong>, conta que, neste momento, todo o Estado sofre com um elevado \u00edndice de contamina\u00e7\u00e3o pela Covid-19, o que levou as escolas do munic\u00edpio de Angicos a suspenderem as atividades presenciais h\u00e1 mais de um m\u00eas. Diante disso, a festa junina de 2021 foi inteiramente planejada para o cen\u00e1rio virtual.<\/p>\n<figure id=\"attachment_1543\" aria-describedby=\"caption-attachment-1543\" style=\"width: 800px\" class=\"wp-caption alignnone\"><img decoding=\"async\" loading=\"lazy\" class=\"wp-image-1543 size-full\" src=\"http:\/\/www.editoraopet.com.br\/blog_opet\/wp-content\/uploads\/2021\/06\/cleide_plenitude_selec.jpg\" alt=\"\" width=\"800\" height=\"480\" srcset=\"https:\/\/editoraopet.com.br\/blog_opet\/wp-content\/uploads\/2021\/06\/cleide_plenitude_selec.jpg 800w, https:\/\/editoraopet.com.br\/blog_opet\/wp-content\/uploads\/2021\/06\/cleide_plenitude_selec-300x180.jpg 300w, https:\/\/editoraopet.com.br\/blog_opet\/wp-content\/uploads\/2021\/06\/cleide_plenitude_selec-768x461.jpg 768w\" sizes=\"(max-width: 709px) 85vw, (max-width: 909px) 67vw, (max-width: 984px) 61vw, (max-width: 1362px) 45vw, 600px\" \/><figcaption id=\"caption-attachment-1543\" class=\"wp-caption-text\">A diretora Rosicleide Melo e os quitutes da festa. &#8220;A cultura junina \u00e9 brilhante&#8221;, diz ela. Cr\u00e9dito: Plenitude Complexo Educacional.<\/figcaption><\/figure>\n<p><em>\u201cQuisemos levar alegria \u00e0s fam\u00edlias que curtem essa cultura brilhante que \u00e9 a cultura junina\u201d, <\/em>explica Rosicleide<em>. \u201cPromovemos uma manh\u00e3 com muitas comidas t\u00edpicas, enfeites juninos, brincadeiras como pescaria, adivinha\u00e7\u00f5es, uma gincana junina&#8230; e n\u00e3o faltaram os trajes matutos para a tradicional quadrilha. Mas, cada um na sua casa!<\/em>\u201d.<img decoding=\"async\" loading=\"lazy\" class=\"aligncenter wp-image-1548 \" src=\"http:\/\/www.editoraopet.com.br\/blog_opet\/wp-content\/uploads\/2021\/06\/cleide_selec01.jpg\" alt=\"\" width=\"481\" height=\"481\" srcset=\"https:\/\/editoraopet.com.br\/blog_opet\/wp-content\/uploads\/2021\/06\/cleide_selec01.jpg 800w, https:\/\/editoraopet.com.br\/blog_opet\/wp-content\/uploads\/2021\/06\/cleide_selec01-300x300.jpg 300w, https:\/\/editoraopet.com.br\/blog_opet\/wp-content\/uploads\/2021\/06\/cleide_selec01-150x150.jpg 150w, https:\/\/editoraopet.com.br\/blog_opet\/wp-content\/uploads\/2021\/06\/cleide_selec01-768x768.jpg 768w\" sizes=\"(max-width: 481px) 85vw, 481px\" \/><\/p>\n<figure id=\"attachment_1549\" aria-describedby=\"caption-attachment-1549\" style=\"width: 524px\" class=\"wp-caption aligncenter\"><img decoding=\"async\" loading=\"lazy\" class=\"wp-image-1549 \" src=\"http:\/\/www.editoraopet.com.br\/blog_opet\/wp-content\/uploads\/2021\/06\/cleide_selec02.jpg\" alt=\"\" width=\"524\" height=\"393\" srcset=\"https:\/\/editoraopet.com.br\/blog_opet\/wp-content\/uploads\/2021\/06\/cleide_selec02.jpg 800w, https:\/\/editoraopet.com.br\/blog_opet\/wp-content\/uploads\/2021\/06\/cleide_selec02-300x225.jpg 300w, https:\/\/editoraopet.com.br\/blog_opet\/wp-content\/uploads\/2021\/06\/cleide_selec02-768x576.jpg 768w\" sizes=\"(max-width: 524px) 85vw, 524px\" \/><figcaption id=\"caption-attachment-1549\" class=\"wp-caption-text\">Imagens da festa virtual do Plenitude em Angicos. Todo mundo se divertiu muito! Cr\u00e9dito: Plenitude Complexo Educacional.<\/figcaption><\/figure>\n<p>Nesse processo, destaca, as ferramentas digitais s\u00e3o aliadas importantes. N\u00e3o s\u00f3 da festa, mas dos planejamentos, eventos e reuni\u00f5es com familiares \u2013 em 2021, todos os eventos foram realizados digitalmente.<\/p>\n<p>Rosicleide defende o valor das festas juninas para a integra\u00e7\u00e3o escolar e para a gera\u00e7\u00e3o de compet\u00eancias entre as crian\u00e7as e os estudantes. <em>\u201cOs festejos juninos mant\u00eam essa chama acesa do povo nordestino. Al\u00e9m disso, \u00e9 uma alegria imensa para a comunidade escolar vivenciar esse per\u00edodo.\u201d <\/em><\/p>\n<p>As fam\u00edlias, \u00e9 claro, participam com muita anima\u00e7\u00e3o. <em>\u201cChega o m\u00eas de junho e logo querem saber como vai ser a festa, para festejar com capricho\u201d<\/em>, conta a diretora.\u00a0 <em>\u201cElas se empolgam e, junto aos filhos, participam das atividades e brincadeiras propostas pelos professores. N\u00e3o tem como ficar parado ao som da sanfona do tri\u00e2ngulo e da zabumba!\u201d<\/em>, ri.<\/p>\n<p><strong>Conectados na festa &#8211; <\/strong>No <strong>Col\u00e9gio Dom H\u00e9lder C\u00e2mara<\/strong>, parceiro Opet em <strong>Afogados da Ingazeira<\/strong>, no sert\u00e3o de Pernambuco, a festa remota acontece na sexta-feira, dia 25, e vai envolver os estudantes dos Anos Iniciais do Ensino Fundamental. <em>\u201cHav\u00edamos planejado um arraial diferenciado, uma vez que est\u00e1vamos com atendimento presencial\u201d<\/em>, conta <strong>Dilma da Silva Queir\u00f3s<\/strong>, da equipe de coordena\u00e7\u00e3o pedag\u00f3gica.<\/p>\n<p><em>\u201cSeria um \u2018Abra\u00e7o \u00e0s F\u00e9rias\u2019 junino, com brincadeiras, comidas t\u00edpicas e apresenta\u00e7\u00f5es. Mas, os n\u00fameros da Covid-19 aumentaram e, mais uma vez, fomos obrigados a ir para o atendimento remoto. Uma das medidas, inclusive, foi antecipar as f\u00e9rias da Educa\u00e7\u00e3o Infantil.\u201d<\/em><\/p>\n<p>Diante disso, a solu\u00e7\u00e3o foi transferir a festa para o ambiente virtual e para as casas dos estudantes, tudo conectado pelo <strong>Google Meet<\/strong>. <em>\u201cNossos professores far\u00e3o um ambiente diferenciado, com gamifica\u00e7\u00e3o das brincadeiras juninas, como pescaria, barraca do beijo, etc.\u201d<\/em>, explica Dilma. A ideia \u00e9 que todos os estudantes se caracterizem e levem o cen\u00e1rio da celebra\u00e7\u00e3o junina para suas casas, compartilhando virtualmente os cen\u00e1rios em uma grande festa. <em>\u201cAs ferramentas digitais s\u00e3o de extrema import\u00e2ncia para o fazer pedag\u00f3gico. E Google Workspace for Education tem feito acontecer!\u201d<\/em>, sintetiza.<\/p>\n<p><strong>ATUALIZA\u00c7\u00c3O: Na sexta-feira, a festa acabou acontecendo em formato h\u00edbrido, uma vez que o governo liberou o retorno seguro e condicionado das atividades presenciais. Confira algumas fotos da festa do Dom H\u00e9lder &#8211; foi muito divertido!<\/strong><\/p>\n<p><img decoding=\"async\" loading=\"lazy\" class=\"alignnone size-full wp-image-1566\" src=\"http:\/\/www.editoraopet.com.br\/blog_opet\/wp-content\/uploads\/2021\/06\/selec_festa.jpg\" alt=\"\" width=\"800\" height=\"600\" srcset=\"https:\/\/editoraopet.com.br\/blog_opet\/wp-content\/uploads\/2021\/06\/selec_festa.jpg 800w, https:\/\/editoraopet.com.br\/blog_opet\/wp-content\/uploads\/2021\/06\/selec_festa-300x225.jpg 300w, https:\/\/editoraopet.com.br\/blog_opet\/wp-content\/uploads\/2021\/06\/selec_festa-768x576.jpg 768w\" sizes=\"(max-width: 709px) 85vw, (max-width: 909px) 67vw, (max-width: 984px) 61vw, (max-width: 1362px) 45vw, 600px\" \/><\/p>\n<p><strong>Avan\u00e7os \u2013 <\/strong>A supervisora regional <strong>Adriana Fialho<\/strong> \u00e9 respons\u00e1vel pelo acompanhamento de v\u00e1rias escolas parceiras da Editora Opet no Nordeste e em outras regi\u00f5es do Brasil. Ela observa que, em 2021, as escolas aproveitaram a experi\u00eancia de 2020, primeiro ano em que as festas juninas foram virtuais, e avan\u00e7aram para celebrar de uma forma ainda melhor.<\/p>\n<p><em>\u201cEu nunca imaginei esse formato at\u00e9 mar\u00e7o de 2020. E, neste ano, as escolas nos surpreenderam com muita criatividade! Os festejos juninos ganham mais for\u00e7a quando interagem com temas como o meio ambiente e tamb\u00e9m quando t\u00eam a participa\u00e7\u00e3o das fam\u00edlias na organiza\u00e7\u00e3o do cen\u00e1rio, no vivenciar o que est\u00e1 sendo constru\u00eddo em sala de aula em casa, com a articula\u00e7\u00e3o com determinadas \u00e1reas do conhecimento\u201d<\/em>, avalia. <em>\u201cMais do que a festa, do que a aproxima\u00e7\u00e3o, \u00e9 fundamental o acolhimento neste momento de pandemia.\u201d <\/em><\/p>\n<p>Adriana tamb\u00e9m destaca o valor dessa festa para o pa\u00eds, especialmente para o Nordeste. <em>\u201cAs festas juninas na Regi\u00e3o Nordeste movimentam n\u00e3o s\u00f3 a economia, mas a alma de um povo que tem o brilho nos olhos ao vivenciar cada festividade junina. Faz parte do nosso ser nordestino\u201d, <\/em>pondera<em>. <\/em><\/p>\n<p>O bom uso das ferramentas digitais nas festas juninas reflete um dom\u00ednio das tecnologias que tamb\u00e9m vem num processo de crescimento. \u201cAs escolas que desde o in\u00edcio da pandemia utilizaram os nossos diferenciais em tecnologias apresentam relatos de crescimento n\u00e3o s\u00f3 em compet\u00eancias e habilidades para todos, mas, principalmente, o reconhecimento de uma escola que n\u00e3o parou, que fez a sua tarefa e personalizou o seu atendimento de acordo com as possibilidades\u201d, avalia Adriana.<\/p>\n","protected":false},"excerpt":{"rendered":"<p>Voc\u00ea pode at\u00e9 nem ser devoto de Santo Ant\u00f4nio, S\u00e3o Pedro ou S\u00e3o Jo\u00e3o. Mas, mesmo assim, \u00e9 bem prov\u00e1vel que se divirta com as festas juninas, que est\u00e3o entre as comemora\u00e7\u00f5es mais queridas dos brasileiros. Pudera: ao somar elementos das culturas ind\u00edgena, africana e europeia, elas fazem uma s\u00edntese do que \u00e9 a pr\u00f3pria [&hellip;]<\/p>\n","protected":false},"author":4,"featured_media":0,"comment_status":"closed","ping_status":"closed","sticky":false,"template":"","format":"standard","meta":[],"categories":[130,4,1,140],"tags":[],"_links":{"self":[{"href":"https:\/\/editoraopet.com.br\/blog_opet\/wp-json\/wp\/v2\/posts\/1540"}],"collection":[{"href":"https:\/\/editoraopet.com.br\/blog_opet\/wp-json\/wp\/v2\/posts"}],"about":[{"href":"https:\/\/editoraopet.com.br\/blog_opet\/wp-json\/wp\/v2\/types\/post"}],"author":[{"embeddable":true,"href":"https:\/\/editoraopet.com.br\/blog_opet\/wp-json\/wp\/v2\/users\/4"}],"replies":[{"embeddable":true,"href":"https:\/\/editoraopet.com.br\/blog_opet\/wp-json\/wp\/v2\/comments?post=1540"}],"version-history":[{"count":8,"href":"https:\/\/editoraopet.com.br\/blog_opet\/wp-json\/wp\/v2\/posts\/1540\/revisions"}],"predecessor-version":[{"id":1567,"href":"https:\/\/editoraopet.com.br\/blog_opet\/wp-json\/wp\/v2\/posts\/1540\/revisions\/1567"}],"wp:attachment":[{"href":"https:\/\/editoraopet.com.br\/blog_opet\/wp-json\/wp\/v2\/media?parent=1540"}],"wp:term":[{"taxonomy":"category","embeddable":true,"href":"https:\/\/editoraopet.com.br\/blog_opet\/wp-json\/wp\/v2\/categories?post=1540"},{"taxonomy":"post_tag","embeddable":true,"href":"https:\/\/editoraopet.com.br\/blog_opet\/wp-json\/wp\/v2\/tags?post=1540"}],"curies":[{"name":"wp","href":"https:\/\/api.w.org\/{rel}","templated":true}]}}