{"id":1813,"date":"2021-08-26T11:10:31","date_gmt":"2021-08-26T14:10:31","guid":{"rendered":"http:\/\/www.editoraopet.com.br\/blog_opet\/?p=1813"},"modified":"2021-09-03T18:00:35","modified_gmt":"2021-09-03T21:00:35","slug":"fortaleza-o-futuro-de-uma-parceria-de-sucesso","status":"publish","type":"post","link":"https:\/\/editoraopet.com.br\/blog_opet\/fortaleza-o-futuro-de-uma-parceria-de-sucesso\/","title":{"rendered":"Fortaleza: o sucesso de uma grande parceria"},"content":{"rendered":"\n<figure class=\"wp-block-image size-large\"><img decoding=\"async\" loading=\"lazy\" width=\"768\" height=\"533\" src=\"https:\/\/www.editoraopet.com.br\/blog_opet\/wp-content\/uploads\/2021\/08\/fortaleza_selec-768x533-1.png\" alt=\"\" class=\"wp-image-1814\" srcset=\"https:\/\/editoraopet.com.br\/blog_opet\/wp-content\/uploads\/2021\/08\/fortaleza_selec-768x533-1.png 768w, https:\/\/editoraopet.com.br\/blog_opet\/wp-content\/uploads\/2021\/08\/fortaleza_selec-768x533-1-300x208.png 300w\" sizes=\"(max-width: 709px) 85vw, (max-width: 909px) 67vw, (max-width: 984px) 61vw, (max-width: 1362px) 45vw, 600px\" \/><\/figure>\n\n\n\n<p><strong>Nos \u00faltimos anos, Fortaleza, munic\u00edpio parceiro da Editora Opet desde 2013, deu um salto de qualidade na educa\u00e7\u00e3o p\u00fablica.<\/strong> Investiu em planejamento, na forma\u00e7\u00e3o continuada dos professores e na alfabetiza\u00e7\u00e3o dos estudantes na idade certa. E alcan\u00e7ou bons resultados: entre 2012 e 2018, o munic\u00edpio <strong>saltou 81 posi\u00e7\u00f5es no ranking cearense de alfabetiza\u00e7\u00e3o<\/strong>. E, entre 2011 e 2019, <strong>cresceu 48% no Ideb<\/strong>, que passou de 4,2 para 6,2 na 4\u00aa s\u00e9rie\/5\u00ba ano e de 3,5 para 5,2 na 8\u00aa s\u00e9rie\/9\u00ba ano. Em rela\u00e7\u00e3o \u00e0 alfabetiza\u00e7\u00e3o na idade certa, o crescimento tamb\u00e9m foi significativo: se, em 2012, pouco mais de 50% das crian\u00e7as conseguiam ler e escrever at\u00e9 os sete anos, em 2019 <strong>este percentual saltou para 94,4%,<\/strong> segundo os dados mais recentes do Sistema de Avalia\u00e7\u00e3o da Educa\u00e7\u00e3o B\u00e1sica, o Saeb. Um dos melhores \u00edndices do Brasil.<\/p>\n<p>Com o selo educacional Sefe, a Editora Opet atende os professores e os estudantes do <strong>2\u00ba ano do Ensino Fundamental (Anos Iniciais)<\/strong>, uma etapa essencial da alfabetiza\u00e7\u00e3o, e da <strong>Educa\u00e7\u00e3o Infantil<\/strong>. A parceria abrange os materiais did\u00e1ticos, as ferramentas educacionais digitais, o assessoramento e o acompanhamento pedag\u00f3gico. E ela ficou ainda mais forte durante a pandemia, com o uso intensivo, pelos professores, estudantes e familiares, dos recursos educacionais digitais oferecidos pela Editora Opet &#8211; a <a href=\"http:\/\/www.editoraopet.com.br\/blog_opet\/plataforma-educacional-opet-inspira-aceleracao-de-acessos-e-muito-mais\/\"><strong>plataforma educacional Opet INspira<\/strong><\/a> (sistema de gest\u00e3o da aprendizagem) e as ferramentas <a href=\"http:\/\/www.editoraopet.com.br\/blog_opet\/google-workspace-as-mudancas-na-plataforma-educacional-do-google\/\"><strong>Google Workspace for Education<\/strong><\/a>. Ambos os sistemas, ali\u00e1s, trabalham integrados, o que torna a educa\u00e7\u00e3o digital ainda mais pr\u00f3xima.<\/p>\n<p><em>\u201cEm Fortaleza, vemos que os professores e os gestores acreditam que a educa\u00e7\u00e3o n\u00e3o pode parar, e este \u00e9 um grande diferencial\u201d<\/em>, avalia <strong>Cliciane \u00c9len Augusto<\/strong>, gerente pedag\u00f3gica da Editora Opet.<\/p>\n<p>Ela esteve na capital cearense recentemente para uma s\u00e9rie de visitas e reuni\u00f5es t\u00e9cnicas presenciais com a equipe da secretaria de Educa\u00e7\u00e3o e, tamb\u00e9m, com o time do escrit\u00f3rio da Editora em Fortaleza. <em>\u201c<\/em><em>O entusiasmo que encontramos aqui nos contagia. Essa sinergia e essa energia v\u00eam de uma gest\u00e3o comprometida com a educa\u00e7\u00e3o. Elas s\u00e3o nossas tamb\u00e9m e funcionam como uma motiva\u00e7\u00e3o constante\u201d<\/em>, acrescenta.<\/p>\n\n\n\n<figure class=\"wp-block-image size-large\"><img decoding=\"async\" loading=\"lazy\" width=\"800\" height=\"511\" src=\"https:\/\/www.editoraopet.com.br\/blog_opet\/wp-content\/uploads\/2021\/08\/fortaleza_01.jpg\" alt=\"\" class=\"wp-image-1815\" srcset=\"https:\/\/editoraopet.com.br\/blog_opet\/wp-content\/uploads\/2021\/08\/fortaleza_01.jpg 800w, https:\/\/editoraopet.com.br\/blog_opet\/wp-content\/uploads\/2021\/08\/fortaleza_01-300x192.jpg 300w, https:\/\/editoraopet.com.br\/blog_opet\/wp-content\/uploads\/2021\/08\/fortaleza_01-768x491.jpg 768w\" sizes=\"(max-width: 709px) 85vw, (max-width: 909px) 67vw, (max-width: 984px) 61vw, (max-width: 1362px) 45vw, 600px\" \/><figcaption>Encontro em Fortaleza: os gestores Osvaldo e Danuta com a gerente pedag\u00f3gica Cliciane e o supervisor regional Glaylson.<\/figcaption><\/figure>\n\n\n\n<p><strong>Aproxima\u00e7\u00e3o &#8211; <\/strong><em>\u201cEssa visita foi importante para acompanhar presencialmente o resultado dos trabalhos desenvolvidos pelo munic\u00edpio dentro da educa\u00e7\u00e3o digital, sobre o acolhimento emocional aos professores e estudantes e, tamb\u00e9m, para conversar sobre os pr\u00f3ximos passos\u201d<\/em>, observa Cliciane. Depois de tr\u00eas semestres de educa\u00e7\u00e3o remota, segundo as informa\u00e7\u00f5es mais recentes divulgadas pela prefeitura, a rede municipal de ensino de Fortaleza deve passar a adotar o modelo de ensino h\u00edbrido <a href=\"https:\/\/www.fortaleza.ce.gov.br\/noticias\/prefeitura-conclui-semana-de-acolhimento-das-familias-de-alunos-da-rede-municipal\"><strong>a partir do dia 08 de setembro<\/strong><\/a>.<\/p>\n<p>Cliciane destaca o contato com os gestores e as conversas sobre o que foi adquirido, em termos de conhecimentos, com o per\u00edodo de ensino remoto. <em>\u201cA professora Danuta Sena, gerente da c\u00e9lula de forma\u00e7\u00e3o de professores, e o professor Osvaldo Negreiros Filho, coordenador do Ensino Fundamental da secretaria, destacaram a import\u00e2ncia da forma\u00e7\u00e3o continuada dos professores de Fortaleza para o desenvolvimento das habilidades virtuais\u201d<\/em>, explica.<\/p>\n<p><em>\u201cE eles t\u00eam todo o nosso apoio. Em primeiro lugar, porque a educa\u00e7\u00e3o virtual oferece muitas formas diferentes de ensinar. E, em segundo lugar, porque mesmo com o futuro retorno das atividades presenciais, os ganhos da educa\u00e7\u00e3o digital v\u00e3o permanecer. O importante \u00e9 extrair o melhor de todos esses recursos para fortalecer o processo de ensino-aprendizagem.\u201d <\/em><\/p>\n<p>O fato \u00e9 que, mesmo que no futuro as aulas online deixem de ocorrer ou sejam reduzidas, h\u00e1 muitos outros processos que seguir\u00e3o no p\u00f3s-pandemia, como as reuni\u00f5es virtuais, as pesquisas e o uso do acervo de objetos de aprendizagem da plataforma educacional Opet INspira.<\/p>\n<p>Segundo Cliciane, com as ferramentas digitais em constante aprimoramento e com a equipe pedag\u00f3gica da Editora avan\u00e7ando cada vez mais em rela\u00e7\u00e3o a novos conhecimentos, a parceria ser\u00e1 aprimorada. <em>\u201cTemos muito a oferecer e, tamb\u00e9m, muito a aprender com o trabalho dos professores e gestores de Fortaleza.\u201d<\/em><\/p>\n<p>O supervisor regional da Editora Opet para o Cear\u00e1, <strong>Glaylson Rodrigues<\/strong>, acompanhou Cliciane nos encontros com os gestores em Fortaleza. Junto com sua equipe, ele \u00e9 o respons\u00e1vel por atender mais diretamente as demandas do munic\u00edpio. <em>\u201cA presen\u00e7a da nossa gerente, a Cliciane, foi importante para aprofundar a discuss\u00e3o das a\u00e7\u00f5es futuras com os gestores de Fortaleza. Isso nos aproxima ainda mais\u201d, <\/em>avalia.<\/p>\n<p>Segundo Glaylson, a parceria entre Fortaleza e a Editora Opet caminha para um modelo de trabalho cada vez personalizado, que \u00e9 como deve ser uma boa parceria educacional. <em>\u201cN\u00f3s estamos em um processo constante de imers\u00e3o na secretaria de Educa\u00e7\u00e3o de Fortaleza, focando suas quest\u00f5es e o atendimento aos professores e aos gestores. Como contrapartida, temos um engajamento cada vez maior de toda a equipe.\u201d <\/em>E, sem d\u00favida, uma educa\u00e7\u00e3o cada vez mais significativa.<\/p>\n","protected":false},"excerpt":{"rendered":"","protected":false},"author":4,"featured_media":1862,"comment_status":"closed","ping_status":"closed","sticky":false,"template":"","format":"standard","meta":[],"categories":[2,130,3,6,1,140],"tags":[7,71],"_links":{"self":[{"href":"https:\/\/editoraopet.com.br\/blog_opet\/wp-json\/wp\/v2\/posts\/1813"}],"collection":[{"href":"https:\/\/editoraopet.com.br\/blog_opet\/wp-json\/wp\/v2\/posts"}],"about":[{"href":"https:\/\/editoraopet.com.br\/blog_opet\/wp-json\/wp\/v2\/types\/post"}],"author":[{"embeddable":true,"href":"https:\/\/editoraopet.com.br\/blog_opet\/wp-json\/wp\/v2\/users\/4"}],"replies":[{"embeddable":true,"href":"https:\/\/editoraopet.com.br\/blog_opet\/wp-json\/wp\/v2\/comments?post=1813"}],"version-history":[{"count":5,"href":"https:\/\/editoraopet.com.br\/blog_opet\/wp-json\/wp\/v2\/posts\/1813\/revisions"}],"predecessor-version":[{"id":1825,"href":"https:\/\/editoraopet.com.br\/blog_opet\/wp-json\/wp\/v2\/posts\/1813\/revisions\/1825"}],"wp:featuredmedia":[{"embeddable":true,"href":"https:\/\/editoraopet.com.br\/blog_opet\/wp-json\/wp\/v2\/media\/1862"}],"wp:attachment":[{"href":"https:\/\/editoraopet.com.br\/blog_opet\/wp-json\/wp\/v2\/media?parent=1813"}],"wp:term":[{"taxonomy":"category","embeddable":true,"href":"https:\/\/editoraopet.com.br\/blog_opet\/wp-json\/wp\/v2\/categories?post=1813"},{"taxonomy":"post_tag","embeddable":true,"href":"https:\/\/editoraopet.com.br\/blog_opet\/wp-json\/wp\/v2\/tags?post=1813"}],"curies":[{"name":"wp","href":"https:\/\/api.w.org\/{rel}","templated":true}]}}