{"id":1830,"date":"2021-08-31T11:39:00","date_gmt":"2021-08-31T14:39:00","guid":{"rendered":"http:\/\/www.editoraopet.com.br\/blog_opet\/?p=1830"},"modified":"2021-09-03T12:20:54","modified_gmt":"2021-09-03T15:20:54","slug":"premio-acao-destaque-entra-em-nova-etapa","status":"publish","type":"post","link":"https:\/\/editoraopet.com.br\/blog_opet\/premio-acao-destaque-entra-em-nova-etapa\/","title":{"rendered":"Pr\u00eamio A\u00e7\u00e3o Destaque entra em nova etapa!"},"content":{"rendered":"\n<figure class=\"wp-block-image size-large\"><img decoding=\"async\" loading=\"lazy\" width=\"800\" height=\"297\" src=\"https:\/\/www.editoraopet.com.br\/blog_opet\/wp-content\/uploads\/2021\/08\/logo01.jpg\" alt=\"\" class=\"wp-image-1833\" srcset=\"https:\/\/editoraopet.com.br\/blog_opet\/wp-content\/uploads\/2021\/08\/logo01.jpg 800w, https:\/\/editoraopet.com.br\/blog_opet\/wp-content\/uploads\/2021\/08\/logo01-300x111.jpg 300w, https:\/\/editoraopet.com.br\/blog_opet\/wp-content\/uploads\/2021\/08\/logo01-768x285.jpg 768w\" sizes=\"(max-width: 709px) 85vw, (max-width: 909px) 67vw, (max-width: 984px) 61vw, (max-width: 1362px) 45vw, 600px\" \/><\/figure>\n\n\n\n<p><strong>O 11\u00ba Pr\u00eamio A\u00e7\u00e3o Destaque entrou oficialmente na fase de avalia\u00e7\u00e3o e sele\u00e7\u00e3o dos projetos finalistas! <\/strong>A \u00faltima segunda-feira, dia 30, foi o prazo final de inscri\u00e7\u00f5es para o 11\u00ba Pr\u00eamio A\u00e7\u00e3o Destaque, que acontece em outubro em formato online. E, para a alegria da equipe da Editora Opet, muitos professores e gestores decidiram concorrer: ao todo, <strong>84 projetos<\/strong> tiveram sua inscri\u00e7\u00e3o deferida. Eles foram desenvolvidos por professores e gestores de <strong>23 redes municipais de ensino<\/strong> parceiras da Editora Opet com o selo educacional <strong>Sefe<\/strong> nas cinco regi\u00f5es do pa\u00eds.<\/p>\n<p><em>\u201cO Pr\u00eamio A\u00e7\u00e3o Destaque \u00e9 uma celebra\u00e7\u00e3o do trabalho, da dedica\u00e7\u00e3o e do talento dos professores e dos gestores da \u00e1rea p\u00fablica. Com ele, podemos reconhecer, divulgar e compartilhar projetos significativos\u201d<\/em>, diz <strong>Cliciane \u00c9len Augusto<\/strong>, gerente pedag\u00f3gica da Editora Opet e coordenadora do Pr\u00eamio.<\/p>\n<p>Segundo Cliciane, a expectativa da comiss\u00e3o avaliadora dos projetos, neste ano, \u00e9 grande. <em>\u201cSabemos que est\u00e1 sendo um ano desafiador, em especial por causa dos efeitos da pandemia e das mudan\u00e7as que ela imp\u00f4s. Mas, ao mesmo tempo, sabemos que \u00e9 um momento de expans\u00e3o dos conhecimentos e dos usos das ferramentas educacionais digitais. \u00c9 um ano, tamb\u00e9m, de se olhar ainda mais para as habilidades socioemocionais\u201d<\/em>, avalia. <em>\u201cAcredito que, diante disso, teremos trabalhos muito interessantes!\u201d.<\/em><\/p>\n<p>Os <strong>84 trabalhos<\/strong> que tiveram suas <strong>inscri\u00e7\u00f5es deferidas<\/strong> v\u00eam de <strong>23 munic\u00edpios<\/strong> parceiros com caracter\u00edsticas geogr\u00e1ficas, populacionais e culturais bem distintas. do <strong>Cear\u00e1<\/strong>, Fortaleza, Ipu e Sobral; de <strong>Mato Grosso<\/strong>, Alto Araguaia; do <strong>Maranh\u00e3o<\/strong>, A\u00e7ail\u00e2ndia; do <strong>Paran\u00e1<\/strong>, Cambar\u00e1, Campina Grande do Sul, Entre Rios do Oeste, Jundia\u00ed do Sul e Paranagu\u00e1; de <strong>Rond\u00f4nia<\/strong>, Corumbiara; de <strong>Santa Catarina<\/strong>, Arroio Trinta, Fraiburgo, Pinhalzinho, Rancho Queimado, Salto Veloso, S\u00e3o Jo\u00e3o do Itaperi\u00fa, Treze T\u00edlias, Urubici e Varge\u00e3o; e de <strong>S\u00e3o Paulo<\/strong>, Cotia, Ibir\u00e1 e Santana de Parna\u00edba.<\/p>\n<p><strong>Riqueza Cultural &#8211;\u00a0<\/strong> \u201cEssa riqueza cultural e de olhares para a educa\u00e7\u00e3o \u00e9 especial e valoriza o Pr\u00eamio A\u00e7\u00e3o Destaque. \u00c9 muito bom poder traz\u00ea-la para outros educadores\u201d, diz Cliciane.<\/p>\n<p>Nesta segunda etapa do Pr\u00eamio, est\u00e3o entrando em cena os pareceristas, que s\u00e3o professores especializados nos segmentos contemplados pelas tr\u00eas categorias do Pr\u00eamio. Eles recebem os projetos, fazem a leitura cr\u00edtica e atribuem uma pontua\u00e7\u00e3o para cada trabalho. Os dez trabalhos com maior pontua\u00e7\u00e3o em cada categoria s\u00e3o selecionados para a etapa final, de apresenta\u00e7\u00e3o.<\/p>\n<p>Como s\u00e3o tr\u00eas categorias \u2013 <strong>Educa\u00e7\u00e3o Infantil (Categoria 01)<\/strong>, <strong>Ensino Fundamental Anos Iniciais (Categoria 02)<\/strong> e <strong>Ensino Fundamental Anos Finais e Ensino M\u00e9dio (Categoria 03) <\/strong>\u2013, ser\u00e3o selecionados 30 trabalhos.<\/p>\n<p><strong>E como funciona a sele\u00e7\u00e3o?<\/strong> Os projetos recebem os pontos a partir de crit\u00e9rios t\u00e9cnicos. Para come\u00e7ar, eles devem estar rigorosamente de acordo com o regulamento do Pr\u00eamio, dispon\u00edvel em seu <a href=\"https:\/\/www.editoraopet.com.br\/seminariosefe2021\/\"><strong>site oficial<\/strong><\/a>. <em>\u201cEles tamb\u00e9m devem ter rela\u00e7\u00e3o direta com a categoria da inscri\u00e7\u00e3o, com os materiais did\u00e1ticos Sefe, com as forma\u00e7\u00f5es pedag\u00f3gicas, com a plataforma educacional Opet INspira ou com o uso das ferramentas Google Worskspace for Education<\/em>\u201d, explica Cliciane.<\/p>\n<p><em>\u201cTamb\u00e9m devem ser coerentes, ter pertin\u00eancia em rela\u00e7\u00e3o \u00e0 educa\u00e7\u00e3o e coes\u00e3o entre objetivos, a\u00e7\u00f5es e resultados. Devem envolver as crian\u00e7as e as fam\u00edlias, se relacionar com o curr\u00edculo e trazer resultados em rela\u00e7\u00e3o ao processo de ensino-aprendizado.\u201d<\/em><\/p>\n<p><strong>Pr\u00f3ximas etapas \u2013 <\/strong>O processo de leitura cr\u00edtica pelos pareceristas j\u00e1 come\u00e7ou e, em algumas semanas, a Editora <strong>vai divulgar em suas redes sociais<\/strong> a lista com os trabalhos que seguem para a etapa final. Nela, os selecionados far\u00e3o uma apresenta\u00e7\u00e3o\/relato em v\u00eddeo com at\u00e9 tr\u00eas minutos de dura\u00e7\u00e3o.<\/p>\n<p>Tanto o trabalho inscrito quanto o v\u00eddeo ser\u00e3o levados em conta para a avalia\u00e7\u00e3o final. <em>\u201cAmbos devem evidenciar o uso da metodologia e dos recursos propostos pela Editora Opet, al\u00e9m de mostrar a coer\u00eancia entre o trabalho escrito e a apresenta\u00e7\u00e3o oral\u201d<\/em>, observa Cliciane.<\/p>\n<p>Os trabalhos vencedores ser\u00e3o divulgados no terceiro dia do Semin\u00e1rio Nacional de Gestores Municipais. O primeiro colocado de cada categoria receber\u00e1 trof\u00e9u, men\u00e7\u00e3o honrosa e a import\u00e2ncia de R$ 5 mil. O segundo colocado de cada categoria receber\u00e1 trof\u00e9u, men\u00e7\u00e3o honrosa e a import\u00e2ncia de R$ 3 mil. E o terceiro colocado de cada categoria receber\u00e1 trof\u00e9u, men\u00e7\u00e3o honrosa e a import\u00e2ncia de R$ 2 mil.<\/p>\n<p><strong>CONFIRA OS NOMES DOS AUTORES DOS TRABALHOS DEFERIDOS PARA A PR\u00d3XIMA FASE DO PR\u00caMIO A\u00c7\u00c3O DESTAQUE:<\/strong><\/p>\n<p><strong>Categoria 01 \u2013 Educa\u00e7\u00e3o Infantil (36 trabalhos)<\/strong><\/p>\n<ol>\n<li>Ana Paula Cordeiro, Arroio Trinta (SC)<\/li>\n<li>Andressa Sangaletti, Treze T\u00edlias (SC)<\/li>\n<li>Aniversina Lopes Amorim, S\u00e3o Jo\u00e3o do Itaperi\u00fa (SC)<\/li>\n<li>Carolina Rochelli Policarpo Ventura, Paranagu\u00e1 (PR)<\/li>\n<li>Cristiana Gomes de Oliveira, Jundia\u00ed do Sul (PR)<\/li>\n<li>Deisy E. Santiago Heringer Avelar, Santana de Parna\u00edba (SP)<\/li>\n<li>Edimara Pires de Godoy Bernardo, Cotia (SP)<\/li>\n<li>\u00c9rica Rodrigues da Silva, Campina Grande do Sul (PR)<\/li>\n<li>Everalda Maria Alves da Silva, Santana de Parna\u00edba (SP)<\/li>\n<li>Genima Bonfim Laguzzi, Santana de Parna\u00edba (SP)<\/li>\n<li>Genival Moraes de Jesus Filho, A\u00e7ail\u00e2ndia (MA)<\/li>\n<li>Geovana M. Gomes Franco de Albuquerque, Fortaleza (CE)<\/li>\n<li>G\u00e9ssica Luana Rigo Becker, Treze T\u00edlias (SC)<\/li>\n<li>Helvio Arilson Beckhauser, Urubici (SC)<\/li>\n<li>Jussara Vaz de Oliveira, Santana de Parna\u00edba (SP)<\/li>\n<li>Karoline K\u00e4ufer Schvambach, Rancho Queimado (SC)<\/li>\n<li>Keli Cristina Mendes Fernandes, Santana de Parna\u00edba (SP)<\/li>\n<li>Leila Cordeiro Santos, Campina Grande do Sul (PR)<\/li>\n<li>Let\u00edcia Renata Verona, Arroio Trinta (SC)<\/li>\n<li>Lucilene Passoni Abati, Salto Veloso (SC)<\/li>\n<li>Marcia Cristina Camargo da Silva, Jundia\u00ed do Sul (PR)<\/li>\n<li>M\u00e1rcia Moreira Silva<strong>, <\/strong>Corumbiara (RO)<\/li>\n<li>M\u00e1rcia Regina de Souza, Urubici (SC)<\/li>\n<li>Maria Silvana Godoy de Paula, Jundia\u00ed do Sul (PR)<\/li>\n<li>Marisa Alves da Cruz, Fraiburgo (SC)<\/li>\n<li>Michelle Bezerra Santiago, Fortaleza (CE)<\/li>\n<li>Mirla Lopes de Sousa Leal, Sobral (CE)<\/li>\n<li>Rosa Ramos da Rocha Oliveira, Jundia\u00ed do Sul (PR)<\/li>\n<li>Roseli Maria Machado, Fraiburgo (SC)<\/li>\n<li>Rosemeire Maria Pinto, Santana de Parna\u00edba (SP)<\/li>\n<li>Samira Mohamad Sati Aloise, Cotia (SP)<\/li>\n<li>Silvania de Camargo, Arroio Trinta (SC)<\/li>\n<li>Tatiana Sobreira Landim, Santana de Parna\u00edba (SP)<\/li>\n<li>Tunica A\u00edrles Martins de Mesquita, Sobral (CE)<\/li>\n<li>Vanessa Dal Pizzol Vigolo, Arroio Trinta (SC)<\/li>\n<li>Viviane Cristina Pereira de Camargo, Cotia (SP)<\/li>\n<\/ol>\n<p><strong>Categoria 02 \u2013 Ensino Fundamental \u2013 Anos Iniciais (41 trabalhos)<\/strong><\/p>\n<ol>\n<li>Adriana Aparecida Pirola Ansiliero, Arroio Trinta (SC)<\/li>\n<li>Alcione de Oliveira Souza, Santana de Parna\u00edba (SP)<\/li>\n<li>Aleandra de Paiva, Fortaleza (CE)<\/li>\n<li>Alessandra Moura Tamborra, Cotia (SP)<\/li>\n<li>Ana Paula Nogueira Moreira Borella, Cotia (SP)<\/li>\n<li>Ang\u00e9lica Freitas de Carvalho, Cotia (SP)<\/li>\n<li>Carmen Raymundi, Varge\u00e3o (SC)<\/li>\n<li>Christopher S. Bignardi Neves, Paranagu\u00e1 (PR)<\/li>\n<li>Daiane de C\u00e1ssia Martins Fazan, Ibir\u00e1 (SP)\u00a0\u00a0\u00a0\u00a0\u00a0\u00a0 \u00a0\u00a0\u00a0\u00a0<\/li>\n<li>D\u00e9bora Rederd Fran\u00e7a Vidal, Paranagu\u00e1 (PR)<\/li>\n<li>Denise Zimmermann Schuller, Arroio Trinta (SC)<\/li>\n<li>Diogo da Cunha do Nascimento, Paranagu\u00e1 (PR)<\/li>\n<li>Diogo Dias de Oliveira, Cotia\u00a0 (SP)<\/li>\n<li>Eliane Maria Kremer, Pinhalzinho (SC)<\/li>\n<li>Elizana Menegotto Soldi, Pinhalzinho (SC)<\/li>\n<li>F\u00e1tima Cristina Decicino de Andrade, Cotia (SP)<\/li>\n<li>Fernanda Consoni, Arroio Trinta (SC)<\/li>\n<li>Fl\u00e1via Adalgisa Alves de G\u00f3es, Cotia (SP)<\/li>\n<li>Francisca Ferreira do Nascimento, Ipu (CE)<\/li>\n<li>Gabriela Favarin, Arroio Trinta (SC)<\/li>\n<li>Gecione Gomes dos Santos, Cotia (SP)<\/li>\n<li>Gisele Custodio da Veiga Ribeiro, Paranagu\u00e1 (PR)<\/li>\n<li>Isaura Silva Xavier Nunes, Cotia (SP)<\/li>\n<li>Jeferson Monteiro da Silva, Santana de Parna\u00edba (SP)<\/li>\n<li>Karoline Miranda do Ros\u00e1rio, Paranagu\u00e1 (PR)<\/li>\n<li>Keli Manenti, Arroio Trinta (SC)<\/li>\n<li>Lucia Barcellos Weschenfelder, Entre Rios do Oeste (PR)<\/li>\n<li>Luciene Alves Barbosa, Cotia (SP)<\/li>\n<li>Luziana da Silva Lima, Fortaleza (CE)<\/li>\n<li>M\u00e1rcia Ribeiro Cunha, Paranagu\u00e1 (PR)<\/li>\n<li>Marilia Prado Fernandes, Paranagu\u00e1 (PR)<\/li>\n<li>Mira Carolina dos Santos Zela, Paranagu\u00e1 (PR)<\/li>\n<li>Rejane Vogt Anderle, Entre Rios do Oeste (PR)<\/li>\n<li>Rosana Kerkhoff Goulart, Pinhalzinho (SC)<\/li>\n<li>Rosidete Maronitti Pereira, Paranagu\u00e1 (PR)<\/li>\n<li>Sabrina Civiero, Arroio Trinta (SC)<\/li>\n<li>S\u00edlvia Maria do Nascimento Borges, Alto Araguaia (MT)<\/li>\n<li>Solange Massae Massuda, Santana de Parna\u00edba (SP)<\/li>\n<li>Tatiani Chagas Alberto, Cambar\u00e1 (PR)<\/li>\n<li>Vanessa Pereira, Paranagu\u00e1 (PR)<\/li>\n<li>Zildene Ferreira dos Santos, Santana de Parna\u00edba (SP)<\/li>\n<\/ol>\n<p><strong>Categoria 3 &#8211; Ensino Fundamental &#8211; Anos Finais e Ensino M\u00e9dio (07 trabalhos)<\/strong><\/p>\n<ol>\n<li>Adriane Ranieri Valente, Santana de Parna\u00edba (SP)<\/li>\n<li>Anderson A. Ferreira de Almeida, Santana de Parna\u00edba (SP)<\/li>\n<li>C\u00e1tia Juliana Esidio de Santana, Santana de Parna\u00edba (SP)<\/li>\n<li>Daiane Klafke, Pinhalzinho (SC)<\/li>\n<li>Luciana Martines do Nascimento, Santana de Parna\u00edba (SP)<\/li>\n<li>Ricardo Manoel da Silva, Santana de Parna\u00edba (SP)<\/li>\n<li>Val\u00e9ria Cantamessa Ferreira, Santana de Parna\u00edba (SP)<\/li>\n<\/ol>\n\n\n\n<p><strong><em>Confira o v\u00eddeo com os melhores momentos do Pr\u00eamio A\u00e7\u00e3o Destaque no ano passado:<\/em><\/strong><\/p>\n\n\n\n<figure class=\"wp-block-embed-youtube wp-block-embed is-type-video is-provider-youtube wp-embed-aspect-16-9 wp-has-aspect-ratio\"><div class=\"wp-block-embed__wrapper\">\n<iframe loading=\"lazy\" title=\"Melhores momentos do VIII Semin\u00e1rio Nacional de Gestores Municipais\" width=\"840\" height=\"473\" src=\"https:\/\/www.youtube.com\/embed\/AaqCiY_069c?start=196&#038;feature=oembed\" frameborder=\"0\" allow=\"accelerometer; autoplay; clipboard-write; encrypted-media; gyroscope; picture-in-picture; web-share\" allowfullscreen><\/iframe>\n<\/div><\/figure>\n\n\n","protected":false},"excerpt":{"rendered":"","protected":false},"author":4,"featured_media":0,"comment_status":"closed","ping_status":"closed","sticky":false,"template":"","format":"standard","meta":[],"categories":[2,130,3],"tags":[],"_links":{"self":[{"href":"https:\/\/editoraopet.com.br\/blog_opet\/wp-json\/wp\/v2\/posts\/1830"}],"collection":[{"href":"https:\/\/editoraopet.com.br\/blog_opet\/wp-json\/wp\/v2\/posts"}],"about":[{"href":"https:\/\/editoraopet.com.br\/blog_opet\/wp-json\/wp\/v2\/types\/post"}],"author":[{"embeddable":true,"href":"https:\/\/editoraopet.com.br\/blog_opet\/wp-json\/wp\/v2\/users\/4"}],"replies":[{"embeddable":true,"href":"https:\/\/editoraopet.com.br\/blog_opet\/wp-json\/wp\/v2\/comments?post=1830"}],"version-history":[{"count":18,"href":"https:\/\/editoraopet.com.br\/blog_opet\/wp-json\/wp\/v2\/posts\/1830\/revisions"}],"predecessor-version":[{"id":1860,"href":"https:\/\/editoraopet.com.br\/blog_opet\/wp-json\/wp\/v2\/posts\/1830\/revisions\/1860"}],"wp:attachment":[{"href":"https:\/\/editoraopet.com.br\/blog_opet\/wp-json\/wp\/v2\/media?parent=1830"}],"wp:term":[{"taxonomy":"category","embeddable":true,"href":"https:\/\/editoraopet.com.br\/blog_opet\/wp-json\/wp\/v2\/categories?post=1830"},{"taxonomy":"post_tag","embeddable":true,"href":"https:\/\/editoraopet.com.br\/blog_opet\/wp-json\/wp\/v2\/tags?post=1830"}],"curies":[{"name":"wp","href":"https:\/\/api.w.org\/{rel}","templated":true}]}}