{"id":2385,"date":"2022-05-19T16:54:25","date_gmt":"2022-05-19T19:54:25","guid":{"rendered":"http:\/\/www.editoraopet.com.br\/blog_opet\/?p=2385"},"modified":"2022-05-20T09:51:29","modified_gmt":"2022-05-20T12:51:29","slug":"reencontro-presencial-em-paranagua-pr","status":"publish","type":"post","link":"https:\/\/editoraopet.com.br\/blog_opet\/reencontro-presencial-em-paranagua-pr\/","title":{"rendered":"Reencontro presencial em Paranagu\u00e1 (PR)"},"content":{"rendered":"\n<figure class=\"wp-block-image size-large\"><img decoding=\"async\" loading=\"lazy\" width=\"794\" height=\"453\" src=\"https:\/\/www.editoraopet.com.br\/blog_opet\/wp-content\/uploads\/2022\/05\/selec_pgua02.jpg\" alt=\"\" class=\"wp-image-2386\" srcset=\"https:\/\/editoraopet.com.br\/blog_opet\/wp-content\/uploads\/2022\/05\/selec_pgua02.jpg 794w, https:\/\/editoraopet.com.br\/blog_opet\/wp-content\/uploads\/2022\/05\/selec_pgua02-300x171.jpg 300w, https:\/\/editoraopet.com.br\/blog_opet\/wp-content\/uploads\/2022\/05\/selec_pgua02-768x438.jpg 768w\" sizes=\"(max-width: 709px) 85vw, (max-width: 909px) 67vw, (max-width: 984px) 61vw, (max-width: 1362px) 45vw, 600px\" \/><figcaption>Primeira forma\u00e7\u00e3o pedag\u00f3gica presencial ap\u00f3s a pandemia foi realizada nos espa\u00e7os escolares de Paranagu\u00e1.<\/figcaption><\/figure>\n\n\n\n<p><strong>A Editora Opet e o munic\u00edpio paranaense de Paranagu\u00e1 \u2013 o mais antigo do Estado \u2013 s\u00e3o parceiros desde 2013.<\/strong> Ao longo desse per\u00edodo, foram muitas as forma\u00e7\u00f5es pedag\u00f3gicas envolvendo os professores da rede. Na \u00faltima semana, foi realizada mais uma forma\u00e7\u00e3o. S\u00f3 que essa, em especial, foi diferente: isto porque marcou <strong>a retomada dos encontros presenciais<\/strong> ap\u00f3s dois anos de pandemia.<\/p>\n<p>O trabalho focalizou os Anos Iniciais do Ensino Fundamental (1\u00ba ao 5\u00ba ano) e foi realizado nas pr\u00f3prias escolas, envolvendo o corpo docente e a equipe formadora da Editora Opet, sob a coordena\u00e7\u00e3o da supervisora regional respons\u00e1vel pelo munic\u00edpio, <strong>Daniela Gureski Rodrigues<\/strong>.<\/p>\n\n\n\n<figure class=\"wp-block-image size-large\"><img decoding=\"async\" loading=\"lazy\" width=\"800\" height=\"600\" src=\"https:\/\/www.editoraopet.com.br\/blog_opet\/wp-content\/uploads\/2022\/05\/selec_pgua01.jpg\" alt=\"\" class=\"wp-image-2387\" srcset=\"https:\/\/editoraopet.com.br\/blog_opet\/wp-content\/uploads\/2022\/05\/selec_pgua01.jpg 800w, https:\/\/editoraopet.com.br\/blog_opet\/wp-content\/uploads\/2022\/05\/selec_pgua01-300x225.jpg 300w, https:\/\/editoraopet.com.br\/blog_opet\/wp-content\/uploads\/2022\/05\/selec_pgua01-768x576.jpg 768w\" sizes=\"(max-width: 709px) 85vw, (max-width: 909px) 67vw, (max-width: 984px) 61vw, (max-width: 1362px) 45vw, 600px\" \/><figcaption>Na forma\u00e7\u00e3o, professores trocaram experi\u00eancias e focaram em aspectos como o dos desafios do trabalho com os estudantes no retorno \u00e0 presencialidade.<\/figcaption><\/figure>\n\n\n\n<p><em>\u201cA acolhida foi contagiante!\u201d<\/em>, conta a assessora pedag\u00f3gica Daniele Pires Dias, uma das respons\u00e1veis pela forma\u00e7\u00e3o.<em> \u201cO momento presencial foi muito comemorado. Nada melhor do que estar junto, ouvir de perto, acolher as d\u00favidas, inquieta\u00e7\u00f5es e at\u00e9\u00a0compartilhar inquieta\u00e7\u00f5es em grupo. em grupo. Foi muito produtivo\u201d, <\/em>avalia.<\/p>\n<p><img decoding=\"async\" loading=\"lazy\" class=\" wp-image-2388 alignleft\" src=\"http:\/\/www.editoraopet.com.br\/blog_opet\/wp-content\/uploads\/2022\/05\/pgua_thumb.jpg\" alt=\"\" width=\"190\" height=\"190\" srcset=\"https:\/\/editoraopet.com.br\/blog_opet\/wp-content\/uploads\/2022\/05\/pgua_thumb.jpg 393w, https:\/\/editoraopet.com.br\/blog_opet\/wp-content\/uploads\/2022\/05\/pgua_thumb-300x300.jpg 300w, https:\/\/editoraopet.com.br\/blog_opet\/wp-content\/uploads\/2022\/05\/pgua_thumb-150x150.jpg 150w\" sizes=\"(max-width: 190px) 85vw, 190px\" \/>A secret\u00e1ria municipal de Educa\u00e7\u00e3o de Paranagu\u00e1, professora <strong>Tenile Xavier (foto)<\/strong>, acompanhou atentamente a forma\u00e7\u00e3o e conversou com os participantes e com a equipe da Editora. Ela ficou satisfeita com o resultado.<\/p>\n<p><em>\u201cEu diria que foi um momento essencial e diferenciado. Em especial por ser o primeiro encontro presencial depois de dois anos de pandemia. Nossos professores estavam ansiosos pelo encontro f\u00edsico, algo que foi ainda mais especial porque aconteceu nos espa\u00e7os escolares\u201d<\/em>, observa.<\/p>\n\n\n\n<p>A partir dessa proximidade, destaca a secret\u00e1ria, ambas as equipes \u2013 da Editora e do munic\u00edpio \u2013 puderam enxergar com mais clareza as dificuldades, possibilidades e desafios de cada unidade.<\/p>\n<p><em>\u201cEssa foi a parte que fez mais sentido para os profissionais. Nossa equipe acompanhou toda a forma\u00e7\u00e3o e percebeu um grande engajamento, o envolvimento dos professores tirando d\u00favidas, compartilhando e at\u00e9 pedindo sugest\u00f5es para esse processo de resgate educacional das crian\u00e7as no p\u00f3s-pandemia.\u201d<\/em><\/p>\n<p>Tenile destacou o valor da parceria com a Editora, que se fez valer especialmente durante a pandemia. <em>\u201c\u00c9 uma parceria de muitos anos, que ficou ainda mais evidente durante a pandemia\u201d,<\/em> avalia.<\/p>\n<p><em>\u201cO sistema de ensino tamb\u00e9m precisou se reinventar e nos trouxe in\u00fameras ferramentas para que os professores se organizassem, se adaptassem e at\u00e9 aprendessem a utilizar os meios digitais. Foi um suporte para al\u00e9m das folhas do contrato<\/em>\u201d, analisa. <em>\u201cTivemos a absoluta certeza, enfim, de que a Opet \u00e9 nossa parceira na busca por uma educa\u00e7\u00e3o p\u00fablica de qualidade.\u201d<\/em><\/p>\n\n\n\n<figure class=\"wp-block-image size-large\"><img decoding=\"async\" loading=\"lazy\" width=\"800\" height=\"600\" src=\"https:\/\/www.editoraopet.com.br\/blog_opet\/wp-content\/uploads\/2022\/05\/selec_pgua03.jpg\" alt=\"\" class=\"wp-image-2389\" srcset=\"https:\/\/editoraopet.com.br\/blog_opet\/wp-content\/uploads\/2022\/05\/selec_pgua03.jpg 800w, https:\/\/editoraopet.com.br\/blog_opet\/wp-content\/uploads\/2022\/05\/selec_pgua03-300x225.jpg 300w, https:\/\/editoraopet.com.br\/blog_opet\/wp-content\/uploads\/2022\/05\/selec_pgua03-768x576.jpg 768w\" sizes=\"(max-width: 709px) 85vw, (max-width: 909px) 67vw, (max-width: 984px) 61vw, (max-width: 1362px) 45vw, 600px\" \/><figcaption><em>A supervisora regional Daniela Gureski Rodrigues com gestoras da secretaria municipal de Educa\u00e7\u00e3o de Paranagu\u00e1.<\/em><\/figcaption><\/figure>\n","protected":false},"excerpt":{"rendered":"","protected":false},"author":4,"featured_media":0,"comment_status":"closed","ping_status":"closed","sticky":false,"template":"","format":"standard","meta":[],"categories":[2,130,3,97],"tags":[],"_links":{"self":[{"href":"https:\/\/editoraopet.com.br\/blog_opet\/wp-json\/wp\/v2\/posts\/2385"}],"collection":[{"href":"https:\/\/editoraopet.com.br\/blog_opet\/wp-json\/wp\/v2\/posts"}],"about":[{"href":"https:\/\/editoraopet.com.br\/blog_opet\/wp-json\/wp\/v2\/types\/post"}],"author":[{"embeddable":true,"href":"https:\/\/editoraopet.com.br\/blog_opet\/wp-json\/wp\/v2\/users\/4"}],"replies":[{"embeddable":true,"href":"https:\/\/editoraopet.com.br\/blog_opet\/wp-json\/wp\/v2\/comments?post=2385"}],"version-history":[{"count":3,"href":"https:\/\/editoraopet.com.br\/blog_opet\/wp-json\/wp\/v2\/posts\/2385\/revisions"}],"predecessor-version":[{"id":2393,"href":"https:\/\/editoraopet.com.br\/blog_opet\/wp-json\/wp\/v2\/posts\/2385\/revisions\/2393"}],"wp:attachment":[{"href":"https:\/\/editoraopet.com.br\/blog_opet\/wp-json\/wp\/v2\/media?parent=2385"}],"wp:term":[{"taxonomy":"category","embeddable":true,"href":"https:\/\/editoraopet.com.br\/blog_opet\/wp-json\/wp\/v2\/categories?post=2385"},{"taxonomy":"post_tag","embeddable":true,"href":"https:\/\/editoraopet.com.br\/blog_opet\/wp-json\/wp\/v2\/tags?post=2385"}],"curies":[{"name":"wp","href":"https:\/\/api.w.org\/{rel}","templated":true}]}}