{"id":2668,"date":"2022-08-31T19:53:17","date_gmt":"2022-08-31T22:53:17","guid":{"rendered":"http:\/\/www.editoraopet.com.br\/blog_opet\/?p=2668"},"modified":"2022-08-31T19:53:21","modified_gmt":"2022-08-31T22:53:21","slug":"para-fazer-uma-redacao-fabulosa-em-busca-dos-temas","status":"publish","type":"post","link":"https:\/\/editoraopet.com.br\/blog_opet\/para-fazer-uma-redacao-fabulosa-em-busca-dos-temas\/","title":{"rendered":"Para fazer uma reda\u00e7\u00e3o fabulosa: em busca dos temas!"},"content":{"rendered":"\n<p>Todos os anos, desde que sua primeira edi\u00e7\u00e3o, em 1998, o Enem desafia os candidatos com temas de reda\u00e7\u00e3o instigantes. S\u00e3o assuntos ligados \u00e0s quest\u00f5es da sociedade brasileira em um contexto nacional e global. Nossos problemas, problemas do mundo. Como toda boa avalia\u00e7\u00e3o, eles exigem dos candidatos capacidade anal\u00edtica e argumentativa e, tamb\u00e9m, uma vis\u00e3o ampla de mundo.<\/p>\n<p>E \u2013 fique atento \u2013 \u201c valem ouro\u201d em termos de pontua\u00e7\u00e3o: <strong>mais exatamente, 20% do valor total da prova<\/strong>! Ou seja, n\u00e3o d\u00e1 para \u201cesquecer\u201d ou reduzir a import\u00e2ncia da reda\u00e7\u00e3o.<\/p>\n<p>E tem mais: os temas t\u00edpicos da reda\u00e7\u00e3o do Enem v\u00e3o al\u00e9m da pr\u00f3pria reda\u00e7\u00e3o. \u00c9 que eles tamb\u00e9m podem aparecer, de forma transversal, nas quest\u00f5es das quatro \u00e1reas do conhecimento cobradas na avalia\u00e7\u00e3o: Ci\u00eancias Humanas e suas Tecnologias, Ci\u00eancias da Natureza e suas Tecnologias, Linguagens, C\u00f3digos e suas Tecnologias e Matem\u00e1tica e suas Tecnologias. Ent\u00e3o, \u00e9 preciso ficar antenado e, na medida do poss\u00edvel, antecipar-se em rela\u00e7\u00e3o ao que pode ser pedido \u2013 e \u00e9 exatamente isto que vamos fazer agora.<\/p>\n<p>\u00a0<\/p>\n<p><strong>O futuro&#8230; no passado<\/strong><\/p>\n<p>A prepara\u00e7\u00e3o do Enem, como voc\u00ea sabe, \u00e9 cercada de cuidados para impedir vazamentos de provas e fraudes. Assim, n\u00e3o \u00e9 poss\u00edvel saber, por antecipa\u00e7\u00e3o, qual ser\u00e1 o tema da reda\u00e7\u00e3o da avalia\u00e7\u00e3o deste ano. Podemos, por\u00e9m, fazer uma investiga\u00e7\u00e3o e chegar ao universo tem\u00e1tico de que, muito provavelmente, sair\u00e1 a reda\u00e7\u00e3o de 2022. Para isso, apelamos \u00e0 intelig\u00eancia, pesquisa e at\u00e9 a uma \u201carqueologia\u201d do pr\u00f3prio Enem.<\/p>\n<p>Come\u00e7amos olhando para o passado, para os 24 temas de reda\u00e7\u00e3o propostos at\u00e9 hoje pela organiza\u00e7\u00e3o do Enem. Vamos conhec\u00ea-los ano a ano:<\/p>\n<p>\u00a0<\/p>\n<p>1998 \u2013 \u201cViver e aprender.\u201d<\/p>\n<p>1999 \u2013 \u201cCidadania e participa\u00e7\u00e3o social.\u201d<\/p>\n<p>2000 \u2013 \u201cDireitos da crian\u00e7a e do adolescente: como enfrentar esse desafio nacional\u201d.<\/p>\n<p>2001 \u2013 \u201cDesenvolvimento e preserva\u00e7\u00e3o ambiental: como conciliar os interesses em conflito?\u201d<\/p>\n<p>2002 \u2013 \u201cO direito de votar: como fazer dessa conquista um meio para promover as transforma\u00e7\u00f5es sociais que o Brasil necessita?\u201d<\/p>\n<p>2003 \u2013 \u201cA viol\u00eancia na sociedade Brasileira: como mudar as regras desse jogo.\u201d<\/p>\n<p>2004 \u2013 \u201cComo garantir a liberdade de informa\u00e7\u00e3o e evitar abusos nos meios de comunica\u00e7\u00e3o.\u201d<\/p>\n<p>2005 \u2013 \u201cO trabalho infantil na sociedade Brasileira.\u201d<\/p>\n<p>2006 \u2013 \u201cO poder de transforma\u00e7\u00e3o da leitura.\u201d<\/p>\n<p>2007 \u2013 \u201cO desafio de se conviver com as diferen\u00e7as.\u201d<\/p>\n<p>2008 \u2013 \u201cComo preservar a floresta Amaz\u00f4nica: suspender imediatamente o desmatamento; dar incentivo financeiros a propriet\u00e1rios que deixarem de desmatar; ou aumentar a fiscaliza\u00e7\u00e3o e aplicar multas a quem desmatar.\u201d<\/p>\n<p>2009 \u2013 \u201cO indiv\u00edduo frente \u00e0 \u00e9tica nacional.\u201d<\/p>\n<p>2010 \u2013 \u201cO trabalho na constru\u00e7\u00e3o da dignidade humana.\u201d<\/p>\n<p>2011 \u2013 \u201cViver em rede no s\u00e9culo 21: os limites entre o p\u00fablico e o privado.\u201d<\/p>\n<p>2012 \u2013 \u201cMovimento Imigrat\u00f3rio para o Brasil no s\u00e9culo XXI.\u201d<\/p>\n<p>2013 \u2013 \u201cEfeitos da implanta\u00e7\u00e3o da Lei Seca no Brasil.\u201d<\/p>\n<p>2014 \u2013 \u201cPublicidade infantil em quest\u00e3o no Brasil.\u201d<\/p>\n<p>2015 \u2013 \u201cA persist\u00eancia da viol\u00eancia contra a mulher na sociedade brasileira.\u201d<\/p>\n<p>2016 (1\u00aa aplica\u00e7\u00e3o) \u2013 \u201cCaminhos para combater a intoler\u00e2ncia religiosa no Brasil.\u201d<\/p>\n<p>2016 (2\u00aa aplica\u00e7\u00e3o) \u2013 \u201cCaminhos para combater o racismo no Brasil.\u201d<\/p>\n<p>2017 \u2013 \u201cDesafios para a forma\u00e7\u00e3o educacional de surdos no Brasil.\u201d<\/p>\n<p>2018 \u2013 \u201cManipula\u00e7\u00e3o do comportamento do usu\u00e1rio pelo controle de dados na internet.\u201d<\/p>\n<p>2019 \u2013 \u201cDemocratiza\u00e7\u00e3o do acesso ao cinema no Brasil.\u201d<\/p>\n<p>2020 \u2013 \u201cO estigma associado \u00e0s doen\u00e7as mentais na sociedade brasileira.\u201d<\/p>\n<p>2021 \u2013 \u201cInvisibilidade e registro civil: garantia de acesso \u00e0 cidadania no Brasil.\u201d<\/p>\n<p>\u00a0<\/p>\n<p>(*) \u2013 Voc\u00ea encontra as reda\u00e7\u00f5es de todas as edi\u00e7\u00f5es do Enem, com seus <strong>textos motivadores<\/strong> \u2013 que s\u00e3o os textos, charges e imagens usados para contextualizar os temas \u2013 <a href=\"https:\/\/www.gov.br\/inep\/pt-br\/areas-de-atuacao\/avaliacao-e-exames-educacionais\/enem\/provas-e-gabaritos\"><strong>no site do Inep<\/strong><\/a>. Para acessar as reda\u00e7\u00f5es, v\u00e1 ao ano que voc\u00ea deseja investigar e clique na prova do primeiro dia. A reda\u00e7\u00e3o aparece logo ap\u00f3s a quest\u00e3o 45.<\/p>\n<p>\u00a0<\/p>\n<p><strong>A cidadania no centro do universo<\/strong><\/p>\n<p>A despeito de a quantidade de temas ser grande (s\u00e3o 25 reda\u00e7\u00f5es em 24 anos de Enem), podemos observar que eles giram ao redor de um grande tema norteador: <strong>a cidadania<\/strong>.<\/p>\n<p>Assim, \u00e9 importante, por princ\u00edpio, ficar muito atento a todos os temas relacionados \u00e0 cidadania no Brasil e no mundo atual. Mas, quais s\u00e3o eles? Vamos trabalhar por partes, focando o passado do pr\u00f3prio Enem e as quest\u00f5es atuais.<\/p>\n<p>\u00a0<\/p>\n<p><strong>Os temas que o Enem j\u00e1 pediu<\/strong><\/p>\n<p>Analisando o que foi pedido nas edi\u00e7\u00f5es anteriores do exame, podemos \u201crecortar\u201d um pouco mais esse universo tem\u00e1tico. Chegamos, ent\u00e3o, aos seguintes temas, com algumas de suas especializa\u00e7\u00f5es:<\/p>\n<p>. Cultura (cinema, artes pl\u00e1sticas, tev\u00ea)<\/p>\n<p>. Cultura digital (\u00e9tica, produ\u00e7\u00e3o e consumo de informa\u00e7\u00f5es, \u00e9tica, liberdade, <em>fake news<\/em>)<\/p>\n<p>. Direitos (do consumidor, ao registro civil, ao trabalho)<\/p>\n<p>. Educa\u00e7\u00e3o (educa\u00e7\u00e3o digital, ensino h\u00edbrido, recupera\u00e7\u00e3o no p\u00f3s-pandemia)<\/p>\n<p>. G\u00eanero (igualdade, desigualdades, viol\u00eancia contra a mulher)<\/p>\n<p>. Inclus\u00e3o (social, racial, religiosa, de pessoas com defici\u00eancias, cotas)<\/p>\n<p>. Inf\u00e2ncia e adolesc\u00eancia (direitos, desafios)<\/p>\n<p>. Meio ambiente (Amaz\u00f4nia e outros biomas, \u00e1gua, oceanos, extin\u00e7\u00e3o, manejo e conserva\u00e7\u00e3o)<\/p>\n<p>. Pol\u00edtica (voto, participa\u00e7\u00e3o popular, \u00e9tica, corrup\u00e7\u00e3o, democracia)<\/p>\n<p>. Racismo<\/p>\n<p>. Religi\u00f5es e liberdade religiosa<\/p>\n<p>. Sa\u00fade p\u00fablica (vacinas, epidemias, doen\u00e7as emergentes, sa\u00fade mental, SUS)<\/p>\n<p>. Seguran\u00e7a p\u00fablica (viol\u00eancia, libera\u00e7\u00e3o\/restri\u00e7\u00e3o das armas)<\/p>\n<p>. Trabalho (desemprego, trabalho e novas tecnologias)<\/p>\n<p>\u00a0<\/p>\n<p><strong>Os temas do Brasil e do mundo em 2022<\/strong><\/p>\n<p>Com esse menu em m\u00e3os, podemos compar\u00e1-lo com os<strong> grandes temas do Brasil e do mundo no ano de 2022<\/strong>. Em primeiro lugar, percebemos a qualidade do time de planejadores das provas do Enem: a maioria dos temas das reda\u00e7\u00f5es anteriores poderia ser replicada na edi\u00e7\u00e3o deste ano sem qualquer problema!<\/p>\n<p>Mesmo assim, \u00e9 poss\u00edvel sugerir alguns temas que, em nossa avalia\u00e7\u00e3o, podem ser a \u201cbola da vez\u201d na reda\u00e7\u00e3o deste ano.<\/p>\n<p>\u00c9 preciso ficar atento \u00e0 <strong>quest\u00e3o ambiental<\/strong>, em especial por conta do crescimento global e local do n\u00famero de desastres associados a secas, inc\u00eandios, tuf\u00f5es, inunda\u00e7\u00f5es e ao efeito estufa. A quest\u00e3o ambiental se desdobra em outros temas, como a agricultura e suas pr\u00e1ticas, os cuidados com a \u00e1gua, a preserva\u00e7\u00e3o e a extin\u00e7\u00e3o de esp\u00e9cies, a polui\u00e7\u00e3o, as energias e os oceanos.<\/p>\n<p>No campo dos <strong>direitos civis<\/strong>, s\u00e3o \u201cquentes\u201d temas como os associados \u00e0s liberdades individuais, \u00e0 igualdade\/desigualdade entre homens e mulheres, liberdade de credo e diversidade religiosa, o direito \u00e0 educa\u00e7\u00e3o e a prote\u00e7\u00e3o da inf\u00e2ncia e da adolesc\u00eancia.<\/p>\n<p>No campo da <strong>pol\u00edtica<\/strong>, \u00e9 poss\u00edvel pensar, por exemplo, em termos de representatividade de homens e mulheres, em sistemas e ideologias pol\u00edticas, na triparti\u00e7\u00e3o e em conflitos entre os poderes.<\/p>\n<p>H\u00e1, ainda, temas que est\u00e3o especialmente conectados ao ano de 2022, associados \u00e0 <strong>geopol\u00edtica<\/strong> (guerra da Ucr\u00e2nia, conflitos EUA-China na \u00c1sia), ao bicenten\u00e1rio da independ\u00eancia do Brasil, \u00e0 seguran\u00e7a alimentar, \u00e0 tecnologia (com a chegada da internet 5-G ao Brasil) e \u00e0 nova \u201ccorrida espacial\u201d, com a volta \u00e0 Lua a chegada de empresas privadas \u00e0 disputa.<\/p>\n<p>\u00a0<\/p>\n<p><strong>E onde se informar?<\/strong><\/p>\n<p>Informar-se sobre todos esses temas poderia ser uma tarefa gigantesca. Afinal, s\u00e3o muitos assuntos. Al\u00e9m disso, por seu teor, eles merecem uma an\u00e1lise mais aprofundada, mais informa\u00e7\u00f5es. A vantagem \u00e9 que contamos com uma imprensa forte, que oferece informa\u00e7\u00f5es e an\u00e1lises abalizadas e diferentes pontos de vista.<\/p>\n<p>O caminho, assim, passa por uma leitura di\u00e1ria das not\u00edcias \u2013 para isso, busque v\u00e1rias fontes confi\u00e1veis, que tenham, inclusive, vis\u00f5es de mundo pr\u00f3prias. Reserve meia hora por dia para visitar esses sites, focando nas manchetes, nos textos e, tamb\u00e9m, nas an\u00e1lises. E n\u00e3o deixe de acompanhar as editorias de Pol\u00edtica, Meio Ambiente, Pol\u00edtica Internacional, Sociedade, Ci\u00eancia e Tecnologia.<\/p>\n<p>Tamb\u00e9m \u00e9 poss\u00edvel encontrar informa\u00e7\u00f5es e an\u00e1lises de qualidade em r\u00e1dios noticiosas, livros, podcasts, quadrinhos e document\u00e1rios \u2013 s\u00f3 fique atento \u00e0 qualidade desses materiais. Nada de estudar por fake news, hein! Trazemos algumas sugest\u00f5es de fontes (em ordem alfab\u00e9tica):<\/p>\n<p><strong>\u00a0<\/strong><\/p>\n<ul>\n<li><strong>Ag\u00eancias oficiais de not\u00edcias<\/strong><\/li>\n<\/ul>\n<p>Agencia Brasil &#8211; <a href=\"https:\/\/agenciabrasil.ebc.com.br\/\">https:\/\/agenciabrasil.ebc.com.br\/<\/a><\/p>\n<p>Ag\u00eancia de Not\u00edcias do Senado Federal- <a href=\"https:\/\/www12.senado.leg.br\/noticias\">https:\/\/www12.senado.leg.br\/noticias<\/a><\/p>\n<p>Portal da C\u00e2mara dos Deputados &#8211; <a href=\"https:\/\/www.camara.leg.br\/noticias\">https:\/\/www.camara.leg.br\/noticias<\/a><\/p>\n<p>\u00a0<\/p>\n<ul>\n<li><strong>Atualidades\/Brasil\/Mundo\/Cultura\/Ci\u00eancia:<\/strong><\/li>\n<\/ul>\n<p>Band News &#8211; <a href=\"https:\/\/bandnewstv.band.uol.com.br\/\">https:\/\/bandnewstv.band.uol.com.br\/<\/a><\/p>\n<p>BBC Brasil &#8211; <a href=\"https:\/\/www.bbc.com\/portuguese\">https:\/\/www.bbc.com\/portuguese<\/a><\/p>\n<p>Deutsche Welle &#8211; <a href=\"https:\/\/www.dw.com\/pt-br\/not%C3%ADcias\/s-7111\">https:\/\/www.dw.com\/pt-br\/not%C3%ADcias\/s-7111<\/a><\/p>\n<p>Estad\u00e3o &#8211; <a href=\"https:\/\/www.estadao.com.br\/\">https:\/\/www.estadao.com.br\/<\/a><\/p>\n<p>Folha de S. Paulo &#8211; <a href=\"https:\/\/www.folha.uol.com.br\/\">https:\/\/www.folha.uol.com.br\/<\/a><\/p>\n<p>G1\/Globo \u2013 <a href=\"https:\/\/g1.globo.com\/\">https:\/\/g1.globo.com\/<\/a><\/p>\n<p>R7 (Record) \u2013 <a href=\"https:\/\/www.r7.com\/\">https:\/\/www.r7.com\/<\/a><\/p>\n<p>R\u00e1dio CBN &#8211; <a href=\"https:\/\/cbn.globoradio.globo.com\/\">https:\/\/cbn.globoradio.globo.com\/<\/a><\/p>\n<p><strong>\u00a0<\/strong><\/p>\n<ul>\n<li><strong>Ci\u00eancia e Tecnologia:<\/strong><\/li>\n<\/ul>\n<p>Ag\u00eancia Fapesp &#8211; <a href=\"https:\/\/agencia.fapesp.br\/inicial\/\">https:\/\/agencia.fapesp.br\/inicial\/<\/a><\/p>\n<p>Ag\u00eancia Fiocruz &#8211; <a href=\"https:\/\/agencia.fiocruz.br\/\">https:\/\/agencia.fiocruz.br\/<\/a><\/p>\n<p>Jornal da USP &#8211; <a href=\"https:\/\/jornal.usp.br\/\">https:\/\/jornal.usp.br\/<\/a><\/p>\n<p><strong>\u00a0<\/strong><\/p>\n<ul>\n<li><strong>Economia<\/strong><\/li>\n<\/ul>\n<p>Ag\u00eancia de Not\u00edcias da Ind\u00fastria &#8211; <a href=\"https:\/\/noticias.portaldaindustria.com.br\/\">https:\/\/noticias.portaldaindustria.com.br\/<\/a><\/p>\n<p>\u00a0<\/p>\n<ul>\n<li><strong>Hist\u00f3ria:<\/strong><\/li>\n<\/ul>\n<p>Caf\u00e9 Hist\u00f3ria &#8211; <a href=\"https:\/\/www.cafehistoria.com.br\/\">https:\/\/www.cafehistoria.com.br\/<\/a><\/p>\n<p>\u00a0<\/p>\n<ul>\n<li><strong>Meio Ambiente:<\/strong><\/li>\n<\/ul>\n<p>Ambiente Brasil &#8211; <a href=\"https:\/\/noticias.ambientebrasil.com.br\/\">https:\/\/noticias.ambientebrasil.com.br\/<\/a><\/p>\n<p>Blog \u201cMar sem Fim\u201d &#8211; <a href=\"https:\/\/marsemfim.com.br\/\">https:\/\/marsemfim.com.br\/<\/a><\/p>\n<p>O Eco &#8211; <a href=\"https:\/\/oeco.org.br\/\">https:\/\/oeco.org.br\/<\/a><\/p>\n<p>\u00a0<\/p>\n<p><strong>Dica de ouro: textos motivadores<\/strong><\/p>\n<p>Use todos esses materiais para construir seus pr\u00f3prios \u201ctextos motivadores\u201d, semelhantes aos usados na prova do Enem. Como? Pegue um tema: desmatamento na Amaz\u00f4nia, por exemplo. Depois, v\u00e1 aos portais de not\u00edcias e \u201crecorte\u201d tr\u00eas not\u00edcias ou an\u00e1lises do problema. A partir da sua leitura e dos argumentos utilizados, discorra sobre um tema como este: \u201c\u2018Redescobrir\u2019 a Amaz\u00f4nia: caminhos para a transforma\u00e7\u00e3o da maior floresta tropical do planeta em um ambiente de sustentabilidade a ganhos socioambientais.\u201d E treine: pesquise, leia e escreva!<\/p>\n","protected":false},"excerpt":{"rendered":"","protected":false},"author":3,"featured_media":0,"comment_status":"closed","ping_status":"closed","sticky":false,"template":"","format":"standard","meta":[],"categories":[1],"tags":[],"_links":{"self":[{"href":"https:\/\/editoraopet.com.br\/blog_opet\/wp-json\/wp\/v2\/posts\/2668"}],"collection":[{"href":"https:\/\/editoraopet.com.br\/blog_opet\/wp-json\/wp\/v2\/posts"}],"about":[{"href":"https:\/\/editoraopet.com.br\/blog_opet\/wp-json\/wp\/v2\/types\/post"}],"author":[{"embeddable":true,"href":"https:\/\/editoraopet.com.br\/blog_opet\/wp-json\/wp\/v2\/users\/3"}],"replies":[{"embeddable":true,"href":"https:\/\/editoraopet.com.br\/blog_opet\/wp-json\/wp\/v2\/comments?post=2668"}],"version-history":[{"count":2,"href":"https:\/\/editoraopet.com.br\/blog_opet\/wp-json\/wp\/v2\/posts\/2668\/revisions"}],"predecessor-version":[{"id":3388,"href":"https:\/\/editoraopet.com.br\/blog_opet\/wp-json\/wp\/v2\/posts\/2668\/revisions\/3388"}],"wp:attachment":[{"href":"https:\/\/editoraopet.com.br\/blog_opet\/wp-json\/wp\/v2\/media?parent=2668"}],"wp:term":[{"taxonomy":"category","embeddable":true,"href":"https:\/\/editoraopet.com.br\/blog_opet\/wp-json\/wp\/v2\/categories?post=2668"},{"taxonomy":"post_tag","embeddable":true,"href":"https:\/\/editoraopet.com.br\/blog_opet\/wp-json\/wp\/v2\/tags?post=2668"}],"curies":[{"name":"wp","href":"https:\/\/api.w.org\/{rel}","templated":true}]}}