{"id":2771,"date":"2022-10-14T11:14:22","date_gmt":"2022-10-14T14:14:22","guid":{"rendered":"http:\/\/www.editoraopet.com.br\/blog_opet\/?p=2771"},"modified":"2022-10-14T11:52:29","modified_gmt":"2022-10-14T14:52:29","slug":"o-enem-e-as-tecnologias-de-informacao-e-comunicacao-tic","status":"publish","type":"post","link":"https:\/\/editoraopet.com.br\/blog_opet\/o-enem-e-as-tecnologias-de-informacao-e-comunicacao-tic\/","title":{"rendered":"O Enem e as Tecnologias de Informa\u00e7\u00e3o e Comunica\u00e7\u00e3o (TIC)"},"content":{"rendered":"\n<p><\/p>\n\n\n\n<p><strong>Pare por um instante e fa\u00e7a um exerc\u00edcio mental: imagine\ncomo seria o mundo sem as tecnologias recentes de comunica\u00e7\u00e3o, que abrangem a internet\ne todas as mudan\u00e7as que vieram com ela.<\/strong> <strong>Seria complicado, n\u00e9?<\/strong> <\/p>\n\n\n\n<p>Complicado e diferente em muitos aspectos, a come\u00e7ar\npela quest\u00e3o dos limites da pr\u00f3pria comunica\u00e7\u00e3o. E com v\u00e1rias diferen\u00e7as\nrela\u00e7\u00e3o aos estudos, not\u00edcias, compras, c\u00e1lculos, entretenimento, medicina,\nind\u00fastria, opera\u00e7\u00f5es banc\u00e1rias e muitas coisas mais. <\/p>\n\n\n\n<p>Diferente, inclusive, em rela\u00e7\u00e3o \u00e0s pessoas, que foram\ne s\u00e3o profundamente moldadas por essas incr\u00edveis tecnologias. Um processo que\ncome\u00e7ou h\u00e1 pouco mais de cem anos com o r\u00e1dio e o cinema, ganhou os lares com\nas tev\u00eas e chegou \u00e0s pontas dos dedos das pessoas com a internet e os <em>smartphones<\/em>.\n<\/p>\n\n\n\n<p><strong>As TIC na Educa\u00e7\u00e3o<\/strong><\/p>\n\n\n\n<p>A educa\u00e7\u00e3o, \u00e9 claro, percebeu e acompanhou todas essas\nmudan\u00e7as. E estabeleceu um universo tem\u00e1tico pr\u00f3prio para estud\u00e1-las, o das <strong>\u201cTecnologias\nda Informa\u00e7\u00e3o e Comunica\u00e7\u00e3o\u201d (TIC)<\/strong>, que foca os meios de comunica\u00e7\u00e3o, com\n\u00eanfase nos digitais (que mais nos afetam hoje em dia). <strong>E o Enem, que\nparticipa diretamente dessa evolu\u00e7\u00e3o educacional, sabiamente decidiu inclu\u00ed-lo\nna avalia\u00e7\u00e3o.<\/strong> <\/p>\n\n\n\n<p>Os temas ligados \u00e0s TIC aparecem como parte da \u00e1rea do\nconhecimento (e do caderno de prova) de <strong>\u201cLinguagens, C\u00f3digos e suas\nTecnologias\u201d<\/strong>, junto com os componentes curriculares de L\u00edngua Portuguesa,\nLiteratura, Artes, Educa\u00e7\u00e3o F\u00edsica e L\u00edngua Estrangeira (Ingl\u00eas ou Espanhol). <strong>Neste\nano, ali\u00e1s, a avalia\u00e7\u00e3o dessa \u00e1rea do conhecimento acontece no primeiro dia de\nprova, em 13 de novembro.<\/strong><\/p>\n\n\n\n<p><strong>Distanciamento cr\u00edtico <\/strong><\/p>\n\n\n\n<p>As Tecnologias de Informa\u00e7\u00e3o e Comunica\u00e7\u00e3o est\u00e3o em boa\nparte das coisas que fazemos. Esta mat\u00e9ria, por exemplo: voc\u00ea s\u00f3 a est\u00e1 lendo\nporque h\u00e1 internet e h\u00e1 um ambiente de publica\u00e7\u00e3o, o blog da Editora Opet. E \u00e9\njustamente essa proximidade o elemento mais desafiador: para que possamos estudar\nas TIC \u2013 e ficar prontos para o Enem \u2013, \u00e9 preciso estabelecer um distanciamento\ncr\u00edtico em rela\u00e7\u00e3o a elas. E perceber, por exemplo, como essas tecnologias nos\ninfluenciam em coisas boas e em coisas n\u00e3o t\u00e3o boas assim. Um bom meio de se\nfazer isso \u00e9 conhecer seus limites. <\/p>\n\n\n\n<p><strong>Como as TIC aparecem no ENEM?<\/strong><\/p>\n\n\n\n<p>Os temas ligados \u00e0s TIC podem ser cobrados de forma\ndireta, ou seja, como perguntas espec\u00edficas, ou, ent\u00e3o, de modo transversal, no\ncontexto de outros componentes curriculares do caderno de Linguagens, C\u00f3digos e\nsuas Tecnologias. E, at\u00e9 mesmo, na reda\u00e7\u00e3o.<\/p>\n\n\n\n<p>Tomando como ponto de partida a <strong>Compet\u00eancia\nEspec\u00edfica 07<\/strong> da \u00e1rea de Linguagens e suas Tecnologias da <a href=\"http:\/\/basenacionalcomum.mec.gov.br\/images\/historico\/BNCC_EnsinoMedio_embaixa_site_110518.pdf\">Base\nNacional Comum Curricular (BNCC)<\/a> para o Ensino M\u00e9dio, podemos entender qual\no foco das quest\u00f5es associadas \u00e0s TIC no Enem. Os organizadores da prova,\nfundamentalmente, querem saber se os candidatos conseguem perceber essas\ntecnologias a partir de uma vis\u00e3o cr\u00edtica, \u00e9tica e est\u00e9tica. Observar e\ndebater, por exemplo, seu impacto social e a import\u00e2ncia de fen\u00f4menos\ncomunicacionais recentes como os relacionados \u00e0 difus\u00e3o de informa\u00e7\u00f5es e \u00e0s <em>fake\nnews.<\/em> <\/p>\n\n\n\n<p><strong>O que estudar?<\/strong><\/p>\n\n\n\n<p>Nos \u00faltimos anos, alguns assuntos relacionados \u00e0s TIC\nse destacaram mundialmente. O mais \u00f3bvio deles \u00e9, justamente, a \u00e9tica no manejo\ndessas tecnologias e seu uso pol\u00edtico. Assim, procure not\u00edcias e artigos que\nfoquem, por exemplo, a tem\u00e1tica das <strong><em>fake news<\/em><\/strong>(o que s\u00e3o,\nformas de difus\u00e3o e como combat\u00ea-las). Examine, tamb\u00e9m, a internet a partir de\nseu uso <strong>\u00e9tico e legal<\/strong>.<\/p>\n\n\n\n<p>Outros temas interessantes:<\/p>\n\n\n\n<ul><li><strong>Sociedade da informa\u00e7\u00e3o <\/strong>(conceito,\nimpacto cultural)<\/li><li><strong>Rela\u00e7\u00e3o entre internet e consumo<\/strong>\n(marketing, publicidade, limites)<\/li><li><strong>Inf\u00e2ncia<\/strong> (uso dos recursos digitais)<\/li><li><strong>Adolesc\u00eancia<\/strong> (usos, rela\u00e7\u00e3o com as redes\nsociais)<\/li><li><strong>Impacto sociocultural <\/strong>(influenciadores,\ncostumes, virais etc.)<\/li><li><strong>Educa\u00e7\u00e3o <\/strong>(import\u00e2ncia, impacto, potencial\ne limites do ensino remoto e do ensino h\u00edbrido)<\/li><li><strong>Lazer <\/strong>(jogos e desenvolvimento cognitivo,\ncriatividade, sa\u00fade) <\/li><li><strong>Liberdade e responsabilidades na rede <\/strong>(direitos\ne limites legais) <\/li><li><strong>Acesso \u00e0s novas tecnologias <\/strong>(aspectos\nlegais, meios digitais e cidadania)<\/li><li><strong>TIC e mercado de trabalho <\/strong>(tend\u00eancias, o\nmercado das TIC no Brasil e no mundo)<\/li><\/ul>\n\n\n\n<p><strong>Como estudar?<\/strong><\/p>\n\n\n\n<p>Os temas acima relacionados \u201cfrequentam\u201d quase que\ndiariamente os portais de not\u00edcias. Assim, acesse esses portais e examine as\nnot\u00edcias. Em alguns deles, h\u00e1 editorias exclusivas de Tecnologia e Mundo\nDigital bem interessantes. \u00c9 legal, tamb\u00e9m, acompanhar sites espec\u00edficos que\ntrabalham com os aspectos sociais e educacionais relacionados \u00e0 internet e \u00e0s\nnovas tecnologias. <\/p>\n\n\n\n<p>Vamos indicar alguns desses sites:<\/p>\n\n\n\n<ul><li>BBC Brasil\/Tecnologia &#8211; <a href=\"https:\/\/www.bbc.com\/portuguese\/topics\/c404v027pd4t\">https:\/\/www.bbc.com\/portuguese\/topics\/c404v027pd4t<\/a><\/li><li>G1\/Tecnologia &#8211; <a href=\"https:\/\/g1.globo.com\/tecnologia\/\">https:\/\/g1.globo.com\/tecnologia\/<\/a><\/li><li>Internet Segura (CGI\/Brasil) &#8211; <a href=\"https:\/\/internetsegura.br\/\">https:\/\/internetsegura.br\/<\/a><\/li><li>LAPIN \u2013 Laborat\u00f3rio de Pol\u00edticas P\u00fablicas e\nInternet &#8211; <a href=\"https:\/\/lapin.org.br\/\">https:\/\/lapin.org.br\/<\/a><\/li><li>Tecmundo &#8211; <a href=\"https:\/\/www.tecmundo.com.br\/tecnologia\">https:\/\/www.tecmundo.com.br\/tecnologia<\/a><\/li><\/ul>\n\n\n\n<p><strong>Por fim: pratique a prova&#8230; com provas!<\/strong><\/p>\n\n\n\n<p>Essa regra \u201cde ouro\u201d vale para tudo o que se relaciona\nao Enem. No <a href=\"https:\/\/www.gov.br\/inep\/pt-br\/areas-de-atuacao\/avaliacao-e-exames-educacionais\/enem\/provas-e-gabaritos\"><strong>site\ndo Inep<\/strong><\/a>, voc\u00ea vai encontrar as provas e os gabaritos de todas as edi\u00e7\u00f5es\nda avalia\u00e7\u00e3o. L\u00e1, poder\u00e1 acessar os cadernos de <strong>\u201cLinguagens, C\u00f3digos e suas\nTecnologias\u201d<\/strong>, ler e responder as quest\u00f5es espec\u00edficas associadas \u00e0s <strong>\u201cTecnologias\nda Informa\u00e7\u00e3o e Comunica\u00e7\u00e3o\u201d.<\/strong> E, \u00e9 claro, conferir os gabaritos. Fique\natento \u00e0s presen\u00e7as direta e transversal (ou seja, em quest\u00f5es de outros\ncomponentes curriculares) dos temas relacionados \u00e0s TIC. E boa avalia\u00e7\u00e3o!<\/p>\n","protected":false},"excerpt":{"rendered":"<p>Pare por um instante e fa\u00e7a um exerc\u00edcio mental: imagine como seria o mundo sem as tecnologias recentes de comunica\u00e7\u00e3o, que abrangem a internet e todas as mudan\u00e7as que vieram com ela. Seria complicado, n\u00e9? Complicado e diferente em muitos aspectos, a come\u00e7ar pela quest\u00e3o dos limites da pr\u00f3pria comunica\u00e7\u00e3o. E com v\u00e1rias diferen\u00e7as rela\u00e7\u00e3o [&hellip;]<\/p>\n","protected":false},"author":1,"featured_media":2775,"comment_status":"closed","ping_status":"closed","sticky":false,"template":"","format":"standard","meta":[],"categories":[1],"tags":[],"_links":{"self":[{"href":"https:\/\/editoraopet.com.br\/blog_opet\/wp-json\/wp\/v2\/posts\/2771"}],"collection":[{"href":"https:\/\/editoraopet.com.br\/blog_opet\/wp-json\/wp\/v2\/posts"}],"about":[{"href":"https:\/\/editoraopet.com.br\/blog_opet\/wp-json\/wp\/v2\/types\/post"}],"author":[{"embeddable":true,"href":"https:\/\/editoraopet.com.br\/blog_opet\/wp-json\/wp\/v2\/users\/1"}],"replies":[{"embeddable":true,"href":"https:\/\/editoraopet.com.br\/blog_opet\/wp-json\/wp\/v2\/comments?post=2771"}],"version-history":[{"count":1,"href":"https:\/\/editoraopet.com.br\/blog_opet\/wp-json\/wp\/v2\/posts\/2771\/revisions"}],"predecessor-version":[{"id":2774,"href":"https:\/\/editoraopet.com.br\/blog_opet\/wp-json\/wp\/v2\/posts\/2771\/revisions\/2774"}],"wp:featuredmedia":[{"embeddable":true,"href":"https:\/\/editoraopet.com.br\/blog_opet\/wp-json\/wp\/v2\/media\/2775"}],"wp:attachment":[{"href":"https:\/\/editoraopet.com.br\/blog_opet\/wp-json\/wp\/v2\/media?parent=2771"}],"wp:term":[{"taxonomy":"category","embeddable":true,"href":"https:\/\/editoraopet.com.br\/blog_opet\/wp-json\/wp\/v2\/categories?post=2771"},{"taxonomy":"post_tag","embeddable":true,"href":"https:\/\/editoraopet.com.br\/blog_opet\/wp-json\/wp\/v2\/tags?post=2771"}],"curies":[{"name":"wp","href":"https:\/\/api.w.org\/{rel}","templated":true}]}}