{"id":2920,"date":"2023-02-08T11:02:35","date_gmt":"2023-02-08T14:02:35","guid":{"rendered":"http:\/\/www.editoraopet.com.br\/blog_opet\/?p=2920"},"modified":"2023-02-08T14:22:35","modified_gmt":"2023-02-08T17:22:35","slug":"conectar-para-transformar-formacao-pedagogica-reune-1-900-educadores-em-cotia-sp","status":"publish","type":"post","link":"https:\/\/editoraopet.com.br\/blog_opet\/conectar-para-transformar-formacao-pedagogica-reune-1-900-educadores-em-cotia-sp\/","title":{"rendered":"&#8220;Conectar para Transformar&#8221;: forma\u00e7\u00e3o pedag\u00f3gica re\u00fane 1.900 educadores em Cotia (SP)"},"content":{"rendered":"<p><img decoding=\"async\" loading=\"lazy\" class=\"alignnone size-large wp-image-2928\" src=\"http:\/\/www.editoraopet.com.br\/blog_opet\/wp-content\/uploads\/2023\/02\/cotia02-1024x768.jpeg\" alt=\"\" width=\"840\" height=\"630\" srcset=\"https:\/\/editoraopet.com.br\/blog_opet\/wp-content\/uploads\/2023\/02\/cotia02-1024x768.jpeg 1024w, https:\/\/editoraopet.com.br\/blog_opet\/wp-content\/uploads\/2023\/02\/cotia02-300x225.jpeg 300w, https:\/\/editoraopet.com.br\/blog_opet\/wp-content\/uploads\/2023\/02\/cotia02-768x576.jpeg 768w, https:\/\/editoraopet.com.br\/blog_opet\/wp-content\/uploads\/2023\/02\/cotia02-1536x1152.jpeg 1536w, https:\/\/editoraopet.com.br\/blog_opet\/wp-content\/uploads\/2023\/02\/cotia02-1200x900.jpeg 1200w, https:\/\/editoraopet.com.br\/blog_opet\/wp-content\/uploads\/2023\/02\/cotia02.jpeg 1600w\" sizes=\"(max-width: 709px) 85vw, (max-width: 909px) 67vw, (max-width: 1362px) 62vw, 840px\" \/><\/p>\n<p><strong>Uma forma\u00e7\u00e3o pedag\u00f3gica especial, realizada dentro de um grande evento da educa\u00e7\u00e3o municipal.<\/strong> Assim foi o trabalho da segunda e ter\u00e7a-feira (06 e 07) da Editora Opet no munic\u00edpio parceiro de Cotia (SP), que reuniu nada menos do que 1.900 participantes dentro do <strong>3\u00ba Encontro de Formadores \u2013 Conectar para Transformar<\/strong>.<\/p>\n<p>A a\u00e7\u00e3o, que pela Editora teve a coordena\u00e7\u00e3o de <strong>Fab\u00edola Schiebelbein<\/strong> e a supervis\u00e3o regional de <strong>Daiane Veiga<\/strong>, levou a Cotia 26 formadores, que trabalharam diretamente com os professores e os gestores. O foco? <strong>Proporcionar aos educadores do munic\u00edpio conveniado a amplia\u00e7\u00e3o para o uso dos recursos educacionais Opet \u2013 os livros, os recursos digitais e as intera\u00e7\u00f5es entre impresso e digital.<\/strong><\/p>\n<h4>Uma etapa fundamental<\/h4>\n<p>O secret\u00e1rio municipal de Educa\u00e7\u00e3o de Cotia, <strong>Luciano Corr\u00eaa<\/strong>, destaca a import\u00e2ncia dessa primeira forma\u00e7\u00e3o pedag\u00f3gica do ano. \u201cChamamos esse momento de \u2018Encontro de Educadores\u2019 e o consideramos uma etapa fundamental para iniciar bem o ano, garantindo que o trabalho em nossas escolas se desenvolva com qualidade\u201d, explica.<\/p>\n<p>\u201c\u00c9, tamb\u00e9m, uma oportunidade para nossos educadores se atualizarem e se capacitarem, uma ocasi\u00e3o para trocar ideias e experi\u00eancias. Isso fortalece ainda mais a equipe educacional da nossa rede.\u201d<\/p>\n<p>Nesse processo, observa Luciano, a parceria com a Editora Opet ocupa um lugar especial. \u201cA parceria com a Editora tem sido excelente desde o in\u00edcio. O material Opet, bem como as forma\u00e7\u00f5es, t\u00eam se mostrado ferramentas essenciais para o sucesso da educa\u00e7\u00e3o em Cotia\u201d, avalia. \u00a0\u201cAcreditamos que essa uni\u00e3o de esfor\u00e7os nos permite oferecer aos nossos alunos materiais de qualidade pedag\u00f3gica, o que contribui para o pleno desenvolvimento das habilidades e conhecimentos necess\u00e1rios a uma forma\u00e7\u00e3o de excel\u00eancia.\u201d<\/p>\n<figure id=\"attachment_2927\" aria-describedby=\"caption-attachment-2927\" style=\"width: 840px\" class=\"wp-caption alignnone\"><img decoding=\"async\" loading=\"lazy\" class=\"wp-image-2927 size-large\" src=\"http:\/\/www.editoraopet.com.br\/blog_opet\/wp-content\/uploads\/2023\/02\/cotia01-1024x664.jpeg\" alt=\"\" width=\"840\" height=\"545\" srcset=\"https:\/\/editoraopet.com.br\/blog_opet\/wp-content\/uploads\/2023\/02\/cotia01-1024x664.jpeg 1024w, https:\/\/editoraopet.com.br\/blog_opet\/wp-content\/uploads\/2023\/02\/cotia01-300x195.jpeg 300w, https:\/\/editoraopet.com.br\/blog_opet\/wp-content\/uploads\/2023\/02\/cotia01-768x498.jpeg 768w, https:\/\/editoraopet.com.br\/blog_opet\/wp-content\/uploads\/2023\/02\/cotia01-1200x778.jpeg 1200w, https:\/\/editoraopet.com.br\/blog_opet\/wp-content\/uploads\/2023\/02\/cotia01.jpeg 1280w\" sizes=\"(max-width: 709px) 85vw, (max-width: 909px) 67vw, (max-width: 1362px) 62vw, 840px\" \/><figcaption id=\"caption-attachment-2927\" class=\"wp-caption-text\">O secret\u00e1rio Luciano Corr\u00eaa acompanhou a forma\u00e7\u00e3o de perto.<\/figcaption><\/figure>\n<p>Luciano participou da forma\u00e7\u00e3o e viu de perto o trabalho desenvolvido pelos professores e pelos formadores. \u201cVejo com grande satisfa\u00e7\u00e3o essa intera\u00e7\u00e3o e o engajamento dos participantes com os materiais e as ferramentas da Editora. A dedica\u00e7\u00e3o dos nossos educadores \u00e9 fundamental para o sucesso da educa\u00e7\u00e3o em Cotia. Estamos muito animados com o impacto dessa parceria em sala de aula.\u201d<\/p>\n<p>Sobre o ano letivo que est\u00e1 se iniciando agora, o secret\u00e1rio afirma que o maior compromisso \u00e9 o desenvolvimento e a recomposi\u00e7\u00e3o, quando for necess\u00e1ria, das aprendizagens dos alunos. \u201cNossa meta \u00e9 ampliar a qualidade da educa\u00e7\u00e3o que oferecemos, preparando os alunos para o futuro e garantindo que eles tenham as habilidades e os conhecimentos necess\u00e1rios para ser bem-sucedidos na vida\u201d, conclui.<\/p>\n<h4><strong>Parceria e avan\u00e7o <\/strong><\/h4>\n<p>A gerente pedag\u00f3gica da Editora Opet, <strong>Cliciane \u00c9len Augusto<\/strong>, destaca o engajamento dos gestores e dos professores de Cotia em rela\u00e7\u00e3o \u00e0 educa\u00e7\u00e3o. \u201cOs educadores do munic\u00edpio de Cotia participam das forma\u00e7\u00f5es pedag\u00f3gicas com a equipe Opet com muito engajamento e comprometimento. Desfrutam do momento para se manter atualizados com as \u00faltimas tend\u00eancias e pr\u00e1ticas pedag\u00f3gicas, bem como desenvolvem novas habilidades e compet\u00eancias que reverberam em suas salas de aula. Juntos, sabemos que a forma\u00e7\u00e3o continuada \u00e9 uma pe\u00e7a-chave para garantir uma educa\u00e7\u00e3o de qualidade!\u201d.<\/p>\n<p><img decoding=\"async\" loading=\"lazy\" class=\"alignnone size-large wp-image-2929\" src=\"http:\/\/www.editoraopet.com.br\/blog_opet\/wp-content\/uploads\/2023\/02\/cotia03-1024x768.jpeg\" alt=\"\" width=\"840\" height=\"630\" srcset=\"https:\/\/editoraopet.com.br\/blog_opet\/wp-content\/uploads\/2023\/02\/cotia03-1024x768.jpeg 1024w, https:\/\/editoraopet.com.br\/blog_opet\/wp-content\/uploads\/2023\/02\/cotia03-300x225.jpeg 300w, https:\/\/editoraopet.com.br\/blog_opet\/wp-content\/uploads\/2023\/02\/cotia03-768x576.jpeg 768w, https:\/\/editoraopet.com.br\/blog_opet\/wp-content\/uploads\/2023\/02\/cotia03-1536x1152.jpeg 1536w, https:\/\/editoraopet.com.br\/blog_opet\/wp-content\/uploads\/2023\/02\/cotia03-1200x900.jpeg 1200w, https:\/\/editoraopet.com.br\/blog_opet\/wp-content\/uploads\/2023\/02\/cotia03.jpeg 1600w\" sizes=\"(max-width: 709px) 85vw, (max-width: 909px) 67vw, (max-width: 1362px) 62vw, 840px\" \/><\/p>\n","protected":false},"excerpt":{"rendered":"<p>Uma forma\u00e7\u00e3o pedag\u00f3gica especial, realizada dentro de um grande evento da educa\u00e7\u00e3o municipal. Assim foi o trabalho da segunda e ter\u00e7a-feira (06 e 07) da Editora Opet no munic\u00edpio parceiro de Cotia (SP), que reuniu nada menos do que 1.900 participantes dentro do 3\u00ba Encontro de Formadores \u2013 Conectar para Transformar. A a\u00e7\u00e3o, que pela [&hellip;]<\/p>\n","protected":false},"author":4,"featured_media":0,"comment_status":"closed","ping_status":"closed","sticky":false,"template":"","format":"standard","meta":[],"categories":[2,130,154,3,6,150],"tags":[],"_links":{"self":[{"href":"https:\/\/editoraopet.com.br\/blog_opet\/wp-json\/wp\/v2\/posts\/2920"}],"collection":[{"href":"https:\/\/editoraopet.com.br\/blog_opet\/wp-json\/wp\/v2\/posts"}],"about":[{"href":"https:\/\/editoraopet.com.br\/blog_opet\/wp-json\/wp\/v2\/types\/post"}],"author":[{"embeddable":true,"href":"https:\/\/editoraopet.com.br\/blog_opet\/wp-json\/wp\/v2\/users\/4"}],"replies":[{"embeddable":true,"href":"https:\/\/editoraopet.com.br\/blog_opet\/wp-json\/wp\/v2\/comments?post=2920"}],"version-history":[{"count":3,"href":"https:\/\/editoraopet.com.br\/blog_opet\/wp-json\/wp\/v2\/posts\/2920\/revisions"}],"predecessor-version":[{"id":2930,"href":"https:\/\/editoraopet.com.br\/blog_opet\/wp-json\/wp\/v2\/posts\/2920\/revisions\/2930"}],"wp:attachment":[{"href":"https:\/\/editoraopet.com.br\/blog_opet\/wp-json\/wp\/v2\/media?parent=2920"}],"wp:term":[{"taxonomy":"category","embeddable":true,"href":"https:\/\/editoraopet.com.br\/blog_opet\/wp-json\/wp\/v2\/categories?post=2920"},{"taxonomy":"post_tag","embeddable":true,"href":"https:\/\/editoraopet.com.br\/blog_opet\/wp-json\/wp\/v2\/tags?post=2920"}],"curies":[{"name":"wp","href":"https:\/\/api.w.org\/{rel}","templated":true}]}}