{"id":2934,"date":"2023-02-10T10:58:40","date_gmt":"2023-02-10T13:58:40","guid":{"rendered":"http:\/\/www.editoraopet.com.br\/blog_opet\/?p=2934"},"modified":"2023-02-10T12:12:02","modified_gmt":"2023-02-10T15:12:02","slug":"2934-2","status":"publish","type":"post","link":"https:\/\/editoraopet.com.br\/blog_opet\/2934-2\/","title":{"rendered":"Chapec\u00f3: do oeste de SC, muita educa\u00e7\u00e3o!"},"content":{"rendered":"<p><img decoding=\"async\" loading=\"lazy\" class=\"alignnone size-large wp-image-2935\" src=\"http:\/\/www.editoraopet.com.br\/blog_opet\/wp-content\/uploads\/2023\/02\/CHAPEC\u00d3-03-1024x576.jpg\" alt=\"\" width=\"840\" height=\"473\" srcset=\"https:\/\/editoraopet.com.br\/blog_opet\/wp-content\/uploads\/2023\/02\/CHAPEC\u00d3-03-1024x576.jpg 1024w, https:\/\/editoraopet.com.br\/blog_opet\/wp-content\/uploads\/2023\/02\/CHAPEC\u00d3-03-300x169.jpg 300w, https:\/\/editoraopet.com.br\/blog_opet\/wp-content\/uploads\/2023\/02\/CHAPEC\u00d3-03-768x432.jpg 768w, https:\/\/editoraopet.com.br\/blog_opet\/wp-content\/uploads\/2023\/02\/CHAPEC\u00d3-03-1536x864.jpg 1536w, https:\/\/editoraopet.com.br\/blog_opet\/wp-content\/uploads\/2023\/02\/CHAPEC\u00d3-03-1200x675.jpg 1200w, https:\/\/editoraopet.com.br\/blog_opet\/wp-content\/uploads\/2023\/02\/CHAPEC\u00d3-03.jpg 1599w\" sizes=\"(max-width: 709px) 85vw, (max-width: 909px) 67vw, (max-width: 1362px) 62vw, 840px\" \/><\/p>\n<p><strong>Chapec\u00f3 \u00e9 um dos munic\u00edpios mais importantes de Santa Catarina. Situado no Oeste do Estado, \u00e9 um polo econ\u00f4mico e uma refer\u00eancia regional, inclusive na educa\u00e7\u00e3o p\u00fablica. <\/strong><\/p>\n<p>L\u00e1, ontem e hoje (09 e 10), a primeira forma\u00e7\u00e3o pedag\u00f3gica do ano est\u00e1 reunindo cerca de <strong>2,8 mil<\/strong> professores da Educa\u00e7\u00e3o Infantil (com implanta\u00e7\u00e3o dos materiais para as crian\u00e7as de cinco anos) e do Ensino Fundamental (Anos Iniciais e Finais), al\u00e9m dos vice-gestores das institui\u00e7\u00f5es que atendem o Ensino Fundamental. No encontro, tamb\u00e9m foi realizada uma palestra para os professores da Educa\u00e7\u00e3o Infantil e da Educa\u00e7\u00e3o Especial.<\/p>\n<p>A forma\u00e7\u00e3o levou ao munic\u00edpio 39 formadores da Editora, que trabalharam em parceria com a equipe da secretaria municipal de Educa\u00e7\u00e3o.<\/p>\n<p>\u201cComo integrante da equipe da Editora, sinto que o encontro est\u00e1 cumprindo um prop\u00f3sito importante, de promover reflex\u00f5es, estudos e planejamentos com base nos materiais did\u00e1ticos. Para isso, contamos com a experi\u00eancia e a sabedoria dos professores e gestores para o bem maior, que \u00e9 a excel\u00eancia da educa\u00e7\u00e3o\u201d, avalia <strong>Kelly Lotz<\/strong>, supervisora regional da Editora e uma das respons\u00e1veis na organiza\u00e7\u00e3o do evento. Al\u00e9m dela, a organiza\u00e7\u00e3o da forma\u00e7\u00e3o, pela Editora, foi realizada pelas supervisoras <strong>R\u00fabia Cristina da Costa<\/strong> e <strong>Marina Cabral Rhinow<\/strong>, com a coordena\u00e7\u00e3o pedag\u00f3gica de <strong>Fab\u00edola Schiebelbein <\/strong>e a ger\u00eancia pedag\u00f3gica de <strong>Cliciane \u00c9len Augusto<\/strong>.<\/p>\n<figure id=\"attachment_2936\" aria-describedby=\"caption-attachment-2936\" style=\"width: 850px\" class=\"wp-caption alignnone\"><img decoding=\"async\" loading=\"lazy\" class=\"wp-image-2936 size-full\" src=\"http:\/\/www.editoraopet.com.br\/blog_opet\/wp-content\/uploads\/2023\/02\/astrid.jpg\" alt=\"\" width=\"850\" height=\"566\" srcset=\"https:\/\/editoraopet.com.br\/blog_opet\/wp-content\/uploads\/2023\/02\/astrid.jpg 850w, https:\/\/editoraopet.com.br\/blog_opet\/wp-content\/uploads\/2023\/02\/astrid-300x200.jpg 300w, https:\/\/editoraopet.com.br\/blog_opet\/wp-content\/uploads\/2023\/02\/astrid-768x511.jpg 768w\" sizes=\"(max-width: 709px) 85vw, (max-width: 909px) 67vw, (max-width: 1362px) 62vw, 840px\" \/><figcaption id=\"caption-attachment-2936\" class=\"wp-caption-text\">A secret\u00e1ria Astrit Tozzo com os professores participantes da primeira forma\u00e7\u00e3o pedag\u00f3gica do ano em Chapec\u00f3.<\/figcaption><\/figure>\n<p>\u201c\u00c9 muito importante para o andamento do ano letivo orientar e aperfei\u00e7oar a forma\u00e7\u00e3o dos nossos professores\u201d, diz a secret\u00e1ria municipal de Educa\u00e7\u00e3o de Chapec\u00f3, <strong>Astrit Tozzo<\/strong>.<\/p>\n<p>\u201cCom esse momento de estudo, os profissionais est\u00e3o aptos a explorar ainda mais o material did\u00e1tico utilizado pela rede, o que provoca maior desenvolvimento das habilidades de nossos estudantes.\u201d<\/p>\n<h4><strong>Um percurso mais seguro<\/strong><\/h4>\n<p>Para a diretora pedag\u00f3gica da secret\u00e1ria municipal de Educa\u00e7\u00e3o de Chapec\u00f3, professora <strong>M\u00e1rcia Wurzius<\/strong>, esse primeiro momento formativo do ano \u00e9 fundamental para o in\u00edcio dos trabalhos pedag\u00f3gicos.<\/p>\n<p>\u201cPor meio das forma\u00e7\u00f5es, os professores conhecem as ferramentas ofertadas pela Editora e se fortalecem para o efetivo trabalho com os alunos, podendo tra\u00e7ar um percurso mais seguro e com metas definidas para o processo de ensino-aprendizagem\u201d, observa.<\/p>\n<p><img decoding=\"async\" loading=\"lazy\" class=\"alignnone size-large wp-image-2937\" src=\"http:\/\/www.editoraopet.com.br\/blog_opet\/wp-content\/uploads\/2023\/02\/CHAPEC\u00d3-04-1024x768.jpg\" alt=\"\" width=\"840\" height=\"630\" srcset=\"https:\/\/editoraopet.com.br\/blog_opet\/wp-content\/uploads\/2023\/02\/CHAPEC\u00d3-04-1024x768.jpg 1024w, https:\/\/editoraopet.com.br\/blog_opet\/wp-content\/uploads\/2023\/02\/CHAPEC\u00d3-04-300x225.jpg 300w, https:\/\/editoraopet.com.br\/blog_opet\/wp-content\/uploads\/2023\/02\/CHAPEC\u00d3-04-768x576.jpg 768w, https:\/\/editoraopet.com.br\/blog_opet\/wp-content\/uploads\/2023\/02\/CHAPEC\u00d3-04-1536x1152.jpg 1536w, https:\/\/editoraopet.com.br\/blog_opet\/wp-content\/uploads\/2023\/02\/CHAPEC\u00d3-04-1200x900.jpg 1200w, https:\/\/editoraopet.com.br\/blog_opet\/wp-content\/uploads\/2023\/02\/CHAPEC\u00d3-04.jpg 1600w\" sizes=\"(max-width: 709px) 85vw, (max-width: 909px) 67vw, (max-width: 1362px) 62vw, 840px\" \/><\/p>\n<p>M\u00e1rcia destaca a import\u00e2ncia do encontro em rela\u00e7\u00e3o \u00e0 percep\u00e7\u00e3o, pelos educadores, do potencial de trabalho do sistema de ensino. \u201cChamam a nossa aten\u00e7\u00e3o as possibilidades e estrat\u00e9gias did\u00e1ticas do material f\u00edsico e da plataforma digital\u201d, observa. O que se reflete sobre o engajamento dos professores. \u201cEles est\u00e3o motivados para receber as informa\u00e7\u00f5es. Todos devem estar comprometidos com o mesmo objetivo que \u00e9 a qualidade e o sucesso do aluno\u201d, conclui.<\/p>\n<p><em>(*) &#8211; Com informa\u00e7\u00f5es da Comunica\u00e7\u00e3o Social da Prefeitura de Chapec\u00f3.<\/em><\/p>\n<p>&nbsp;<\/p>\n","protected":false},"excerpt":{"rendered":"<p>Chapec\u00f3 \u00e9 um dos munic\u00edpios mais importantes de Santa Catarina. Situado no Oeste do Estado, \u00e9 um polo econ\u00f4mico e uma refer\u00eancia regional, inclusive na educa\u00e7\u00e3o p\u00fablica. L\u00e1, ontem e hoje (09 e 10), a primeira forma\u00e7\u00e3o pedag\u00f3gica do ano est\u00e1 reunindo cerca de 2,8 mil professores da Educa\u00e7\u00e3o Infantil (com implanta\u00e7\u00e3o dos materiais para [&hellip;]<\/p>\n","protected":false},"author":4,"featured_media":0,"comment_status":"closed","ping_status":"closed","sticky":false,"template":"","format":"standard","meta":[],"categories":[130,154,3,97],"tags":[],"_links":{"self":[{"href":"https:\/\/editoraopet.com.br\/blog_opet\/wp-json\/wp\/v2\/posts\/2934"}],"collection":[{"href":"https:\/\/editoraopet.com.br\/blog_opet\/wp-json\/wp\/v2\/posts"}],"about":[{"href":"https:\/\/editoraopet.com.br\/blog_opet\/wp-json\/wp\/v2\/types\/post"}],"author":[{"embeddable":true,"href":"https:\/\/editoraopet.com.br\/blog_opet\/wp-json\/wp\/v2\/users\/4"}],"replies":[{"embeddable":true,"href":"https:\/\/editoraopet.com.br\/blog_opet\/wp-json\/wp\/v2\/comments?post=2934"}],"version-history":[{"count":6,"href":"https:\/\/editoraopet.com.br\/blog_opet\/wp-json\/wp\/v2\/posts\/2934\/revisions"}],"predecessor-version":[{"id":2943,"href":"https:\/\/editoraopet.com.br\/blog_opet\/wp-json\/wp\/v2\/posts\/2934\/revisions\/2943"}],"wp:attachment":[{"href":"https:\/\/editoraopet.com.br\/blog_opet\/wp-json\/wp\/v2\/media?parent=2934"}],"wp:term":[{"taxonomy":"category","embeddable":true,"href":"https:\/\/editoraopet.com.br\/blog_opet\/wp-json\/wp\/v2\/categories?post=2934"},{"taxonomy":"post_tag","embeddable":true,"href":"https:\/\/editoraopet.com.br\/blog_opet\/wp-json\/wp\/v2\/tags?post=2934"}],"curies":[{"name":"wp","href":"https:\/\/api.w.org\/{rel}","templated":true}]}}