{"id":2971,"date":"2023-06-15T16:40:41","date_gmt":"2023-06-15T19:40:41","guid":{"rendered":"https:\/\/editoraopet.com.br\/blog_opet\/?p=2971"},"modified":"2023-06-16T09:26:02","modified_gmt":"2023-06-16T12:26:02","slug":"muitos-olhares-para-a-educacao","status":"publish","type":"post","link":"https:\/\/editoraopet.com.br\/blog_opet\/muitos-olhares-para-a-educacao\/","title":{"rendered":"Muitos olhares para a Educa\u00e7\u00e3o:"},"content":{"rendered":"\n<p class=\"has-medium-font-size\"><strong>Jornada Formativa Multirregional re\u00fane professores e gestores do PR e SC em Curitiba<\/strong><\/p>\n\n\n\n<p><\/p>\n\n\n<div class=\"wp-block-image\">\n<figure class=\"aligncenter size-full\"><img decoding=\"async\" loading=\"lazy\" width=\"4000\" height=\"1848\" src=\"https:\/\/editoraopet.com.br\/blog_opet\/wp-content\/uploads\/2023\/06\/20230615_083038.jpg\" alt=\"\" class=\"wp-image-2978\"\/><\/figure><\/div>\n\n\n<p><\/p>\n\n\n\n<p>Professores especialistas e gestores de <strong>27 munic\u00edpios<\/strong> parceiros da Editora Opet no <strong>Paran\u00e1<\/strong> e em <strong>Santa Catarina<\/strong> viveram nesta semana uma experi\u00eancia enriquecedora de troca de ideias e de constru\u00e7\u00e3o conjunta do conhecimento. Eles estiveram em Curitiba para participar da <strong>2\u00aa Jornada Formativa Multirregional<\/strong>, que na quinta e sexta-feira (15 e 16) reuniu mais de 150 inscritos. Entre os professores especialistas estiveram os de Arte, Educa\u00e7\u00e3o F\u00edsica e Ingl\u00eas e, entre os gestores, secret\u00e1rios, diretores de escola e coordenadores da Educa\u00e7\u00e3o Infantil e do Ensino Fundamental.<\/p>\n\n\n\n<p>A jornada formativa multirregional, como explica <strong>Fab\u00edola Schiebelbein<\/strong>, coordenadora pedag\u00f3gica da Editora Opet, \u00e9 uma oportunidade especial para a troca de conhecimentos e experi\u00eancias. <em>\u201cOs professores e os gestores trazem suas quest\u00f5es, desafios e solu\u00e7\u00f5es, e tamb\u00e9m dialogam com os formadores da Editora. Eles percebem, por exemplo, que muitas das suas quest\u00f5es, das suas d\u00favidas, s\u00e3o as mesmas de outros gestores, e que h\u00e1 diferentes possibilidades de resposta. Esses conhecimentos s\u00e3o compartilhados\u201d<\/em>, observa Fab\u00edola.<\/p>\n\n\n\n<p class=\"has-medium-font-size\"><strong><em>Desafios e caminhos compartilhados<\/em><\/strong><\/p>\n\n\n\n<p><\/p>\n\n\n\n<div class=\"wp-block-media-text alignwide is-stacked-on-mobile is-vertically-aligned-top\" style=\"grid-template-columns:36% auto\"><figure class=\"wp-block-media-text__media\"><img decoding=\"async\" loading=\"lazy\" width=\"600\" height=\"600\" src=\"https:\/\/editoraopet.com.br\/blog_opet\/wp-content\/uploads\/2023\/06\/sec_nadia_01_selec-1.jpg\" alt=\"\" class=\"wp-image-2980 size-full\"\/><\/figure><div class=\"wp-block-media-text__content\">\n<p><strong>Nadia Terezinha Poletto<\/strong> \u00e9 secret\u00e1ria municipal de Educa\u00e7\u00e3o de Ponte Serrada, munic\u00edpio da regi\u00e3o oeste de Santa Catarina que se tornou parceiro Opet neste ano. <em>\u201cO contato mais pr\u00f3ximo com a equipe da Editora, assim como com os outros gestores, \u00e9 algo muito importante\u201d<\/em>, avalia. <\/p>\n<\/div><\/div>\n\n\n\n<p><\/p>\n\n\n\n<p><em>\u201cMuitas vezes, a forma como o gestor de outro munic\u00edpio lida com os problemas \u00e9 diferente, e isto gera reflex\u00e3o. Essa viv\u00eancia \u00e9 muito importante.\u201d <\/em>Ela considera a parceria com a Editora excelente. <em>\u201cAlcan\u00e7ou e foi al\u00e9m das nossas expectativas. Os professores est\u00e3o maravilhados!\u201d<\/em>, conta.<\/p>\n\n\n\n<div class=\"wp-block-media-text alignwide is-stacked-on-mobile is-vertically-aligned-top\" style=\"grid-template-columns:36% auto\"><figure class=\"wp-block-media-text__media\"><img decoding=\"async\" loading=\"lazy\" width=\"600\" height=\"600\" src=\"https:\/\/editoraopet.com.br\/blog_opet\/wp-content\/uploads\/2023\/06\/SECRETARIA-FRANCISCA-1.jpg\" alt=\"\" class=\"wp-image-2983 size-full\"\/><\/figure><div class=\"wp-block-media-text__content\">\n<p>A secret\u00e1ria municipal de Educa\u00e7\u00e3o de S\u00e3o Sebasti\u00e3o da Amoreira (PR), <strong>Francisca Barbosa da Silva Bueno, <\/strong>participou da forma\u00e7\u00e3o dos gestores da Educa\u00e7\u00e3o Infantil. <em>\u201cA import\u00e2ncia desse encontro, dessa forma\u00e7\u00e3o, \u00e9 muito grande. N\u00f3s, gestores, devemos estar por dentro de tudo o que acontece na educa\u00e7\u00e3o municipal \u2013 e a Educa\u00e7\u00e3o Infantil \u00e9 uma parte muito importante deste contexto\u201d<\/em>, observa<em>. <\/em><\/p>\n<\/div><\/div>\n\n\n\n<p><em>\u201cEstou gostando muito da forma\u00e7\u00e3o. Os temas s\u00e3o pertinentes. E, al\u00e9m disso, n\u00f3s vemos que as dificuldades s\u00e3o compartilhadas, assim como os caminhos para solucionar os problemas.\u201d<\/em><\/p>\n\n\n\n<div class=\"wp-block-media-text alignwide is-stacked-on-mobile is-vertically-aligned-top\" style=\"grid-template-columns:36% auto\"><figure class=\"wp-block-media-text__media\"><img decoding=\"async\" loading=\"lazy\" width=\"600\" height=\"600\" src=\"https:\/\/editoraopet.com.br\/blog_opet\/wp-content\/uploads\/2023\/06\/SECRETARIA-GLAUCIA.jpg\" alt=\"\" class=\"wp-image-3001 size-full\"\/><\/figure><div class=\"wp-block-media-text__content\">\n<p><em>\u201cEssa troca de experi\u00eancias entre munic\u00edpios e at\u00e9 mesmo entre Estados, com suas caraceter\u00edsticas e desafios, \u00e9 bem importante\u201d,<\/em> avalia <strong>Glaucia Keila Cabral Santos<\/strong>, secret\u00e1ria municipal de Educa\u00e7\u00e3o de Carl\u00f3polis, parceiro situado no chamado Norte Pioneiro paranaense.<\/p>\n\n\n\n<p><\/p>\n\n\n\n<p><\/p>\n<\/div><\/div>\n\n\n\n<p><\/p>\n\n\n\n<p><em>&#8220;Da mesma forma, \u00e9 importante trazer os gestores da secretaria e das escolas para que eles conhe\u00e7am diferentes realidades da educa\u00e7\u00e3o, assim como as novas tecnologias educacionais que surgiram durante e no p\u00f3s-pandemia\u201d, <\/em>pondera.<\/p>\n\n\n\n<p><strong><em>Viv\u00eancias da Educa\u00e7\u00e3o<\/em><\/strong><\/p>\n\n\n\n<figure class=\"wp-block-image size-full\"><img decoding=\"async\" loading=\"lazy\" width=\"1200\" height=\"800\" src=\"https:\/\/editoraopet.com.br\/blog_opet\/wp-content\/uploads\/2023\/06\/selecs-1.jpg\" alt=\"\" class=\"wp-image-3020\"\/><\/figure>\n\n\n\n<p><\/p>\n\n\n\n<div class=\"wp-block-media-text alignwide has-media-on-the-right is-stacked-on-mobile is-vertically-aligned-top\" style=\"grid-template-columns:auto 33%\"><div class=\"wp-block-media-text__content\">\n<p><strong>Cristiane de Carvalho Aguiar dos Santos<\/strong> \u00e9 professora de Ingl\u00eas da rede municipal de ensino de Paranagu\u00e1 e veio para forma\u00e7\u00e3o espec\u00edfica do componente curricular. Para ela, o encontro em Curitiba \u00e9 uma inspira\u00e7\u00e3o. <em>\u201cCada professor mostra o cen\u00e1rio do seu munic\u00edpio, fala do seu trabalho, sua realidade, e a partir disto surge uma curiosidade: ser\u00e1 que eu poderia levar essas experi\u00eancias para a minha sala de aula?\u201d<\/em>, conta. <\/p>\n\n\n\n<p><\/p>\n<\/div><figure class=\"wp-block-media-text__media\"><img decoding=\"async\" loading=\"lazy\" width=\"600\" height=\"800\" src=\"https:\/\/editoraopet.com.br\/blog_opet\/wp-content\/uploads\/2023\/06\/PROFESSORA-CRISTIANE.jpg\" alt=\"\" class=\"wp-image-2990 size-full\"\/><\/figure><\/div>\n\n\n\n<p><em>\u201cEssas trocas at\u00e9 nos d\u00e3o ideias para projetos como os que apresentamos ao Pr\u00eamio A\u00e7\u00e3o Destaque, da Editora Opet\u201d<\/em>, explica. Cristiane, ali\u00e1s, foi duas vezes premiada no A\u00e7\u00e3o Destaque, e j\u00e1 est\u00e1 se preparando para a edi\u00e7\u00e3o deste ano, que acontece no segundo semestre.<\/p>\n\n\n\n<p><\/p>\n\n\n\n<div class=\"wp-block-media-text alignwide is-stacked-on-mobile\" style=\"grid-template-columns:31% auto\"><figure class=\"wp-block-media-text__media\"><img decoding=\"async\" loading=\"lazy\" width=\"600\" height=\"800\" src=\"https:\/\/editoraopet.com.br\/blog_opet\/wp-content\/uploads\/2023\/06\/PROFESSORA-ELISANGELA.jpg\" alt=\"\" class=\"wp-image-2997 size-full\"\/><\/figure><div class=\"wp-block-media-text__content\">\n<p>A professora <strong>Elis\u00e2ngela da Silva Oliveira<\/strong> veio de Gr\u00e3o-Par\u00e1, munic\u00edpio do sul de Santa Catarina&nbsp; &#8211; foi sua primeira vez em um encontro multirregional. <em>\u201cN\u00e3o me arrependo de ter vindo, mesmo!\u201d<\/em>, conta. <em>\u201cS\u00f3 posso dizer que minha mente mudou. \u00c9 muito aprendizado e vale muito a pena\u201d<\/em>, comemora.<\/p>\n<\/div><\/div>\n\n\n\n<p><\/p>\n\n\n\n<p><strong><em>Diversidade de experi\u00eancias e olhares<\/em><\/strong><\/p>\n\n\n\n<p>A assessora pedag\u00f3gica <strong>Micheli Nakonaski<\/strong> foi uma das respons\u00e1veis da Editora pela forma\u00e7\u00e3o dos gestores da Educa\u00e7\u00e3o Infantil. <em>\u201cEstamos reunindo educadores e gestores de muitos munic\u00edpios, e a diversidade de experi\u00eancias e olhares que eles est\u00e3o trazendo \u00e9 muito grande. O sucesso de um evento como esse est\u00e1 na troca dessas experi\u00eancias, e n\u00f3s estamos tendo muito sucesso nisto. Existe uma pot\u00eancia refor\u00e7ada de aprendizado\u201d<\/em>, observa.<\/p>\n\n\n\n<p>A gerente pedag\u00f3gica da Editora Opet, <strong>Cliciane \u00c9len Augusto<\/strong>, destaca a import\u00e2ncia da presen\u00e7a dos professores e dos gestores em Curitiba, cidade-sede da Editora Opet. <em>\u201cReceb\u00ea-los aqui \u00e9 como quando a gente recebe algu\u00e9m em casa. Pensamos em tudo com muito carinho, cuidado e foco nos temas de interesse formativo. Al\u00e9m disso, Curitiba oferece muitas experi\u00eancias culturais, o que tamb\u00e9m colabora para uma forma\u00e7\u00e3o mais ampla dos participantes\u201d<\/em>, observa. Cliciane destaca, ainda, a ades\u00e3o dos participantes, que este ano foi muito grande. <em>\u201cEu diria que este evento tem um potencial muito grande de crescimento para o ano que vem.\u201d<\/em> <\/p>\n\n\n\n<p>A jornada multirregional tem como formadores os assessores pedag\u00f3gicos Daniel Masetto, Luciano Gurski, Marcia Ribeiro, Micheli Naconaski e Vera Rauta, com a orienta\u00e7\u00e3o das supervisoras pedag\u00f3gicas Marina Rhinow e Rubia Cristina da Costa. O evento foi organizado pela equipe de Supervis\u00e3o Regional da Editora Opet &#8211; Daniela Gureski, Elaine Fernanda, J\u00e9ssica Fernanda, Kelly Lotz e Fernando Correa -, com a orienta\u00e7\u00e3o da coordenadora pedag\u00f3gica Fab\u00edola Schiebelbein e da gerente pedag\u00f3gica Cliciane \u00c9len Augusto.<\/p>\n\n\n\n<p><a href=\"https:\/\/br.pinterest.com\/editoraopet\/2-jornada-formativa-multirregional-editora-opet\/\">CONFIRA MAIS FOTOS DA 2\u00aa JORNADA MULTIRREGIONAL EM NOSSA P\u00c1GINA NO PINTEREST<\/a><\/p>\n\n\n\n<p><\/p>\n","protected":false},"excerpt":{"rendered":"<p>Jornada Formativa Multirregional re\u00fane professores e gestores do PR e SC em Curitiba Professores especialistas e gestores de 27 munic\u00edpios parceiros da Editora Opet no Paran\u00e1 e em Santa Catarina viveram nesta semana uma experi\u00eancia enriquecedora de troca de ideias e de constru\u00e7\u00e3o conjunta do conhecimento. Eles estiveram em Curitiba para participar da 2\u00aa Jornada [&hellip;]<\/p>\n","protected":false},"author":2,"featured_media":0,"comment_status":"closed","ping_status":"closed","sticky":false,"template":"","format":"standard","meta":[],"categories":[2,130,3,97,6,150,1],"tags":[],"_links":{"self":[{"href":"https:\/\/editoraopet.com.br\/blog_opet\/wp-json\/wp\/v2\/posts\/2971"}],"collection":[{"href":"https:\/\/editoraopet.com.br\/blog_opet\/wp-json\/wp\/v2\/posts"}],"about":[{"href":"https:\/\/editoraopet.com.br\/blog_opet\/wp-json\/wp\/v2\/types\/post"}],"author":[{"embeddable":true,"href":"https:\/\/editoraopet.com.br\/blog_opet\/wp-json\/wp\/v2\/users\/2"}],"replies":[{"embeddable":true,"href":"https:\/\/editoraopet.com.br\/blog_opet\/wp-json\/wp\/v2\/comments?post=2971"}],"version-history":[{"count":49,"href":"https:\/\/editoraopet.com.br\/blog_opet\/wp-json\/wp\/v2\/posts\/2971\/revisions"}],"predecessor-version":[{"id":3037,"href":"https:\/\/editoraopet.com.br\/blog_opet\/wp-json\/wp\/v2\/posts\/2971\/revisions\/3037"}],"wp:attachment":[{"href":"https:\/\/editoraopet.com.br\/blog_opet\/wp-json\/wp\/v2\/media?parent=2971"}],"wp:term":[{"taxonomy":"category","embeddable":true,"href":"https:\/\/editoraopet.com.br\/blog_opet\/wp-json\/wp\/v2\/categories?post=2971"},{"taxonomy":"post_tag","embeddable":true,"href":"https:\/\/editoraopet.com.br\/blog_opet\/wp-json\/wp\/v2\/tags?post=2971"}],"curies":[{"name":"wp","href":"https:\/\/api.w.org\/{rel}","templated":true}]}}