{"id":3214,"date":"2023-08-23T11:52:07","date_gmt":"2023-08-23T14:52:07","guid":{"rendered":"https:\/\/editoraopet.com.br\/blog_opet\/?p=3214"},"modified":"2023-08-23T16:41:04","modified_gmt":"2023-08-23T19:41:04","slug":"assembleia-legislativa-do-parana-homenageia-os-50-anos-do-grupo-educacional-opet","status":"publish","type":"post","link":"https:\/\/editoraopet.com.br\/blog_opet\/assembleia-legislativa-do-parana-homenageia-os-50-anos-do-grupo-educacional-opet\/","title":{"rendered":"Assembleia Legislativa do Paran\u00e1 homenageia o Grupo Educacional Opet por seus 50 anos"},"content":{"rendered":"<div class=\"wp-block-image\">\n<figure class=\"aligncenter size-full\"><img decoding=\"async\" loading=\"lazy\" width=\"800\" height=\"533\" src=\"https:\/\/editoraopet.com.br\/blog_opet\/wp-content\/uploads\/2023\/08\/solene01a.jpg\" alt=\"\" class=\"wp-image-3216\"\/><\/figure><\/div>\n\n\n<p><\/p>\n\n\n\n<p>Os 50 anos do Grupo Educacional Opet foram celebrados na noite de ontem (22) em uma sess\u00e3o solene da Assembleia Legislativa do Paran\u00e1, em Curitiba, que contou com a participa\u00e7\u00e3o de autoridades e colaboradores da Opet. O projeto da sess\u00e3o, de autoria do deputado <strong>Fabio Oliveira<\/strong> \u2013 presidente da Comiss\u00e3o de Ci\u00eancia, Tecnologia, Inova\u00e7\u00e3o e Ensino Superior -, abrangeu tamb\u00e9m um diploma de Men\u00e7\u00e3o Honrosa P\u00f3stuma ao fundador da Opet, <strong>Professor Jos\u00e9 Antonio Karam<\/strong> (1947-2021), entregue \u00e0 sua vi\u00fava, a professora <strong>Regina Karam<\/strong>. O Grupo tamb\u00e9m foi homenageado com um diploma de Men\u00e7\u00e3o Honrosa pelas cinco d\u00e9cadas de contribui\u00e7\u00e3o para a sociedade.<\/p>\n\n\n\n<figure class=\"wp-block-image size-full\"><img decoding=\"async\" loading=\"lazy\" width=\"799\" height=\"533\" src=\"https:\/\/editoraopet.com.br\/blog_opet\/wp-content\/uploads\/2023\/08\/solene01c.jpg\" alt=\"\" class=\"wp-image-3219\"\/><\/figure>\n\n\n\n<p><\/p>\n\n\n\n<p>Em seu discurso, Oliveira saudou a trajet\u00f3ria de Karam, um educador que, com esp\u00edrito empreendedor, levou o nome Opet a todo o pa\u00eds \u2013 afirmando, sempre, uma proposta de educa\u00e7\u00e3o humana, cidad\u00e3 e relevante.<\/p>\n\n\n\n<p><em>\u201cN\u00e3o h\u00e1 como pensar na hist\u00f3ria educacional do Paran\u00e1 sem considerar os diversos grupos educacionais do Estado, e um deles \u00e9 a Opet\u201d<\/em>, observou o deputado. <em>\u201cDesejamos que a Opet continue por pelo menos mais 50 anos, transmitindo o conhecimento e a educa\u00e7\u00e3o exitosa que todos reconhecemos\u201d<\/em>.<\/p>\n\n\n\n<p>Ele tamb\u00e9m destacou a presen\u00e7a na sess\u00e3o e a import\u00e2ncia da fam\u00edlia de Karam \u2013 os filhos, Adriana, Luciano e Daniele, gestores da Opet, e a vi\u00fava, Regina Karam, que tamb\u00e9m tem uma trajet\u00f3ria importante como educadora \u2013 para o sucesso do grupo educacional.<\/p>\n\n\n\n<p><strong>Jornada &#8211; <\/strong>O Grupo Educacional Opet nasceu em 1973 em Curitiba como uma pequena escola de cursos profissionalizantes. Hoje, com o Centro Universit\u00e1rio UniOpet e a Editora Opet, alcan\u00e7a centenas de milhares de estudantes e professores em todo o pa\u00eds, oferecendo um sistema de ensino de alta qualidade, gradua\u00e7\u00e3o e p\u00f3s-gradua\u00e7\u00e3o nos formatos presencial, EAD e h\u00edbrido. Apenas no segmento de sistemas de ensino, com a Editora Opet, est\u00e1 presente em 99 munic\u00edpios, atendendo 470 mil estudantes e cerca de 30 mil professores nas redes p\u00fablica e privada.<\/p>\n\n\n\n<figure class=\"wp-block-image size-full\"><img decoding=\"async\" loading=\"lazy\" width=\"799\" height=\"533\" src=\"https:\/\/editoraopet.com.br\/blog_opet\/wp-content\/uploads\/2023\/08\/solene01d.jpg\" alt=\"\" class=\"wp-image-3220\"\/><\/figure>\n\n\n\n<p><\/p>\n\n\n\n<p><strong>Olhar inovador \u2013 <\/strong>A presidente do Grupo Educacional Opet, <strong>Adriana Karam Koleski<\/strong> (foto), agradeceu aos deputados pela homenagem e narrou a trajet\u00f3ria da institui\u00e7\u00e3o, destacando o olhar inovador do pai, que se mant\u00e9m como refer\u00eancia para o trabalho.<\/p>\n\n\n\n<p><em>\u201cEssa sess\u00e3o solene deixaria o Professor Karam muito honrado e muito feliz, como nos deixa, a todos, honrados e felizes. \u00c9 o reconhecimento de uma jornada de amor pela educa\u00e7\u00e3o, pelo conhecimento relevante, que tamb\u00e9m leva o nome do Paran\u00e1 a todo o Brasil a partir da sala de aula\u201d<\/em>, observou.<\/p>\n\n\n\n<p><\/p>\n\n\n\n<figure class=\"wp-block-image size-full\"><img decoding=\"async\" loading=\"lazy\" width=\"799\" height=\"533\" src=\"https:\/\/editoraopet.com.br\/blog_opet\/wp-content\/uploads\/2023\/08\/solene01b.jpg\" alt=\"\" class=\"wp-image-3217\"\/><\/figure>\n\n\n\n<p><\/p>\n\n\n\n<p><em>\u201cEssa homenagem \u00e9 o reconhecimento por todo trabalho efetuado pela nossa empresa, com muito amor e com muita vida\u201d<\/em>, observou <strong>Dona Regina Karam<\/strong> (foto). <em>\u201cPara a nossa fam\u00edlia, a educa\u00e7\u00e3o sempre foi muito importante. O legado do meu marido traz a esperan\u00e7a de seguir por muito contribuindo com o desenvolvimento do nosso pa\u00eds, da nossa sociedade. Essa \u00e9 a ess\u00eancia da Opet.\u201d<\/em><\/p>\n\n\n\n<p>(*) &#8211; Cr\u00e9dito das imagens: Comunica\u00e7\u00e3o Social\/Imprensa &#8211; Assembleia Legislativa do Estado do Paran\u00e1.<\/p>\n\n\n\n<p><a href=\"https:\/\/www.flickr.com\/photos\/59076512@N05\/sets\/72177720310667502\"><strong>Confira mais fotos da cerim\u00f4nia CLICANDO AQUI!<\/strong><\/a><\/p>\n\n\n\n<p> <\/p>\n","protected":false},"excerpt":{"rendered":"<p>Os 50 anos do Grupo Educacional Opet foram celebrados na noite de ontem (22) em uma sess\u00e3o solene da Assembleia Legislativa do Paran\u00e1, em Curitiba, que contou com a participa\u00e7\u00e3o de autoridades e colaboradores da Opet. O projeto da sess\u00e3o, de autoria do deputado Fabio Oliveira \u2013 presidente da Comiss\u00e3o de Ci\u00eancia, Tecnologia, Inova\u00e7\u00e3o e [&hellip;]<\/p>\n","protected":false},"author":2,"featured_media":0,"comment_status":"closed","ping_status":"closed","sticky":false,"template":"","format":"standard","meta":[],"categories":[2,130,154,4,3,146,6,150,1],"tags":[165,184,185,7,18,17],"_links":{"self":[{"href":"https:\/\/editoraopet.com.br\/blog_opet\/wp-json\/wp\/v2\/posts\/3214"}],"collection":[{"href":"https:\/\/editoraopet.com.br\/blog_opet\/wp-json\/wp\/v2\/posts"}],"about":[{"href":"https:\/\/editoraopet.com.br\/blog_opet\/wp-json\/wp\/v2\/types\/post"}],"author":[{"embeddable":true,"href":"https:\/\/editoraopet.com.br\/blog_opet\/wp-json\/wp\/v2\/users\/2"}],"replies":[{"embeddable":true,"href":"https:\/\/editoraopet.com.br\/blog_opet\/wp-json\/wp\/v2\/comments?post=3214"}],"version-history":[{"count":5,"href":"https:\/\/editoraopet.com.br\/blog_opet\/wp-json\/wp\/v2\/posts\/3214\/revisions"}],"predecessor-version":[{"id":3226,"href":"https:\/\/editoraopet.com.br\/blog_opet\/wp-json\/wp\/v2\/posts\/3214\/revisions\/3226"}],"wp:attachment":[{"href":"https:\/\/editoraopet.com.br\/blog_opet\/wp-json\/wp\/v2\/media?parent=3214"}],"wp:term":[{"taxonomy":"category","embeddable":true,"href":"https:\/\/editoraopet.com.br\/blog_opet\/wp-json\/wp\/v2\/categories?post=3214"},{"taxonomy":"post_tag","embeddable":true,"href":"https:\/\/editoraopet.com.br\/blog_opet\/wp-json\/wp\/v2\/tags?post=3214"}],"curies":[{"name":"wp","href":"https:\/\/api.w.org\/{rel}","templated":true}]}}