{"id":3358,"date":"2023-10-19T11:05:29","date_gmt":"2023-10-19T14:05:29","guid":{"rendered":"https:\/\/editoraopet.com.br\/blog_opet\/?p=3358"},"modified":"2023-10-20T10:03:48","modified_gmt":"2023-10-20T13:03:48","slug":"editora-celebra-dez-anos-de-parceria-com-fortaleza-no-festival-internacional-outubro-docente","status":"publish","type":"post","link":"https:\/\/editoraopet.com.br\/blog_opet\/editora-celebra-dez-anos-de-parceria-com-fortaleza-no-festival-internacional-outubro-docente\/","title":{"rendered":"Editora celebra dez anos de parceria com Fortaleza no Festival Internacional Outubro Docente"},"content":{"rendered":"\n<figure class=\"wp-block-image size-full\"><img decoding=\"async\" loading=\"lazy\" width=\"1600\" height=\"927\" src=\"https:\/\/editoraopet.com.br\/blog_opet\/wp-content\/uploads\/2023\/10\/secretaria.png\" alt=\"\" class=\"wp-image-3366\"\/><figcaption class=\"wp-element-caption\"><em>No estande da Editora, a equipe pedag\u00f3gica de Fortaleza com a secret\u00e1ria Dalila Saldanha de Freitas<\/em>.<\/figcaption><\/figure>\n\n\n\n<p><\/p>\n\n\n\n<p>Ao longo de toda a semana, a Editora participou do<strong> &#8220;Festival Internacional Outubro Docente&#8221;<\/strong>, um dos grandes encontros anuais da rede municipal de ensino de Fortaleza, que homenageia os docentes em seu m\u00eas. Entre segunda e sexta-feira, o festival reuniu nada menos do que <strong>dez mil professores <\/strong>\u2013 dois mil a cada dia \u2013 no Centro de Eventos do Cear\u00e1, um dos maiores espa\u00e7os de eventos do Estado.<\/p>\n\n\n<div class=\"wp-block-image\">\n<figure class=\"alignleft size-full is-resized\"><img decoding=\"async\" loading=\"lazy\" src=\"https:\/\/editoraopet.com.br\/blog_opet\/wp-content\/uploads\/2023\/10\/fortaleza06.jpg\" alt=\"\" class=\"wp-image-3360\" width=\"293\" height=\"391\"\/><\/figure><\/div>\n\n\n<p><strong>Neste ano, a Editora n\u00e3o apenas celebrou os professores e os dez anos de parceria com Fortaleza, mas tamb\u00e9m forneceu um espa\u00e7o exclusivo para os professores conveniados.<\/strong> <\/p>\n\n\n\n<p>O estande foi um ponto de encontro onde a equipe de assessoria pedag\u00f3gica e comercial da Editora estava presente para ouvir as necessidades, d\u00favidas e sugest\u00f5es dos educadores, proporcionando um espa\u00e7o compartilhado para di\u00e1logo e muitos registros.<\/p>\n\n\n\n<p>A gerente pedag\u00f3gica da Editora, <strong>Cliciane \u00c9len Augusto<\/strong>, juntamente com a equipe de assessoria pedag\u00f3gica, prestigiaram o encontro com os professores e com os gestores. <\/p>\n\n\n\n<p><em>&#8220;Essa celebra\u00e7\u00e3o dos professores e da educa\u00e7\u00e3o \u00e9 simplesmente fant\u00e1stica. Ela mostra a parceria que Fortaleza tem com seus docentes, o trabalho cuidadoso que \u00e9 realizado aqui. E n\u00f3s ficamos muito felizes em participar. N\u00e3o s\u00f3 do festival, mas do trabalho educacional da capital cearense, que \u00e9 exemplar&#8221;<\/em>, afirma.<\/p>\n\n\n<div class=\"wp-block-image\">\n<figure class=\"alignleft size-full is-resized\"><img decoding=\"async\" loading=\"lazy\" src=\"https:\/\/editoraopet.com.br\/blog_opet\/wp-content\/uploads\/2023\/10\/fortaleza08.jpg\" alt=\"\" class=\"wp-image-3361\" width=\"289\" height=\"385\"\/><\/figure><\/div>\n\n\n<p>O gerente comercial da Editora para a \u00e1rea p\u00fablica, <strong>Roberto Costacurta<\/strong>, tamb\u00e9m participou do festival. <\/p>\n\n\n\n<p><em>\u201cFortaleza \u00e9 um grande parceiro, que tem um compromisso verdadeiro com a melhoria cont\u00ednua da educa\u00e7\u00e3o. E os \u00edndices da educa\u00e7\u00e3o, as avalia\u00e7\u00f5es, mostram que essa evolu\u00e7\u00e3o est\u00e1 acontecendo e que \u00e9 muito s\u00f3lida&#8221;<\/em>, observa.<em> <\/em><\/p>\n\n\n\n<p><em>&#8220;N\u00f3s ficamos muito honrados em participar desse processo e em colaborar. E, \u00e9 claro, celebrar nesse evento fant\u00e1stico que \u00e9 o Festival Internacional Outubro Docente\u201d<\/em>.<\/p>\n\n\n\n<p><\/p>\n\n\n\n<p><\/p>\n\n\n<div class=\"wp-block-image\">\n<figure class=\"aligncenter size-full is-resized\"><img decoding=\"async\" loading=\"lazy\" src=\"https:\/\/editoraopet.com.br\/blog_opet\/wp-content\/uploads\/2023\/10\/fortaleza_selec.jpg\" alt=\"\" class=\"wp-image-3363\" width=\"652\" height=\"315\"\/><\/figure><\/div>\n\n\n<p><\/p>\n\n\n\n<p><\/p>\n\n\n\n<p><\/p>\n\n\n\n<p><\/p>\n","protected":false},"excerpt":{"rendered":"<p>Ao longo de toda a semana, a Editora participou do &#8220;Festival Internacional Outubro Docente&#8221;, um dos grandes encontros anuais da rede municipal de ensino de Fortaleza, que homenageia os docentes em seu m\u00eas. Entre segunda e sexta-feira, o festival reuniu nada menos do que dez mil professores \u2013 dois mil a cada dia \u2013 no [&hellip;]<\/p>\n","protected":false},"author":2,"featured_media":0,"comment_status":"closed","ping_status":"closed","sticky":false,"template":"","format":"standard","meta":[],"categories":[2,130,154,3,6,150,1],"tags":[],"_links":{"self":[{"href":"https:\/\/editoraopet.com.br\/blog_opet\/wp-json\/wp\/v2\/posts\/3358"}],"collection":[{"href":"https:\/\/editoraopet.com.br\/blog_opet\/wp-json\/wp\/v2\/posts"}],"about":[{"href":"https:\/\/editoraopet.com.br\/blog_opet\/wp-json\/wp\/v2\/types\/post"}],"author":[{"embeddable":true,"href":"https:\/\/editoraopet.com.br\/blog_opet\/wp-json\/wp\/v2\/users\/2"}],"replies":[{"embeddable":true,"href":"https:\/\/editoraopet.com.br\/blog_opet\/wp-json\/wp\/v2\/comments?post=3358"}],"version-history":[{"count":7,"href":"https:\/\/editoraopet.com.br\/blog_opet\/wp-json\/wp\/v2\/posts\/3358\/revisions"}],"predecessor-version":[{"id":3371,"href":"https:\/\/editoraopet.com.br\/blog_opet\/wp-json\/wp\/v2\/posts\/3358\/revisions\/3371"}],"wp:attachment":[{"href":"https:\/\/editoraopet.com.br\/blog_opet\/wp-json\/wp\/v2\/media?parent=3358"}],"wp:term":[{"taxonomy":"category","embeddable":true,"href":"https:\/\/editoraopet.com.br\/blog_opet\/wp-json\/wp\/v2\/categories?post=3358"},{"taxonomy":"post_tag","embeddable":true,"href":"https:\/\/editoraopet.com.br\/blog_opet\/wp-json\/wp\/v2\/tags?post=3358"}],"curies":[{"name":"wp","href":"https:\/\/api.w.org\/{rel}","templated":true}]}}