{"id":3376,"date":"2023-10-26T16:17:32","date_gmt":"2023-10-26T19:17:32","guid":{"rendered":"https:\/\/editoraopet.com.br\/blog_opet\/?p=3376"},"modified":"2023-10-27T09:34:56","modified_gmt":"2023-10-27T12:34:56","slug":"3376-2","status":"publish","type":"post","link":"https:\/\/editoraopet.com.br\/blog_opet\/3376-2\/","title":{"rendered":"Editora recebe gestores de Santa Terezinha de Itaipu (PR) para forma\u00e7\u00e3o especial sobre Gest\u00e3o dos Processos Educacionais"},"content":{"rendered":"\n<figure class=\"wp-block-image size-full\"><img decoding=\"async\" loading=\"lazy\" width=\"800\" height=\"600\" src=\"https:\/\/editoraopet.com.br\/blog_opet\/wp-content\/uploads\/2023\/10\/TPU_SELEC.png\" alt=\"\" class=\"wp-image-3377\"\/><\/figure>\n\n\n\n<p>Na quarta e na quinta-feira (25 e 26), a Editora Opet recebeu em Curitiba os diretores de escolas municipais, CMEIS e a equipe da secretaria municipal de Educa\u00e7\u00e3o de <strong>Santa Terezinha de Itaipu<\/strong>, parceiro no Oeste do Paran\u00e1. Ao longo dos dois dias, eles participaram de uma forma\u00e7\u00e3o espec\u00edfica com o tema <strong>\u201cGest\u00e3o dos Processos: gerindo espa\u00e7os, tempos e rela\u00e7\u00f5es no ambiente escolar\u201d<\/strong>, desenvolvida pela supervisora pedag\u00f3gica da Editora, <strong>R\u00fabia Cristina da Costa<\/strong>. O trabalho teve o acompanhamento da supervisora regional para o munic\u00edpio, <strong>Fernanda Gon\u00e7alves<\/strong>.<\/p>\n\n\n\n<p><em>\u201cEssa forma\u00e7\u00e3o, que focou na quest\u00e3o dos processos, trouxe temas da maior import\u00e2ncia para os nossos gestores\u201d<\/em>, avalia <strong>Simara Cordeiro da Silva Jorge<\/strong>, secret\u00e1ria municipal de Educa\u00e7\u00e3o de Santa Terezinha de Itaipu. <em>\u201cS\u00e3o profissionais que est\u00e3o \u00e0 frente das demandas educacionais, que precisam dar um retorno aos educadores sob sua responsabilidade e, principalmente, aos educandos. Nesse encontro, eles tiveram acesso a informa\u00e7\u00f5es estrat\u00e9gicas, que v\u00e3o auxili\u00e1-los a fortalecer a gest\u00e3o e a pr\u00f3pria educa\u00e7\u00e3o.\u201d<\/em><\/p>\n\n\n\n<p><\/p>\n\n\n\n<p><strong>Resultados pr\u00e1ticos<\/strong><\/p>\n\n\n<div class=\"wp-block-image\">\n<figure class=\"alignleft size-full is-resized\"><img decoding=\"async\" loading=\"lazy\" src=\"https:\/\/editoraopet.com.br\/blog_opet\/wp-content\/uploads\/2023\/10\/TPU02-2.png\" alt=\"\" class=\"wp-image-3381\" width=\"315\" height=\"501\"\/><\/figure><\/div>\n\n\n<p><strong>Sandra Regina Goestemeier Silva<\/strong> \u00e9 diretora da Escola Municipal Cec\u00edlia Meirelles, que possui cerca de quinhentos alunos. <em>\u201cPara n\u00f3s, foi bem interessante. Os temas tratados na forma\u00e7\u00e3o foram muito pertinentes e t\u00eam muito a ver com situa\u00e7\u00f5es e demandas que vivemos no dia-a-dia, na escola\u201d<\/em>, observa.<\/p>\n\n\n\n<p>Sandra destacou o valor da gest\u00e3o dos processos, que abrange todo o leque de trabalho do gestor escolar, do contato com as fam\u00edlias dos estudantes \u00e0s avalia\u00e7\u00f5es e ao desenvolvimento da aprendizagem. <em>\u201cNessa forma\u00e7\u00e3o, n\u00f3s conhecemos estrat\u00e9gias para o trabalho que vamos colocar em pr\u00e1tica no planejamento do pr\u00f3ximo ano letivo.\u201d<\/em><\/p>\n\n\n\n<p class=\"has-medium-font-size\"><strong>Desenvolvimento da Educa\u00e7\u00e3o<\/strong><\/p>\n\n\n\n<p><strong>&nbsp;<\/strong>A secret\u00e1ria <strong>Simara Jorge <\/strong>elogiou a parceria com a Editora Opet, destacando a import\u00e2ncia dos materiais, recursos digitais e forma\u00e7\u00f5es pedag\u00f3gicas para os professores. <em>\u201cO sistema de ensino Sefe oferece subs\u00eddios e suporte para o trabalho docente. Com um grande diferencial, que \u00e9 o dos nossos alunos avan\u00e7ando em termos de rendimento, de aprendizagem, a partir das cole\u00e7\u00f5es. Eles est\u00e3o encantados com esses recursos\u201d<\/em>, garante.<\/p>\n\n\n\n<p>Segundo a edi\u00e7\u00e3o mais recente do \u00cdndice de Desenvolvimento da Educa\u00e7\u00e3o B\u00e1sica (IDEB), Santa Terezinha de Itaipu possui um dos melhores \u00edndices de todo o Oeste paranaense.<\/p>\n\n\n\n<p><\/p>\n","protected":false},"excerpt":{"rendered":"<p>Na quarta e na quinta-feira (25 e 26), a Editora Opet recebeu em Curitiba os diretores de escolas municipais, CMEIS e a equipe da secretaria municipal de Educa\u00e7\u00e3o de Santa Terezinha de Itaipu, parceiro no Oeste do Paran\u00e1. Ao longo dos dois dias, eles participaram de uma forma\u00e7\u00e3o espec\u00edfica com o tema \u201cGest\u00e3o dos Processos: [&hellip;]<\/p>\n","protected":false},"author":2,"featured_media":0,"comment_status":"closed","ping_status":"closed","sticky":false,"template":"","format":"standard","meta":[],"categories":[2,130,97,150,1],"tags":[],"_links":{"self":[{"href":"https:\/\/editoraopet.com.br\/blog_opet\/wp-json\/wp\/v2\/posts\/3376"}],"collection":[{"href":"https:\/\/editoraopet.com.br\/blog_opet\/wp-json\/wp\/v2\/posts"}],"about":[{"href":"https:\/\/editoraopet.com.br\/blog_opet\/wp-json\/wp\/v2\/types\/post"}],"author":[{"embeddable":true,"href":"https:\/\/editoraopet.com.br\/blog_opet\/wp-json\/wp\/v2\/users\/2"}],"replies":[{"embeddable":true,"href":"https:\/\/editoraopet.com.br\/blog_opet\/wp-json\/wp\/v2\/comments?post=3376"}],"version-history":[{"count":6,"href":"https:\/\/editoraopet.com.br\/blog_opet\/wp-json\/wp\/v2\/posts\/3376\/revisions"}],"predecessor-version":[{"id":3387,"href":"https:\/\/editoraopet.com.br\/blog_opet\/wp-json\/wp\/v2\/posts\/3376\/revisions\/3387"}],"wp:attachment":[{"href":"https:\/\/editoraopet.com.br\/blog_opet\/wp-json\/wp\/v2\/media?parent=3376"}],"wp:term":[{"taxonomy":"category","embeddable":true,"href":"https:\/\/editoraopet.com.br\/blog_opet\/wp-json\/wp\/v2\/categories?post=3376"},{"taxonomy":"post_tag","embeddable":true,"href":"https:\/\/editoraopet.com.br\/blog_opet\/wp-json\/wp\/v2\/tags?post=3376"}],"curies":[{"name":"wp","href":"https:\/\/api.w.org\/{rel}","templated":true}]}}