{"id":3389,"date":"2023-10-30T16:35:32","date_gmt":"2023-10-30T19:35:32","guid":{"rendered":"https:\/\/editoraopet.com.br\/blog_opet\/?p=3389"},"modified":"2023-11-01T16:09:48","modified_gmt":"2023-11-01T19:09:48","slug":"o-mapa-dos-temas-dicas-para-o-sucesso-na-redacao-do-enem","status":"publish","type":"post","link":"https:\/\/editoraopet.com.br\/blog_opet\/o-mapa-dos-temas-dicas-para-o-sucesso-na-redacao-do-enem\/","title":{"rendered":"O mapa dos temas: dicas para o sucesso na reda\u00e7\u00e3o do Enem"},"content":{"rendered":"\n<figure class=\"wp-block-image size-full is-resized\"><img decoding=\"async\" loading=\"lazy\" src=\"https:\/\/editoraopet.com.br\/blog_opet\/wp-content\/uploads\/2023\/10\/iStock-1434437996.jpg\" alt=\"\" class=\"wp-image-3390\" width=\"715\" height=\"477\"\/><\/figure>\n\n\n\n<p>Neste domingo, dia 05 de novembro, <strong>3,93 milh\u00f5es<\/strong> de brasileiros participam do primeiro dia de provas do Enem 2023. Dia de \u201carrancada\u201d da mais importante avalia\u00e7\u00e3o educacional do pa\u00eds, que come\u00e7a com um dos elementos mais temidos pelos estudantes: <strong>a reda\u00e7\u00e3o<\/strong>! Com tantas coisas acontecendo no Brasil e no mundo, o que esperar em rela\u00e7\u00e3o ao tema de 2023? <strong>Como estar pronto, enfim, para \u201ccravar\u201d uma reda\u00e7\u00e3o de mil pontos?<\/strong><\/p>\n\n\n\n<p class=\"has-medium-font-size\"><strong>Uma tradi\u00e7\u00e3o de bons temas<\/strong><\/p>\n\n\n\n<figure class=\"wp-block-image size-full is-resized\"><img decoding=\"async\" loading=\"lazy\" src=\"https:\/\/editoraopet.com.br\/blog_opet\/wp-content\/uploads\/2023\/10\/iStock-527535374.jpg\" alt=\"\" class=\"wp-image-3391\" width=\"562\" height=\"315\"\/><\/figure>\n\n\n\n<p>Desde sua primeira edi\u00e7\u00e3o, <strong>em 1998<\/strong>, o Enem desafia os candidatos com temas instigantes, ligados \u00e0s quest\u00f5es da <strong>sociedade brasileira<\/strong> em um contexto nacional e global. Nossos problemas, problemas do mundo. Como toda boa avalia\u00e7\u00e3o, eles exigem dos candidatos capacidade anal\u00edtica e argumentativa e, tamb\u00e9m, uma vis\u00e3o ampla de mundo.<\/p>\n\n\n\n<p>E tem mais: os temas t\u00edpicos da reda\u00e7\u00e3o do Enem v\u00e3o al\u00e9m da pr\u00f3pria reda\u00e7\u00e3o. \u00c9 que eles tamb\u00e9m podem aparecer, de forma transversal, nas quest\u00f5es das quatro \u00e1reas do conhecimento cobradas na avalia\u00e7\u00e3o: Ci\u00eancias Humanas e suas Tecnologias, Ci\u00eancias da Natureza e suas Tecnologias, Linguagens, C\u00f3digos e suas Tecnologias e Matem\u00e1tica e suas Tecnologias.<\/p>\n\n\n\n<p>Ent\u00e3o, \u00e9 preciso ficar antenado e, na medida do poss\u00edvel, antecipar-se em rela\u00e7\u00e3o ao que pode ser pedido \u2013 e \u00e9 exatamente isto que vamos fazer agora.<\/p>\n\n\n\n<p class=\"has-medium-font-size\"><strong>O futuro&#8230; no passado<\/strong><\/p>\n\n\n\n<p>A prepara\u00e7\u00e3o do Enem, como voc\u00ea sabe, \u00e9 cercada de cuidados para impedir vazamentos de provas e fraudes. Assim, n\u00e3o \u00e9 poss\u00edvel saber, por antecipa\u00e7\u00e3o, qual ser\u00e1 o tema da reda\u00e7\u00e3o da avalia\u00e7\u00e3o deste ano. <strong>Podemos, por\u00e9m, fazer uma investiga\u00e7\u00e3o e chegar ao universo tem\u00e1tico de que, muito provavelmente, sair\u00e1 a reda\u00e7\u00e3o de 2023<\/strong>. Para isso, vamos apelar \u00e0 intelig\u00eancia, \u00e0 pesquisa e \u2013 por que n\u00e3o? &#8211; a uma \u201carqueologia\u201d do pr\u00f3prio Enem.<\/p>\n\n\n\n<p class=\"has-medium-font-size\"><strong>Todos os temas at\u00e9 hoje<\/strong><\/p>\n\n\n\n<p>Come\u00e7amos olhando para o passado, para os 24 temas de reda\u00e7\u00e3o propostos at\u00e9 hoje pela organiza\u00e7\u00e3o do Enem. Vamos conhec\u00ea-los ano a ano:<\/p>\n\n\n\n<p>1998 \u2013 \u201cViver e aprender.\u201d<\/p>\n\n\n\n<p>1999 \u2013 \u201cCidadania e participa\u00e7\u00e3o social.\u201d<\/p>\n\n\n\n<p>2000 \u2013 \u201cDireitos da crian\u00e7a e do adolescente: como enfrentar esse desafio nacional\u201d.<\/p>\n\n\n\n<p>2001 \u2013 \u201cDesenvolvimento e preserva\u00e7\u00e3o ambiental: como conciliar os interesses em conflito?\u201d<\/p>\n\n\n\n<p>2002 \u2013 \u201cO direito de votar: como fazer dessa conquista um meio para promover as transforma\u00e7\u00f5es sociais que o Brasil necessita?\u201d<\/p>\n\n\n\n<p>2003 \u2013 \u201cA viol\u00eancia na sociedade Brasileira: como mudar as regras desse jogo.\u201d<\/p>\n\n\n\n<p>2004 \u2013 \u201cComo garantir a liberdade de informa\u00e7\u00e3o e evitar abusos nos meios de comunica\u00e7\u00e3o.\u201d<\/p>\n\n\n\n<p>2005 \u2013 \u201cO trabalho infantil na sociedade Brasileira.\u201d<\/p>\n\n\n\n<p>2006 \u2013 \u201cO poder de transforma\u00e7\u00e3o da leitura.\u201d<\/p>\n\n\n\n<p>2007 \u2013 \u201cO desafio de se conviver com as diferen\u00e7as.\u201d<\/p>\n\n\n\n<p>2008 \u2013 \u201cComo preservar a floresta Amaz\u00f4nica: suspender imediatamente o desmatamento; dar incentivo financeiros a propriet\u00e1rios que deixarem de desmatar; ou aumentar a fiscaliza\u00e7\u00e3o e aplicar multas a quem desmatar.\u201d<\/p>\n\n\n\n<p>2009 \u2013 \u201cO indiv\u00edduo frente \u00e0 \u00e9tica nacional.\u201d<\/p>\n\n\n\n<p>2010 \u2013 \u201cO trabalho na constru\u00e7\u00e3o da dignidade humana.\u201d<\/p>\n\n\n\n<p>2011 \u2013 \u201cViver em rede no s\u00e9culo 21: os limites entre o p\u00fablico e o privado.\u201d<\/p>\n\n\n\n<p>2012 \u2013 \u201cMovimento Imigrat\u00f3rio para o Brasil no s\u00e9culo XXI.\u201d<\/p>\n\n\n\n<p>2013 \u2013 \u201cEfeitos da implanta\u00e7\u00e3o da Lei Seca no Brasil.\u201d<\/p>\n\n\n\n<p>2014 \u2013 \u201cPublicidade infantil em quest\u00e3o no Brasil.\u201d<\/p>\n\n\n\n<p>2015 \u2013 \u201cA persist\u00eancia da viol\u00eancia contra a mulher na sociedade brasileira.\u201d<\/p>\n\n\n\n<p>2016 (1\u00aa aplica\u00e7\u00e3o) \u2013 \u201cCaminhos para combater a intoler\u00e2ncia religiosa no Brasil.\u201d<\/p>\n\n\n\n<p>2016 (2\u00aa aplica\u00e7\u00e3o) \u2013 \u201cCaminhos para combater o racismo no Brasil.\u201d<\/p>\n\n\n\n<p>2017 \u2013 \u201cDesafios para a forma\u00e7\u00e3o educacional de surdos no Brasil.\u201d<\/p>\n\n\n\n<p>2018 \u2013 \u201cManipula\u00e7\u00e3o do comportamento do usu\u00e1rio pelo controle de dados na internet.\u201d<\/p>\n\n\n\n<p>2019 \u2013 \u201cDemocratiza\u00e7\u00e3o do acesso ao cinema no Brasil.\u201d<\/p>\n\n\n\n<p>2020 \u2013 \u201cO estigma associado \u00e0s doen\u00e7as mentais na sociedade brasileira.\u201d<\/p>\n\n\n\n<p>2021 \u2013 \u201cInvisibilidade e registro civil: garantia de acesso \u00e0 cidadania no Brasil.\u201d<\/p>\n\n\n\n<p>2022 (1\u00aa aplica\u00e7\u00e3o) \u2013 &#8220;Desafios para a valoriza\u00e7\u00e3o de comunidades e povos tradicionais no Brasil&#8221;<\/p>\n\n\n\n<p>2022 (reaplica\u00e7\u00e3o) \u2013 &#8220;Medidas para o enfrentamento da recorr\u00eancia da inseguran\u00e7a alimentar no Brasil&#8221;.<\/p>\n\n\n\n<p>Voc\u00ea encontra as reda\u00e7\u00f5es de todas as edi\u00e7\u00f5es do Enem, com seus textos motivadores (textos, charges e imagens usados para contextualizar os temas) no portal do Inep \u2013 <strong><a href=\"https:\/\/www.gov.br\/inep\/pt-br\/areas-de-atuacao\/avaliacao-e-exames-educacionais\/enem\/provas-e-gabaritos\" target=\"_blank\" rel=\"noreferrer noopener\">CLIQUE AQUI<\/a><\/strong>. <\/p>\n\n\n\n<p><strong>Para acessar as reda\u00e7\u00f5es, v\u00e1 ao ano que voc\u00ea deseja investigar e clique na prova do primeiro dia. A reda\u00e7\u00e3o aparece logo ap\u00f3s a quest\u00e3o 45.<\/strong><\/p>\n\n\n\n<p class=\"has-medium-font-size\"><strong>Cidadania: um tema-chave<\/strong><\/p>\n\n\n\n<figure class=\"wp-block-image size-full is-resized\"><img decoding=\"async\" loading=\"lazy\" src=\"https:\/\/editoraopet.com.br\/blog_opet\/wp-content\/uploads\/2023\/10\/iStock-1214499667.jpg\" alt=\"\" class=\"wp-image-3392\" width=\"549\" height=\"366\"\/><\/figure>\n\n\n\n<p>A despeito de a quantidade de temas ser grande (<strong>s\u00e3o 27 reda\u00e7\u00f5es em 25 anos de Enem<\/strong>), podemos observar que eles giram ao redor de um grande tema norteador: a cidadania. Al\u00e9m disso, grande parte dos temas cita textualmente o Brasil, ou seja, os problemas relacionados \u00e0 cidadania s\u00e3o examinados a partir do Brasil, o que, ali\u00e1s, \u00e9 l\u00f3gico, na medida em que os candidatos s\u00e3o, em sua esmagadora maioria, brasileiros.<\/p>\n\n\n\n<p>Assim, \u00e9 importante, por princ\u00edpio, ficar muito atento a todos os temas relacionados \u00e0 cidadania no Brasil e no mundo atual. Mas, quais s\u00e3o eles? Vamos trabalhar por partes, focando o passado do pr\u00f3prio Enem e as quest\u00f5es atuais.<\/p>\n\n\n\n<p class=\"has-medium-font-size\"><strong>Os temas que o Enem j\u00e1 pediu<\/strong><\/p>\n\n\n\n<p>Analisando o que foi pedido nas edi\u00e7\u00f5es anteriores do exame, podemos \u201crecortar\u201d um pouco mais esse universo tem\u00e1tico. Chegamos, ent\u00e3o, aos seguintes temas, com algumas de suas especializa\u00e7\u00f5es:<\/p>\n\n\n\n<p>. Cultura (cinema, artes pl\u00e1sticas, tev\u00ea).<\/p>\n\n\n\n<p>. Cultura digital (\u00e9tica, produ\u00e7\u00e3o e consumo de informa\u00e7\u00f5es, \u00e9tica, liberdade, fake news.<\/p>\n\n\n\n<p>. Direitos (do consumidor, ao registro civil, ao trabalho, \u00e0 alimenta\u00e7\u00e3o e \u00e0 sa\u00fade).<\/p>\n\n\n\n<p>. Educa\u00e7\u00e3o (educa\u00e7\u00e3o digital, ensino h\u00edbrido, recupera\u00e7\u00e3o no p\u00f3s-pandemia).<\/p>\n\n\n\n<p>. G\u00eanero (igualdade, desigualdades, viol\u00eancia contra a mulher).<\/p>\n\n\n\n<p>. Inclus\u00e3o (social, racial, religiosa, de pessoas com defici\u00eancias, cotas).<\/p>\n\n\n\n<p>. Inf\u00e2ncia e adolesc\u00eancia (direitos, desafios).<\/p>\n\n\n\n<p>. Meio ambiente (Amaz\u00f4nia e outros biomas, \u00e1gua, oceanos, extin\u00e7\u00e3o, manejo e conserva\u00e7\u00e3o).<\/p>\n\n\n\n<p>. Pol\u00edtica (voto, participa\u00e7\u00e3o popular, \u00e9tica, corrup\u00e7\u00e3o, democracia).<\/p>\n\n\n\n<p>. Racismo.<\/p>\n\n\n\n<p>. Religi\u00f5es e liberdade religiosa.<\/p>\n\n\n\n<p>. Sa\u00fade p\u00fablica (vacinas, epidemias, doen\u00e7as emergentes, sa\u00fade mental, SUS).<\/p>\n\n\n\n<p>. Seguran\u00e7a p\u00fablica (viol\u00eancia, libera\u00e7\u00e3o\/restri\u00e7\u00e3o das armas).<\/p>\n\n\n\n<p>. Trabalho (desemprego, trabalho e novas tecnologias).<\/p>\n\n\n\n<p class=\"has-medium-font-size\">Os temas do Brasil e do mundo em 2023<\/p>\n\n\n\n<p>Com esse menu em m\u00e3os, podemos compar\u00e1-lo com osstrong grandes temas do Brasil e do mundo no ano de 2023. Antes, por\u00e9m, vale ressaltar a qualidade do time de planejadores das provas do Enem: a maioria dos temas das reda\u00e7\u00f5es anteriores poderia ser replicada na edi\u00e7\u00e3o deste ano sem qualquer problema!<\/p>\n\n\n\n<p>Mesmo assim, \u00e9 poss\u00edvel sugerir alguns temas que, em nossa avalia\u00e7\u00e3o, podem ser a \u201cbola da vez\u201d na reda\u00e7\u00e3o deste ano.<\/p>\n\n\n\n<p>Em um tempo de conflitos armados que se acentuam \u2013 como a guerra da Ucr\u00e2nia, o enfrentamento Israel-Hamas na Faixa de Gaza e guerras civis na \u00c1frica \u2013, \u00e9 preciso ficar atento \u00e0 quest\u00e3o da paz mundial e de como o Brasil se posiciona em rela\u00e7\u00e3o ao tema.<\/p>\n\n\n\n<figure class=\"wp-block-image size-full is-resized\"><img decoding=\"async\" loading=\"lazy\" src=\"https:\/\/editoraopet.com.br\/blog_opet\/wp-content\/uploads\/2023\/10\/iStock-1318205914.jpg\" alt=\"\" class=\"wp-image-3393\" width=\"524\" height=\"369\"\/><\/figure>\n\n\n\n<p>Na mesma linha, vale a pena prestar aten\u00e7\u00e3o \u00e0 tem\u00e1tica das diferen\u00e7as religiosas (e de suas contrapartes, a toler\u00e2ncia e o di\u00e1logo) que tamb\u00e9m alimentam os atuais conflitos. Outros temas, como a corrida armamentista, o poder nuclear e at\u00e9 mesmo as quest\u00f5es ambientais e econ\u00f4micas ligadas \u00e0s guerras merecem ser vistas.<\/p>\n\n\n\n<p>Neste ano, o Brasil e o mundo vivem uma intensifica\u00e7\u00e3o de fen\u00f4menos clim\u00e1ticos extremos, como secas, enchentes, nevascas, tornados, aquecimento dos oceanos e degelo em \u00e1reas tradicionalmente geladas do planeta. A quest\u00e3o ambiental se desdobra em outros temas, como a agricultura e suas pr\u00e1ticas, os cuidados com a \u00e1gua, a preserva\u00e7\u00e3o e a extin\u00e7\u00e3o de esp\u00e9cies, a polui\u00e7\u00e3o, as energias e os oceanos. Essas quest\u00f5es podem, perfeitamente, constituir o tema da reda\u00e7\u00e3o de 2023 do Enem. Assim, a elas!<\/p>\n\n\n\n<p>No campo dos direitos civis, s\u00e3o \u201cquentes\u201d temas como os associados \u00e0 viol\u00eancia e \u00e0 prote\u00e7\u00e3o \u00e0 mulher, \u00e0s liberdades individuais, \u00e0 igualdade\/desigualdade entre homens e mulheres, \u00e0 liberdade de credo e diversidade religiosa, o direito \u00e0 educa\u00e7\u00e3o e a prote\u00e7\u00e3o da inf\u00e2ncia e da adolesc\u00eancia. No campo da pol\u00edtica, \u00e9 poss\u00edvel pensar, por exemplo, em termos de representatividade de homens e mulheres, em sistemas e ideologias pol\u00edticas, na triparti\u00e7\u00e3o e em conflitos entre os poderes.<\/p>\n\n\n\n<p class=\"has-medium-font-size\"><strong>E onde se informar?<\/strong><\/p>\n\n\n\n<figure class=\"wp-block-image size-full is-resized\"><img decoding=\"async\" loading=\"lazy\" src=\"https:\/\/editoraopet.com.br\/blog_opet\/wp-content\/uploads\/2023\/10\/iStock-1477858506.jpg\" alt=\"\" class=\"wp-image-3394\" width=\"568\" height=\"384\"\/><\/figure>\n\n\n\n<p>Informar-se sobre todos esses temas poderia ser uma tarefa gigantesca. Afinal, s\u00e3o muitos assuntos. Al\u00e9m disso, por seu teor, eles merecem uma an\u00e1lise mais aprofundada, mais informa\u00e7\u00f5es. A vantagem \u00e9 que contamos com uma imprensa forte, que oferece informa\u00e7\u00f5es e an\u00e1lises abalizadas e diferentes pontos de vista.<\/p>\n\n\n\n<p>O caminho, assim, passa por uma leitura di\u00e1ria das not\u00edcias \u2013 para isso, busque v\u00e1rias fontes confi\u00e1veis, que tenham, inclusive, vis\u00f5es de mundo pr\u00f3prias. Reserve meia hora por dia para visitar esses sites, focando nas manchetes, nos textos e, tamb\u00e9m, nas an\u00e1lises. E n\u00e3o deixe de acompanhar as editorias de Pol\u00edtica, Meio Ambiente, Pol\u00edtica Internacional, Sociedade, Ci\u00eancia e Tecnologia.<\/p>\n\n\n\n<p>Tamb\u00e9m \u00e9 poss\u00edvel encontrar informa\u00e7\u00f5es e an\u00e1lises de qualidade em r\u00e1dios noticiosas, livros, podcasts, quadrinhos e document\u00e1rios \u2013 s\u00f3 fique atento \u00e0 qualidade desses materiais. Nada de estudar por fake news, hein! Trazemos algumas sugest\u00f5es de fontes (em ordem alfab\u00e9tica):<\/p>\n\n\n\n<p><strong>Ag\u00eancias oficiais de not\u00edcias:<\/strong><\/p>\n\n\n\n<p><a href=\"https:\/\/agenciabrasil.ebc.com.br\/\" target=\"_blank\" rel=\"noreferrer noopener\">Ag\u00eancia Brasil<\/a><\/p>\n\n\n\n<p><a href=\"https:\/\/www12.senado.leg.br\/noticias\" target=\"_blank\" rel=\"noreferrer noopener\">Ag\u00eancia de Not\u00edcias do Senado Federal<\/a><\/p>\n\n\n\n<p><a href=\"https:\/\/www.camara.leg.br\/\" target=\"_blank\" rel=\"noreferrer noopener\">Portal da C\u00e2mara dos Deputados<\/a><\/p>\n\n\n\n<p><strong>Atualidades\/Brasil\/Mundo\/Cultura\/Ci\u00eancia:<\/strong><\/p>\n\n\n\n<p><a href=\"https:\/\/bandnewstv.uol.com.br\/\" target=\"_blank\" rel=\"noreferrer noopener\">Band News<\/a>&nbsp;<\/p>\n\n\n\n<p><a href=\"https:\/\/www.bbc.com\/portuguese\" target=\"_blank\" rel=\"noreferrer noopener\">BBC Brasil<\/a><\/p>\n\n\n\n<p><a href=\"https:\/\/www.dw.com\/pt-br\/not%C3%ADcias\/s-7111\" target=\"_blank\" rel=\"noreferrer noopener\">Deutsche Welle<\/a><\/p>\n\n\n\n<p><a href=\"https:\/\/www.estadao.com.br\/\" target=\"_blank\" rel=\"noreferrer noopener\">Estad\u00e3o<\/a><\/p>\n\n\n\n<p><a href=\"https:\/\/www.folha.uol.com.br\/\" target=\"_blank\" rel=\"noreferrer noopener\">Folha de S. Paulo<\/a>&nbsp;<\/p>\n\n\n\n<p><a href=\"https:\/\/g1.globo.com\/\" target=\"_blank\" rel=\"noreferrer noopener\">G1\/Globo<\/a><\/p>\n\n\n\n<p><a href=\"https:\/\/www.r7.com\/\" target=\"_blank\" rel=\"noreferrer noopener\">R7 (Record)<\/a><\/p>\n\n\n\n<p><a href=\"https:\/\/cbn.globoradio.globo.com\/\" target=\"_blank\" rel=\"noreferrer noopener\">R\u00e1dio CBN&nbsp;<\/a><\/p>\n\n\n\n<p><strong>Ci\u00eancia e Tecnologia:<\/strong><\/p>\n\n\n\n<p><a href=\"https:\/\/agencia.fapesp.br\/\" target=\"_blank\" rel=\"noreferrer noopener\">Ag\u00eancia Fapesp<\/a><\/p>\n\n\n\n<p><a href=\"https:\/\/agencia.fiocruz.br\/\" target=\"_blank\" rel=\"noreferrer noopener\">Ag\u00eancia Fiocruz<\/a><\/p>\n\n\n\n<p><a href=\"https:\/\/www5.usp.br\/tag\/agencia-usp-de-noticias-2\/\" target=\"_blank\" rel=\"noreferrer noopener\">Jornal da USP<\/a><\/p>\n\n\n\n<p><strong>Economia:<\/strong><\/p>\n\n\n\n<p><a href=\"https:\/\/noticias.portaldaindustria.com.br\/\" target=\"_blank\" rel=\"noreferrer noopener\">Ag\u00eancia de Not\u00edcias da Ind\u00fastria<\/a><\/p>\n\n\n\n<p><a href=\"https:\/\/www.infomoney.com.br\/\" target=\"_blank\" rel=\"noreferrer noopener\">Info Money<\/a><\/p>\n\n\n\n<p><strong>Hist\u00f3ria:<\/strong><\/p>\n\n\n\n<p><a href=\"https:\/\/www.cafehistoria.com.br\/\" target=\"_blank\" rel=\"noreferrer noopener\">Caf\u00e9 Hist\u00f3ria&nbsp;<\/a><\/p>\n\n\n\n<p><a href=\"https:\/\/web.archive.org\/web\/20160204123541\/http:\/rhbn.com.br:80\/revista\/edicoes-anteriores\" target=\"_blank\" rel=\"noreferrer noopener\">Revista de Hist\u00f3ria da Biblioteca Nacional<\/a><\/p>\n\n\n\n<p><strong>Meio Ambiente:<\/strong><\/p>\n\n\n\n<p><a href=\"https:\/\/www.ambientebrasil.com.br\/\" target=\"_blank\" rel=\"noreferrer noopener\">Ambiente Brasil<\/a>&nbsp;<\/p>\n\n\n\n<p><a rel=\"noreferrer noopener\" href=\"https:\/\/marsemfim.com.br\/\" target=\"_blank\">Blog \u201cMar sem Fim\u201d<\/a><\/p>\n\n\n\n<p class=\"has-medium-font-size\"><strong>Dica de ouro: os textos motivadores<\/strong><\/p>\n\n\n\n<p><strong>Use todos esses materiais para construir seus pr\u00f3prios \u201ctextos motivadores\u201d<\/strong>, semelhantes aos usados na prova do Enem. Como? Pegue um tema: desmatamento na Amaz\u00f4nia, por exemplo. Depois, v\u00e1 aos portais de not\u00edcias e \u201crecorte\u201d tr\u00eas not\u00edcias ou an\u00e1lises do problema.<\/p>\n\n\n\n<p>A partir da sua leitura e dos argumentos utilizados, discorra sobre um tema como este: \u201c\u2018Redescobrir\u2019 a Amaz\u00f4nia: caminhos para a transforma\u00e7\u00e3o da maior floresta tropical do planeta em um ambiente de sustentabilidade a ganhos socioambientais.\u201d E treine: pesquise, leia e escreva \u2013 ainda d\u00e1 tempo para fazer a diferen\u00e7a!<\/p>\n","protected":false},"excerpt":{"rendered":"<p>Neste domingo, dia 05 de novembro, 3,93 milh\u00f5es de brasileiros participam do primeiro dia de provas do Enem 2023. Dia de \u201carrancada\u201d da mais importante avalia\u00e7\u00e3o educacional do pa\u00eds, que come\u00e7a com um dos elementos mais temidos pelos estudantes: a reda\u00e7\u00e3o! Com tantas coisas acontecendo no Brasil e no mundo, o que esperar em rela\u00e7\u00e3o [&hellip;]<\/p>\n","protected":false},"author":2,"featured_media":0,"comment_status":"closed","ping_status":"closed","sticky":false,"template":"","format":"standard","meta":[],"categories":[2,130,4,3,146,186,140],"tags":[],"_links":{"self":[{"href":"https:\/\/editoraopet.com.br\/blog_opet\/wp-json\/wp\/v2\/posts\/3389"}],"collection":[{"href":"https:\/\/editoraopet.com.br\/blog_opet\/wp-json\/wp\/v2\/posts"}],"about":[{"href":"https:\/\/editoraopet.com.br\/blog_opet\/wp-json\/wp\/v2\/types\/post"}],"author":[{"embeddable":true,"href":"https:\/\/editoraopet.com.br\/blog_opet\/wp-json\/wp\/v2\/users\/2"}],"replies":[{"embeddable":true,"href":"https:\/\/editoraopet.com.br\/blog_opet\/wp-json\/wp\/v2\/comments?post=3389"}],"version-history":[{"count":5,"href":"https:\/\/editoraopet.com.br\/blog_opet\/wp-json\/wp\/v2\/posts\/3389\/revisions"}],"predecessor-version":[{"id":3449,"href":"https:\/\/editoraopet.com.br\/blog_opet\/wp-json\/wp\/v2\/posts\/3389\/revisions\/3449"}],"wp:attachment":[{"href":"https:\/\/editoraopet.com.br\/blog_opet\/wp-json\/wp\/v2\/media?parent=3389"}],"wp:term":[{"taxonomy":"category","embeddable":true,"href":"https:\/\/editoraopet.com.br\/blog_opet\/wp-json\/wp\/v2\/categories?post=3389"},{"taxonomy":"post_tag","embeddable":true,"href":"https:\/\/editoraopet.com.br\/blog_opet\/wp-json\/wp\/v2\/tags?post=3389"}],"curies":[{"name":"wp","href":"https:\/\/api.w.org\/{rel}","templated":true}]}}