{"id":364,"date":"2019-07-18T11:13:01","date_gmt":"2019-07-18T14:13:01","guid":{"rendered":"http:\/\/www.editoraopet.com.br\/blog_opet\/?p=364"},"modified":"2019-07-26T14:24:47","modified_gmt":"2019-07-26T17:24:47","slug":"editora-opet-leva-proposta-de-educacao-humana-e-cidada-para-o-rs","status":"publish","type":"post","link":"https:\/\/editoraopet.com.br\/blog_opet\/editora-opet-leva-proposta-de-educacao-humana-e-cidada-para-o-rs\/","title":{"rendered":"Editora Opet leva proposta de educa\u00e7\u00e3o humana e cidad\u00e3 para o RS"},"content":{"rendered":"\n<p>Um modelo de educa\u00e7\u00e3o humana, cidad\u00e3 e que aproxima as pessoas do conhecimento e as fam\u00edlias da escola. Com essa proposta, a Editora Opet \u2013 empresa paranaense que \u00e9 uma das mais tradicionais do pa\u00eds no segmento de sistemas de ensino \u2013 est\u00e1 ampliando sua presen\u00e7a no Rio Grande do Sul. Nos dias 23 a 25, estar\u00e1 em Gramado no \u201cEduca\u00e7\u00e3o para Transforma\u00e7\u00e3o\u201d, evento que vai reunir professores, gestores e palestrantes brasileiros e estrangeiros para debater alguns dos principais temas da educa\u00e7\u00e3o brasileira na sede da FAURGS.<br> Fundada h\u00e1 26 anos em Curitiba e parte do Grupo Educacional Opet, a Editora Opet atua em todas as regi\u00f5es do pa\u00eds, atendendo redes p\u00fablicas de ensino com o selo Sistema Educacional Fam\u00edlia e Escola \u2013 Sefe e escolas privadas com o selo Opet Solu\u00e7\u00f5es Educacionais. Em seu estande em Gramado, a Editora apresentar\u00e1 seus materiais para os dois segmentos.<br> <strong>Parceiros <\/strong>&#8211; Entre os munic\u00edpios que adotam os sistemas de ensino da Editora Opet est\u00e3o campe\u00f5es da educa\u00e7\u00e3o como Sobral (CE), melhor IDEB do pa\u00eds, Santana de Parna\u00edba (SP) e Fortaleza (CE). \u201cAo longo dos anos, reunimos uma vasta experi\u00eancia com a educa\u00e7\u00e3o. Com materiais de alta qualidade, forma\u00e7\u00f5es pedag\u00f3gicas presenciais que s\u00e3o um diferencial e um trabalho que respeita as caracter\u00edsticas de cada regi\u00e3o\u201d, observa o gerente comercial da Editora para o segmento p\u00fablico, Roberto Costacurta. <br> Especificamente na Regi\u00e3o Sul, a Opet mant\u00e9m parcerias educacionais com munic\u00edpios h\u00e1 muitos anos. \u201cAtualmente, atuamos em v\u00e1rias redes municipais de ensino do Paran\u00e1 e de Santa Catarina oferecendo materiais para a Educa\u00e7\u00e3o Infantil e o Ensino Fundamental.\u201d Entre os parceiros da Editora nos dois Estados est\u00e3o Chapec\u00f3, Varge\u00e3o, Bra\u00e7o do Norte, Paranagu\u00e1, Irati e Cafel\u00e2ndia.<strong><br> Em terras ga\u00fachas &#8211;<\/strong> \u201cAgora, estamos ampliando nossa presen\u00e7a a partir de um evento educacional que j\u00e1 \u00e9 tradicional no Rio Grande do Sul. Acreditamos ter muito a agregar em um Estado que j\u00e1 faz um trabalho importante com a educa\u00e7\u00e3o.\u201d Ele destaca a aproxima\u00e7\u00e3o entre as escolas e as fam\u00edlias, que permeia a proposta pedag\u00f3gica Opet, e a atualiza\u00e7\u00e3o permanente das cole\u00e7\u00f5es e ferramentas pedag\u00f3gicas segundo as leis que regem a educa\u00e7\u00e3o brasileira.<br> Entre os materiais que ser\u00e3o apresentados no estande da Opet no \u201cEduca\u00e7\u00e3o para Transforma\u00e7\u00e3o\u201d, em Gramado, est\u00e3o as cole\u00e7\u00f5es <a href=\"https:\/\/www.editoraopet.com.br\/entrelinhas-para-voce.php\">\u201cEntrelinhas para Voc\u00ea\u201d<\/a>, <a href=\"https:\/\/www.editoraopet.com.br\/caminhos-e-vivencias.php\">\u201cCaminhos e Viv\u00eancias\u201d<\/a> e <a href=\"https:\/\/www.editoraopet.com.br\/trilhas.php\">\u201cTrilhas\u201d<\/a>, que s\u00e3o carros-chefes no segmento p\u00fablico. \u201cS\u00e3o materiais com uma proposta de trabalho muito rica, que fortalece o processo de ensino aprendizagem e valoriza a criatividades dos professores\u201d, observa Roberto.<br><strong> Valor<\/strong> &#8211; Para o realizador do \u201cEduca\u00e7\u00e3o para Transforma\u00e7\u00e3o\u201d, Paulo Ferraz (da Ferraz Eventos), a participa\u00e7\u00e3o da Editora Opet agrega valor ao evento e \u00e0 experi\u00eancia dos participantes. \u201cTeremos representantes de 13 Estados, pessoas que est\u00e3o em busca de atualiza\u00e7\u00e3o de conhecimentos, de produtos e servi\u00e7os de qualidade. E, nesse sentido, a Editora Opet oferece qualidade.\u201d<br> <strong>Servi\u00e7o <\/strong>&#8211; O \u201cEduca\u00e7\u00e3o para Transforma\u00e7\u00e3o\u201d acontece de 23 a 25 de julho na sede da FAURGS, na Rua S\u00e3o Pedro, 63, Centro, Gramado. Informa\u00e7\u00f5es sobre o evento podem ser obtidas em <a href=\"https:\/\/www.ferrazeventos.com.br\/events\/educacaoparatransformacao\/.\">https:\/\/www.ferrazeventos.com.br\/events\/educacaoparatransformacao\/.<\/a><\/p>\n","protected":false},"excerpt":{"rendered":"<p>A Editora Opet participa, nos dias 23 a 25, em Gramado no \u201cEduca\u00e7\u00e3o para Transforma\u00e7\u00e3o\u201d, evento que vai reunir professores, gestores e palestrantes brasileiros e estrangeiros para debater alguns dos principais temas da educa\u00e7\u00e3o brasileira na sede da FAURGS.<\/p>\n","protected":false},"author":3,"featured_media":365,"comment_status":"open","ping_status":"closed","sticky":false,"template":"","format":"standard","meta":[],"categories":[3,6],"tags":[7,72,75,73,43,74],"_links":{"self":[{"href":"https:\/\/editoraopet.com.br\/blog_opet\/wp-json\/wp\/v2\/posts\/364"}],"collection":[{"href":"https:\/\/editoraopet.com.br\/blog_opet\/wp-json\/wp\/v2\/posts"}],"about":[{"href":"https:\/\/editoraopet.com.br\/blog_opet\/wp-json\/wp\/v2\/types\/post"}],"author":[{"embeddable":true,"href":"https:\/\/editoraopet.com.br\/blog_opet\/wp-json\/wp\/v2\/users\/3"}],"replies":[{"embeddable":true,"href":"https:\/\/editoraopet.com.br\/blog_opet\/wp-json\/wp\/v2\/comments?post=364"}],"version-history":[{"count":5,"href":"https:\/\/editoraopet.com.br\/blog_opet\/wp-json\/wp\/v2\/posts\/364\/revisions"}],"predecessor-version":[{"id":374,"href":"https:\/\/editoraopet.com.br\/blog_opet\/wp-json\/wp\/v2\/posts\/364\/revisions\/374"}],"wp:featuredmedia":[{"embeddable":true,"href":"https:\/\/editoraopet.com.br\/blog_opet\/wp-json\/wp\/v2\/media\/365"}],"wp:attachment":[{"href":"https:\/\/editoraopet.com.br\/blog_opet\/wp-json\/wp\/v2\/media?parent=364"}],"wp:term":[{"taxonomy":"category","embeddable":true,"href":"https:\/\/editoraopet.com.br\/blog_opet\/wp-json\/wp\/v2\/categories?post=364"},{"taxonomy":"post_tag","embeddable":true,"href":"https:\/\/editoraopet.com.br\/blog_opet\/wp-json\/wp\/v2\/tags?post=364"}],"curies":[{"name":"wp","href":"https:\/\/api.w.org\/{rel}","templated":true}]}}