{"id":3732,"date":"2024-05-29T10:59:14","date_gmt":"2024-05-29T13:59:14","guid":{"rendered":"https:\/\/editoraopet.com.br\/blog_opet\/?p=3732"},"modified":"2024-05-29T14:39:25","modified_gmt":"2024-05-29T17:39:25","slug":"segundo-semestre-a-vista-planejamento-alinhamento-e-propostas-inovadoras","status":"publish","type":"post","link":"https:\/\/editoraopet.com.br\/blog_opet\/segundo-semestre-a-vista-planejamento-alinhamento-e-propostas-inovadoras\/","title":{"rendered":"Segundo semestre \u00e0 vista! Planejamento, alinhamento e propostas inovadoras"},"content":{"rendered":"\n<figure class=\"wp-block-image size-full\"><img decoding=\"async\" loading=\"lazy\" width=\"1600\" height=\"1044\" src=\"https:\/\/editoraopet.com.br\/blog_opet\/wp-content\/uploads\/2024\/05\/WhatsApp-Image-2024-05-28-at-10.04.10.jpeg\" alt=\"\" class=\"wp-image-3734\"\/><\/figure>\n\n\n\n<p><\/p>\n\n\n\n<p class=\"has-medium-font-size\"><strong>Pensar, construir, inovar, compartilhar, motivar somar, alinhar, oferecer&#8230; quando o tema \u00e9 planejamento pedag\u00f3gico, esses verbos est\u00e3o muito presentes. Afinal, educar envolve tudo isso e mais! E eles assumem outra dimens\u00e3o quando o planejamento diz respeito \u00e0 forma\u00e7\u00e3o de professores, mais exatamente dos professores parceiros Sefe e \u00cdgnea.<\/strong><\/p>\n\n\n\n<p>Nesta semana, na ter\u00e7a-feira (28), <strong>o time do Pedag\u00f3gico da Editora Opet<\/strong> \u2013 assessores, supervis\u00e3o, coordena\u00e7\u00e3o e ger\u00eancia pedag\u00f3gica \u2013 esteve reunido para a primeira apresenta\u00e7\u00e3o dos esbo\u00e7os dos planejamentos das forma\u00e7\u00f5es pedag\u00f3gicas do segundo semestre. \u00c9 o primeiro resultado material de um trabalho iniciado h\u00e1 mais de um m\u00eas, e que envolve muito estudo. Foi um momento de exposi\u00e7\u00e3o breve e objetiva das ideias de cada assessor pedag\u00f3gico \u2013 respons\u00e1vel pela constru\u00e7\u00e3o de um planejamento \u2013, recep\u00e7\u00e3o cr\u00edtica e construtiva destas ideias, alinhamento e troca de experi\u00eancias.<\/p>\n\n\n\n<figure class=\"wp-block-image size-full\"><img decoding=\"async\" loading=\"lazy\" width=\"1414\" height=\"539\" src=\"https:\/\/editoraopet.com.br\/blog_opet\/wp-content\/uploads\/2024\/05\/selec02.jpg\" alt=\"\" class=\"wp-image-3737\"\/><\/figure>\n\n\n\n<p><\/p>\n\n\n\n<p class=\"has-medium-font-size\">\u2705 <strong>Estrat\u00e9gico<\/strong><\/p>\n\n\n\n<p><em>\u201cEssa apresenta\u00e7\u00e3o \u00e9 muito importante para que possamos chegar nas forma\u00e7\u00f5es docentes do segundo semestre com um plano de trabalho alinhado e consistente. Um plano que atenda \u00e0s demandas das escolas e enrique\u00e7a as possibilidades de trabalho com as cole\u00e7\u00f5es e ferramentas educacionais digitais\u201d<\/em>, observa <strong>Cliciane \u00c9len Augusto<\/strong>, gerente pedag\u00f3gica da Editora. Nas apresenta\u00e7\u00f5es, os assessores pedag\u00f3gicos mostram os temas dos planejamentos, suas ideias, os objetivos principais e os caminhos para alcan\u00e7\u00e1-los.<\/p>\n\n\n\n<p>\u201c<em>O sucesso de um planejamento est\u00e1 na resposta do professor que participa da forma\u00e7\u00e3o. Seja ela uma reflex\u00e3o significativa, uma contribui\u00e7\u00e3o para a sua pr\u00e1tica docente ou um questionamento no sentido de avan\u00e7ar no processo de ensino e aprendizagem, por exemplo. \u00c9 isso que buscamos \u2013 e que come\u00e7a em encontros como esse, na forma\u00e7\u00e3o dos assessores pedag\u00f3gicos\u201d<\/em>, destaca Cliciane.<\/p>\n\n\n\n<p class=\"has-medium-font-size\">\u2705 <strong>Temas na vanguarda<\/strong><\/p>\n\n\n\n<p>Para <strong>Marina Cabral Rhinow,<\/strong> supervisora pedag\u00f3gica da Educa\u00e7\u00e3o Infantil e das Especialidades (Arte, Educa\u00e7\u00e3o F\u00edsica e Gestores), os temas trazidos pelos assessores pedag\u00f3gicos nas apresenta\u00e7\u00f5es \u2013 como o dos usos da Intelig\u00eancia Artificial na educa\u00e7\u00e3o, o reconhecimento da import\u00e2ncia das intera\u00e7\u00f5es, do brincar e da ludicidade e a utiliza\u00e7\u00e3o de diferentes metodologias ativas no cotidiano da escola<strong>,<\/strong> &#8211; mostram o compromisso da equipe em desenvolver uma educa\u00e7\u00e3o que respeite os olhares dos estudantes de hoje.<\/p>\n\n\n\n<p><em>\u201cNossas crian\u00e7as, nossos estudantes, s\u00e3o personagens do s\u00e9culo XXI, e n\u00f3s devemos levar esses temas, essas quest\u00f5es e essas possibilidades para os professores. A ideia \u00e9 motiv\u00e1-los e inspir\u00e1-los\u201d, <\/em>observa.<\/p>\n\n\n\n<p>Marina explica que, a partir das apresenta\u00e7\u00f5es e do alinhamento, a equipe passar\u00e1 a produzir os recursos que ser\u00e3o utilizados nas forma\u00e7\u00f5es pedag\u00f3gicas.<\/p>\n\n\n\n<p class=\"has-medium-font-size\">\u2705 <strong>A melhor prepara\u00e7\u00e3o<\/strong><\/p>\n\n\n<div class=\"wp-block-image\">\n<figure class=\"alignleft size-full is-resized\"><img decoding=\"async\" loading=\"lazy\" src=\"https:\/\/editoraopet.com.br\/blog_opet\/wp-content\/uploads\/2024\/05\/selec05.jpg\" alt=\"\" class=\"wp-image-3745\" width=\"225\" height=\"308\"\/><\/figure><\/div>\n\n\n<p><strong>Christiane Ribeiro Tavares<\/strong> (foto) \u00e9 assessora pedag\u00f3gica para o 2\u00ba ano do Ensino Fundamental. No planejamento que apresentou, ela trabalha com quatro momentos, come\u00e7ando pelos documentos oficiais da Educa\u00e7\u00e3o para essa etapa de ensino \u2013 o Compromisso Nacional com a Crian\u00e7a Alfabetizada, a Base Nacional Comum Curricular (BNCC) e o Objetivo de Desenvolvimento Sustent\u00e1vel N\u00ba 4, Educa\u00e7\u00e3o de Qualidade \u2013 e sua rela\u00e7\u00e3o com os materiais. No segundo, foca a import\u00e2ncia das brincadeiras, do cuidado, do uso de materiais diversos e de olhares diferenciados para as crian\u00e7as. No terceiro, a alfabetiza\u00e7\u00e3o matem\u00e1tica. E, no quarto, o brincar e sua proximidade em rela\u00e7\u00e3o ao ensino-aprendizagem.<\/p>\n\n\n\n<p><em>\u201cEsse momento de apresenta\u00e7\u00e3o faz toda a diferen\u00e7a para o nosso trabalho. As pessoas da equipe nos recebem com um olhar cuidadoso e com afetividade. E elas ajudam indicando os pontos em que podemos melhorar. Conhecer os demais planejamentos tamb\u00e9m ajuda \u2013 eu diria que \u00e9 a melhor prepara\u00e7\u00e3o para as forma\u00e7\u00f5es do segundo semestre\u201d<\/em>, finaliza.<\/p>\n\n\n\n<figure class=\"wp-block-image size-full\"><img decoding=\"async\" loading=\"lazy\" width=\"1598\" height=\"1008\" src=\"https:\/\/editoraopet.com.br\/blog_opet\/wp-content\/uploads\/2024\/05\/selec04.jpg\" alt=\"\" class=\"wp-image-3739\"\/><figcaption class=\"wp-element-caption\"><em>O time do Pedag\u00f3gico da Editora Opet. Finalizando os detalhes dos planejamentos para as forma\u00e7\u00f5es do segundo semestre.<\/em><\/figcaption><\/figure>\n","protected":false},"excerpt":{"rendered":"<p>Pensar, construir, inovar, compartilhar, motivar somar, alinhar, oferecer&#8230; quando o tema \u00e9 planejamento pedag\u00f3gico, esses verbos est\u00e3o muito presentes. Afinal, educar envolve tudo isso e mais! E eles assumem outra dimens\u00e3o quando o planejamento diz respeito \u00e0 forma\u00e7\u00e3o de professores, mais exatamente dos professores parceiros Sefe e \u00cdgnea. Nesta semana, na ter\u00e7a-feira (28), o time [&hellip;]<\/p>\n","protected":false},"author":2,"featured_media":0,"comment_status":"closed","ping_status":"closed","sticky":false,"template":"","format":"standard","meta":[],"categories":[2,130,154,4,3,146,195,97,186,161,150],"tags":[],"_links":{"self":[{"href":"https:\/\/editoraopet.com.br\/blog_opet\/wp-json\/wp\/v2\/posts\/3732"}],"collection":[{"href":"https:\/\/editoraopet.com.br\/blog_opet\/wp-json\/wp\/v2\/posts"}],"about":[{"href":"https:\/\/editoraopet.com.br\/blog_opet\/wp-json\/wp\/v2\/types\/post"}],"author":[{"embeddable":true,"href":"https:\/\/editoraopet.com.br\/blog_opet\/wp-json\/wp\/v2\/users\/2"}],"replies":[{"embeddable":true,"href":"https:\/\/editoraopet.com.br\/blog_opet\/wp-json\/wp\/v2\/comments?post=3732"}],"version-history":[{"count":6,"href":"https:\/\/editoraopet.com.br\/blog_opet\/wp-json\/wp\/v2\/posts\/3732\/revisions"}],"predecessor-version":[{"id":3747,"href":"https:\/\/editoraopet.com.br\/blog_opet\/wp-json\/wp\/v2\/posts\/3732\/revisions\/3747"}],"wp:attachment":[{"href":"https:\/\/editoraopet.com.br\/blog_opet\/wp-json\/wp\/v2\/media?parent=3732"}],"wp:term":[{"taxonomy":"category","embeddable":true,"href":"https:\/\/editoraopet.com.br\/blog_opet\/wp-json\/wp\/v2\/categories?post=3732"},{"taxonomy":"post_tag","embeddable":true,"href":"https:\/\/editoraopet.com.br\/blog_opet\/wp-json\/wp\/v2\/tags?post=3732"}],"curies":[{"name":"wp","href":"https:\/\/api.w.org\/{rel}","templated":true}]}}