{"id":375,"date":"2019-07-29T14:10:18","date_gmt":"2019-07-29T17:10:18","guid":{"rendered":"http:\/\/www.editoraopet.com.br\/blog_opet\/?p=375"},"modified":"2019-07-29T14:22:20","modified_gmt":"2019-07-29T17:22:20","slug":"uma-formacao-gigante-em-santana-de-parnaiba","status":"publish","type":"post","link":"https:\/\/editoraopet.com.br\/blog_opet\/uma-formacao-gigante-em-santana-de-parnaiba\/","title":{"rendered":"Uma forma\u00e7\u00e3o gigante em Santana de Parna\u00edba!"},"content":{"rendered":"\n<p>Na semana que passou estivemos em Santana de Parna\u00edba, munic\u00edpio paulista que \u00e9 um dos principais parceiros da Editora Opet. L\u00e1, junto com a equipe da Secretaria Municipal de Educa\u00e7\u00e3o, fizemos a forma\u00e7\u00e3o semestral de cerca de 800 professores e gestores! As atividades levaram 30 formadores da <a href=\"https:\/\/www.editoraopet.com.br\/\">Editora<\/a> a Santana e foram realizadas em tr\u00eas col\u00e9gios municipais.<\/p>\n\n\n\n<figure class=\"wp-block-image\"><img alt=\"\"\/><\/figure>\n\n\n\n<figure class=\"wp-block-image\"><img decoding=\"async\" loading=\"lazy\" width=\"576\" height=\"1024\" src=\"http:\/\/www.editoraopet.com.br\/blog_opet\/wp-content\/uploads\/2019\/07\/b3e9b0a7-d73a-4e59-a66d-29ccf39b5e7f-576x1024.jpg\" alt=\"\" class=\"wp-image-377\" srcset=\"https:\/\/editoraopet.com.br\/blog_opet\/wp-content\/uploads\/2019\/07\/b3e9b0a7-d73a-4e59-a66d-29ccf39b5e7f-576x1024.jpg 576w, https:\/\/editoraopet.com.br\/blog_opet\/wp-content\/uploads\/2019\/07\/b3e9b0a7-d73a-4e59-a66d-29ccf39b5e7f-169x300.jpg 169w, https:\/\/editoraopet.com.br\/blog_opet\/wp-content\/uploads\/2019\/07\/b3e9b0a7-d73a-4e59-a66d-29ccf39b5e7f.jpg 720w\" sizes=\"(max-width: 576px) 85vw, 576px\" \/><figcaption> <br>Forma\u00e7\u00e3o semestral  &#8211; Editora Opet\/ Santana  <br>de Parna\u00edba <br> <\/figcaption><\/figure>\n\n\n\n<p><br> O trabalho envolveu o conhecimento e o aprofundamento did\u00e1tico-pedag\u00f3gico em rela\u00e7\u00e3o aos conte\u00fados do semestre nos v\u00e1rios componentes curriculares. <br> As forma\u00e7\u00f5es, como observa a gestora pedag\u00f3gica Cliciane \u00c9len, tiveram como encaminhamento did\u00e1tico a abordagem criativa, o que possibilitou aos professores e gestores colocarem a m\u00e3o na massa! Al\u00e9m disso, os agentes de organiza\u00e7\u00e3o escolar e oficiais administrativos assistiram uma palestra sobre Intelig\u00eancia Socioemocional, tema estrat\u00e9gico.<\/p>\n\n\n\n<figure class=\"wp-block-image\"><img decoding=\"async\" loading=\"lazy\" width=\"1024\" height=\"576\" src=\"http:\/\/www.editoraopet.com.br\/blog_opet\/wp-content\/uploads\/2019\/07\/e34f643f-d073-41c9-9e8c-d78aad7417ee-1024x576.jpg\" alt=\"\" class=\"wp-image-376\" srcset=\"https:\/\/editoraopet.com.br\/blog_opet\/wp-content\/uploads\/2019\/07\/e34f643f-d073-41c9-9e8c-d78aad7417ee-1024x576.jpg 1024w, https:\/\/editoraopet.com.br\/blog_opet\/wp-content\/uploads\/2019\/07\/e34f643f-d073-41c9-9e8c-d78aad7417ee-300x169.jpg 300w, https:\/\/editoraopet.com.br\/blog_opet\/wp-content\/uploads\/2019\/07\/e34f643f-d073-41c9-9e8c-d78aad7417ee-768x432.jpg 768w, https:\/\/editoraopet.com.br\/blog_opet\/wp-content\/uploads\/2019\/07\/e34f643f-d073-41c9-9e8c-d78aad7417ee.jpg 1200w\" sizes=\"(max-width: 709px) 85vw, (max-width: 909px) 67vw, (max-width: 1362px) 62vw, 840px\" \/><figcaption> <br>Forma\u00e7\u00e3o semestral  &#8211; Editora Opet\/ Santana  <br>de Parna\u00edba <br><br><\/figcaption><\/figure>\n\n\n\n<p> O secret\u00e1rio de Educa\u00e7\u00e3o de Santana, Clecius Romagnoli, resumiu assim o trabalho: \u201cFoi uma forma\u00e7\u00e3o extremamente importante. Nosso sucesso nos indicadores da educa\u00e7\u00e3o tem a ver com a forma\u00e7\u00e3o constante dos professores, e com o conhecimento de novos processos did\u00e1ticos e metodol\u00f3gicos. A receptividade pelos professores foi muito grande. \u00c9 a maior que j\u00e1 tivemos em rela\u00e7\u00e3o a um sistema de ensino.\u201d Em tempo: Santana de Parna\u00edba foi o munic\u00edpio da regi\u00e3o metropolitana de S\u00e3o Paulo com maior crescimento do IDEB na \u00faltima avalia\u00e7\u00e3o.<\/p>\n","protected":false},"excerpt":{"rendered":"<p>As atividades levaram 30 formadores da Editora a Santana e foram realizadas em tr\u00eas col\u00e9gios municipais.<br \/>\n O trabalho envolveu o conhecimento e o aprofundamento did\u00e1tico-pedag\u00f3gico em rela\u00e7\u00e3o aos conte\u00fados do semestre nos v\u00e1rios componentes curriculares. <\/p>\n","protected":false},"author":3,"featured_media":380,"comment_status":"closed","ping_status":"closed","sticky":false,"template":"","format":"standard","meta":[],"categories":[3,6],"tags":[7,80,9,42,40,79,17,41],"_links":{"self":[{"href":"https:\/\/editoraopet.com.br\/blog_opet\/wp-json\/wp\/v2\/posts\/375"}],"collection":[{"href":"https:\/\/editoraopet.com.br\/blog_opet\/wp-json\/wp\/v2\/posts"}],"about":[{"href":"https:\/\/editoraopet.com.br\/blog_opet\/wp-json\/wp\/v2\/types\/post"}],"author":[{"embeddable":true,"href":"https:\/\/editoraopet.com.br\/blog_opet\/wp-json\/wp\/v2\/users\/3"}],"replies":[{"embeddable":true,"href":"https:\/\/editoraopet.com.br\/blog_opet\/wp-json\/wp\/v2\/comments?post=375"}],"version-history":[{"count":1,"href":"https:\/\/editoraopet.com.br\/blog_opet\/wp-json\/wp\/v2\/posts\/375\/revisions"}],"predecessor-version":[{"id":379,"href":"https:\/\/editoraopet.com.br\/blog_opet\/wp-json\/wp\/v2\/posts\/375\/revisions\/379"}],"wp:featuredmedia":[{"embeddable":true,"href":"https:\/\/editoraopet.com.br\/blog_opet\/wp-json\/wp\/v2\/media\/380"}],"wp:attachment":[{"href":"https:\/\/editoraopet.com.br\/blog_opet\/wp-json\/wp\/v2\/media?parent=375"}],"wp:term":[{"taxonomy":"category","embeddable":true,"href":"https:\/\/editoraopet.com.br\/blog_opet\/wp-json\/wp\/v2\/categories?post=375"},{"taxonomy":"post_tag","embeddable":true,"href":"https:\/\/editoraopet.com.br\/blog_opet\/wp-json\/wp\/v2\/tags?post=375"}],"curies":[{"name":"wp","href":"https:\/\/api.w.org\/{rel}","templated":true}]}}