{"id":3859,"date":"2024-07-10T14:08:03","date_gmt":"2024-07-10T17:08:03","guid":{"rendered":"https:\/\/editoraopet.com.br\/blog_opet\/?p=3859"},"modified":"2024-07-11T10:17:18","modified_gmt":"2024-07-11T13:17:18","slug":"educadoras-vencedoras-no-premio-acao-destaque-sao-homenageadas-em-minas-gerais","status":"publish","type":"post","link":"https:\/\/editoraopet.com.br\/blog_opet\/educadoras-vencedoras-no-premio-acao-destaque-sao-homenageadas-em-minas-gerais\/","title":{"rendered":"Educadoras vencedoras no Pr\u00eamio A\u00e7\u00e3o Destaque s\u00e3o homenageadas em Minas Gerais"},"content":{"rendered":"\n<figure class=\"wp-block-image size-full\"><img decoding=\"async\" loading=\"lazy\" width=\"704\" height=\"375\" src=\"https:\/\/editoraopet.com.br\/blog_opet\/wp-content\/uploads\/2024\/07\/medalhadas.jpg\" alt=\"\" class=\"wp-image-3860\"\/><figcaption class=\"wp-element-caption\"><em>Professoras Mislaine, V\u00e2nia e Janayna com a Comenda do M\u00e9rito Educacional Irm\u00e3 Maria Noemi<\/em>. Cr\u00e9dito\/fotos: <em>V\u00e2nia de F\u00e1tima Flores Paiva<\/em> (<em>Instagram<\/em>)<\/figcaption><\/figure>\n\n\n\n<p><strong>Professoras da rede municipal de ensino de Varginha (MG) que em 2023 venceram o Pr\u00eamio A\u00e7\u00e3o Destaque foram homenageadas pela C\u00e2mara Municipal daquela cidade. <\/strong>As professoras <strong>Mislaine do Carmo Cardoso<\/strong>, <strong>V\u00e2nia de F\u00e1tima Flores Paiva<\/strong> e <strong>Janayna Silva Santos Lopes Reis<\/strong> receberam a \u201cComenda do M\u00e9rito Educacional Irm\u00e3 Maria Noemi\u201d, <a href=\"https:\/\/www.legislador.com.br\/LegisladorWEB.ASP?WCI=LeiTexto&amp;ID=90&amp;inEspecieLei=3&amp;nrLei=10&amp;aaLei=2019\"><strong>institu\u00edda pelo Legislativo Municipal<\/strong><\/a> em 2019 para homenagear pessoas ou institui\u00e7\u00f5es que se destacaram por sua atua\u00e7\u00e3o na \u00e1rea educacional.<\/p>\n\n\n\n<p>No ano de 2023, no <strong>13\u00ba Pr\u00eamio A\u00e7\u00e3o Destaque<\/strong>, V\u00e2nia conquistou o 1\u00ba lugar na Categoria 08 \u2013 Gestores, Janayna chegou ao 3\u00ba lugar na mesma Categoria e Mislaine alcan\u00e7ou o 3\u00ba lugar na Categoria 05 &#8211; Ensino Fundamental Anos Finais e M\u00e9dio. Em seus discursos na <a href=\"https:\/\/www.youtube.com\/watch?v=8zKHNtokg6I\"><strong>sess\u00e3o solene da premia\u00e7\u00e3o<\/strong><\/a>, as homenageadas destacaram o valor da premia\u00e7\u00e3o em Curitiba em sua jornada profissional.<\/p>\n\n\n\n<p class=\"has-medium-font-size\">Reconhecimento do valor<\/p>\n\n\n\n<p><em>\u201cPara a Editora Opet, \u00e9 uma alegria fazer parte dessas trajet\u00f3rias t\u00e3o vitoriosas, de professoras que fortalecem a educa\u00e7\u00e3o e a aprendizagem. E esse \u00e9 um dos objetivos do Pr\u00eamio A\u00e7\u00e3o Destaque: oferecer espa\u00e7o para que o talento e o brilho desses profissionais sejam ainda mais conhecidos. Em nome da Editora, parabenizo as professoras Mislaine, V\u00e2nia e Janayna pela comenda. Voc\u00ea s\u00e3o uma inspira\u00e7\u00e3o para outros educadores!\u201d<\/em>, diz a gerente pedag\u00f3gica da Editora Opet, <strong>Cliciane \u00c9len Augusto<\/strong>.<\/p>\n\n\n\n<p>Na avalia\u00e7\u00e3o de Cliciane, homenagens como a recebida pelas professoras em Varginha refor\u00e7am a import\u00e2ncia de pr\u00eamios como o A\u00e7\u00e3o Destaque. <em>\u201cAo valorizar os educadores, valorizamos tamb\u00e9m as gest\u00f5es, os secret\u00e1rios de Educa\u00e7\u00e3o e os prefeitos. E, especialmente, a educa\u00e7\u00e3o, que \u00e9 percebida pela comunidade como algo de que se orgulhar. E isso, \u00e9 claro, fortalece ainda mais seu desenvolvimento.\u201d<\/em> Ela conclui: <em>\u201ctemos certeza de que a edi\u00e7\u00e3o deste ano do A\u00e7\u00e3o Destaque far\u00e1 brilhar a educa\u00e7\u00e3o de v\u00e1rios munic\u00edpios\u201d.<\/em><\/p>\n","protected":false},"excerpt":{"rendered":"<p>Professoras da rede municipal de ensino de Varginha (MG) que em 2023 venceram o Pr\u00eamio A\u00e7\u00e3o Destaque foram homenageadas pela C\u00e2mara Municipal daquela cidade. As professoras Mislaine do Carmo Cardoso, V\u00e2nia de F\u00e1tima Flores Paiva e Janayna Silva Santos Lopes Reis receberam a \u201cComenda do M\u00e9rito Educacional Irm\u00e3 Maria Noemi\u201d, institu\u00edda pelo Legislativo Municipal em [&hellip;]<\/p>\n","protected":false},"author":2,"featured_media":0,"comment_status":"closed","ping_status":"closed","sticky":false,"template":"","format":"standard","meta":[],"categories":[2,130,3,146,142,169,150],"tags":[],"_links":{"self":[{"href":"https:\/\/editoraopet.com.br\/blog_opet\/wp-json\/wp\/v2\/posts\/3859"}],"collection":[{"href":"https:\/\/editoraopet.com.br\/blog_opet\/wp-json\/wp\/v2\/posts"}],"about":[{"href":"https:\/\/editoraopet.com.br\/blog_opet\/wp-json\/wp\/v2\/types\/post"}],"author":[{"embeddable":true,"href":"https:\/\/editoraopet.com.br\/blog_opet\/wp-json\/wp\/v2\/users\/2"}],"replies":[{"embeddable":true,"href":"https:\/\/editoraopet.com.br\/blog_opet\/wp-json\/wp\/v2\/comments?post=3859"}],"version-history":[{"count":1,"href":"https:\/\/editoraopet.com.br\/blog_opet\/wp-json\/wp\/v2\/posts\/3859\/revisions"}],"predecessor-version":[{"id":3861,"href":"https:\/\/editoraopet.com.br\/blog_opet\/wp-json\/wp\/v2\/posts\/3859\/revisions\/3861"}],"wp:attachment":[{"href":"https:\/\/editoraopet.com.br\/blog_opet\/wp-json\/wp\/v2\/media?parent=3859"}],"wp:term":[{"taxonomy":"category","embeddable":true,"href":"https:\/\/editoraopet.com.br\/blog_opet\/wp-json\/wp\/v2\/categories?post=3859"},{"taxonomy":"post_tag","embeddable":true,"href":"https:\/\/editoraopet.com.br\/blog_opet\/wp-json\/wp\/v2\/tags?post=3859"}],"curies":[{"name":"wp","href":"https:\/\/api.w.org\/{rel}","templated":true}]}}