{"id":3943,"date":"2024-09-12T16:19:44","date_gmt":"2024-09-12T19:19:44","guid":{"rendered":"https:\/\/editoraopet.com.br\/blog_opet\/?p=3943"},"modified":"2024-09-12T16:19:44","modified_gmt":"2024-09-12T19:19:44","slug":"campeoes-confira-os-vencedores-do-14o-premio-acao-destaque","status":"publish","type":"post","link":"https:\/\/editoraopet.com.br\/blog_opet\/campeoes-confira-os-vencedores-do-14o-premio-acao-destaque\/","title":{"rendered":"Campe\u00f5es! Confira os vencedores do 14\u00ba Pr\u00eamio A\u00e7\u00e3o Destaque"},"content":{"rendered":"\n<figure class=\"wp-block-image size-full\"><img decoding=\"async\" loading=\"lazy\" width=\"2573\" height=\"937\" src=\"https:\/\/editoraopet.com.br\/blog_opet\/wp-content\/uploads\/2024\/09\/FINALISTAS_02.jpg\" alt=\"\" class=\"wp-image-3944\"\/><figcaption class=\"wp-element-caption\"><em>Os campe\u00f5es do 14\u00ba Pr\u00eamio A\u00e7\u00e3o Destaque. Projetos se destacaram pela qualidade e pela intencionalidade.<\/em><\/figcaption><\/figure>\n\n\n\n<p><\/p>\n\n\n\n<p>Acabou a espera! A Editora Opet divulgou na manh\u00e3 desta quinta-feira, 12, o resultado final do <strong>14\u00ba Pr\u00eamio A\u00e7\u00e3o Destaque<\/strong>, um dos mais importantes do pa\u00eds no segmento de sistemas de ensino. A divulga\u00e7\u00e3o dos vencedores aconteceu no segundo dia do <a href=\"https:\/\/educacao.editoraopet.com.br\/sefe2024\/\"><strong>XII Semin\u00e1rio Nacional de Gestores<\/strong><\/a>, realizado em Curitiba e com transmiss\u00e3o integral pelo <a href=\"https:\/\/www.youtube.com\/@EditoraOpetOficial\"><strong>Canal da Editora no Youtube<\/strong><\/a>.<\/p>\n\n\n\n<p>Em 2024, o A\u00e7\u00e3o Destaque teve centenas de projetos inscritos de professores e gestores municipais parceiros de todo o pa\u00eds, que concorreram em <strong>nove categorias<\/strong>. Desses trabalhos, <strong>28 foram selecionados e concorreram na etapa final<\/strong>, que apontou os primeiros, segundos e terceiros lugares de cada categoria (por empate na pontua\u00e7\u00e3o, uma das categorias, a 3, teve dois terceiros lugares). Todos os finalistas receberam certificados, trof\u00e9us e pr\u00eamios em dinheiro.<\/p>\n\n\n\n<p>Os trabalhos finalistas v\u00eam de <strong>19 munic\u00edpios parceiros<\/strong> da Editora Opet em SP, MG, CE, MT, RO, SC e PR.<\/p>\n\n\n\n<p><em>\u201cGostar\u00edamos de parabenizar todos os finalistas, que nos brindaram com projetos de grande intencionalidade e impacto na aprendizagem e na vida dos estudantes e suas comunidades\u201d<\/em>, avalia a gerente pedag\u00f3gica da Editora Opet e organizadora do A\u00e7\u00e3o Destaque, <strong>Cliciane \u00c9len Augusto<\/strong>. <em>\u201cEsses projetos conversam de perto com a proposta da Editora Opet \u2013 de uma educa\u00e7\u00e3o humana, cidad\u00e3, intencionada, transformadora e que estimula o protagonismo.\u201d<\/em><em><\/em><\/p>\n\n\n\n<p><strong>Os vencedores \u2013 <\/strong>Confira em primeira m\u00e3o os vencedores do 14\u00ba Pr\u00eamio A\u00e7\u00e3o Destaque:<\/p>\n\n\n\n<p><strong>\u2705<\/strong><strong> Categoria 01 \u2013 Educa\u00e7\u00e3o Infantil \u2013<\/strong> Cole\u00e7\u00e3o Primeira Inf\u00e2ncia +0, Cole\u00e7\u00e3o Entrelinhas para voc\u00ea! (Infantil 1, 2, 3) ou Cole\u00e7\u00e3o Feito Crian\u00e7a (Infantil 1, 2, 3):<\/p>\n\n\n\n<p>1\u00ba lugar &#8211; <strong>Nicole Malaquias Stolarczki<\/strong>, Ivaipor\u00e3 (PR), \u201cExploradores do saber: uma viagem encantada pela Aprendizagem\u201d.<\/p>\n\n\n\n<p>2\u00ba lugar \u2013 <strong>Amanda Batista de Moura<\/strong>, Santana de Parna\u00edba (SP), \u201cPelos Caminhos da \u00c1frica\u201d.<\/p>\n\n\n\n<p>3\u00ba lugar &#8211; <strong>Maysa Aim\u00ea Grams Bach<\/strong>, Nova Santa Rosa (PR), \u201cContextos Investigativos e o Brincar Heur\u00edstico na Explora\u00e7\u00e3o dos 5 Sentidos\u201d.<\/p>\n\n\n\n<figure class=\"wp-block-image size-full\"><img decoding=\"async\" loading=\"lazy\" width=\"3588\" height=\"1600\" src=\"https:\/\/editoraopet.com.br\/blog_opet\/wp-content\/uploads\/2024\/09\/CAT01.jpg\" alt=\"\" class=\"wp-image-3945\"\/><figcaption class=\"wp-element-caption\"><em>Professoras Nicole, Amanda e Maysa, vencedoras da Categoria 01.<\/em><\/figcaption><\/figure>\n\n\n\n<p><\/p>\n\n\n\n<p><strong>\u2705<\/strong><strong> Categoria 02 \u2013 Educa\u00e7\u00e3o Infantil \u2013<\/strong> Cole\u00e7\u00e3o Entrelinhas para voc\u00ea! (4 e 5) ou Cole\u00e7\u00e3o Feito Crian\u00e7a (4 e 5):<\/p>\n\n\n\n<p>1\u00ba lugar &#8211; <strong>Tha\u00eds Cristina Schwaab<\/strong>, Chapec\u00f3 (SC), \u201cMulheres que inspiram: marcas que v\u00e3o al\u00e9m da hist\u00f3ria\u201d.<\/p>\n\n\n\n<p>2\u00ba lugar &#8211; <strong>Marcia Le\u00e3o Navarro<\/strong>, Santana de Parna\u00edba (SP), \u201cPequenos Autores: da Escuta aos Processos Investigativos\u201d.<\/p>\n\n\n\n<p>3\u00ba lugar &#8211; <strong>Paula Machado Rodrigues<\/strong>, Santa Cruz do Rio Pardo (SP), \u201cFesta dos 100 livros\u201d.<\/p>\n\n\n\n<figure class=\"wp-block-image size-full\"><img decoding=\"async\" loading=\"lazy\" width=\"3600\" height=\"1600\" src=\"https:\/\/editoraopet.com.br\/blog_opet\/wp-content\/uploads\/2024\/09\/CAT02.jpg\" alt=\"\" class=\"wp-image-3946\"\/><figcaption class=\"wp-element-caption\"><em>Professoras Tha\u00eds, M\u00e1rcia e Paula, vencedoras da Categoria 02<\/em><\/figcaption><\/figure>\n\n\n\n<p><\/p>\n\n\n\n<p><strong>\u2705<\/strong><strong> Categoria 03 \u2013 Ensino Fundamental Anos Iniciais 1\u00ba ao 3\u00ba ano<\/strong> \u2013 Cole\u00e7\u00e3o Caminhos e Viv\u00eancias, Cole\u00e7\u00e3o Meu Ambiente ou Programa Indica:<\/p>\n\n\n\n<p>1\u00ba lugar &#8211; <strong>Carolina Rochelli Policarpo Ventura<\/strong>, Paranagu\u00e1 (PR), \u201cMar, C\u00e2mera e A\u00e7\u00e3o. Proteger a ba\u00eda de Paranagu\u00e1 est\u00e1 em nossas m\u00e3os\u201d.<\/p>\n\n\n\n<p>2\u00ba lugar \u2013 <strong>Renata D. Rodrigues Bastos<\/strong>, Varginha (MG), \u201cO que ou\u00e7o e vejo, sa\u00fade e vida\u201d.<\/p>\n\n\n\n<p>3\u00ba lugar &#8211; <strong>Salette Stocco<\/strong>, Chapec\u00f3 (SC), \u201cLeitura por esta\u00e7\u00f5es \u2013 espa\u00e7os que incentivam a leitura\u201d.<\/p>\n\n\n\n<p>3\u00ba lugar &#8211; <strong>Teresa Monalisa de Souza Gomes<\/strong>, Fortaleza (CE), \u201cBrinquedos e brincadeiras: o encontro do ontem e do hoje para o amanh\u00e3\u201d.<\/p>\n\n\n\n<figure class=\"wp-block-image size-full\"><img decoding=\"async\" loading=\"lazy\" width=\"4800\" height=\"1600\" src=\"https:\/\/editoraopet.com.br\/blog_opet\/wp-content\/uploads\/2024\/09\/CAT03.jpg\" alt=\"\" class=\"wp-image-3947\"\/><figcaption class=\"wp-element-caption\"><em>Professoras Carolina, Renata, Salette e Teresa, vencedoras da Categoria 03.<\/em><\/figcaption><\/figure>\n\n\n\n<p><\/p>\n\n\n\n<p><strong>\u2705 Categoria 04 \u2013 Ensino Fundamental Anos Iniciais 4\u00ba e 5\u00ba ano \u2013<\/strong> Cole\u00e7\u00e3o Caminhos e Viv\u00eancias, Cole\u00e7\u00e3o Meu Ambiente ou Programa Indica:<\/p>\n\n\n\n<p>1\u00ba lugar &#8211; <strong>Beatriz Molina Pizapio Rizzo<\/strong>, Cerejeiras (RO), \u201cCrise h\u00eddrica em Cerejeiras: estudantes em a\u00e7\u00e3o!\u201d.<\/p>\n\n\n\n<p>2\u00ba lugar &#8211; <strong>Rog\u00e9ria Santos Fraga Rosa<\/strong>, Jundia\u00ed do Sul (PR), \u201cPreservar para Fluir\u201d.<\/p>\n\n\n\n<p>3\u00ba lugar &#8211; <strong>Sandra Cristina de Oliveira<\/strong>, Arapongas (PR), \u201cZero Dengue! Conscientiza\u00e7\u00e3o e preven\u00e7\u00e3o \u00e9 a solu\u00e7\u00e3o\u201d.<\/p>\n\n\n\n<figure class=\"wp-block-image size-full\"><img decoding=\"async\" loading=\"lazy\" width=\"1979\" height=\"884\" src=\"https:\/\/editoraopet.com.br\/blog_opet\/wp-content\/uploads\/2024\/09\/CAT04.jpg\" alt=\"\" class=\"wp-image-3948\"\/><figcaption class=\"wp-element-caption\"><em>Professoras Beatriz, Rog\u00e9ria e Sandra, vencedoras da Categoria 04.<\/em><\/figcaption><\/figure>\n\n\n\n<p><\/p>\n\n\n\n<p><strong>\u2705 Categoria 05 \u2013 Ensino Fundamental Anos Finais e Ensino M\u00e9dio \u2013<\/strong> Cole\u00e7\u00e3o Ser e Viver Cidadania, Cole\u00e7\u00e3o Cidadania, Cole\u00e7\u00e3o Meu Ambiente ou Programa Indica:<\/p>\n\n\n\n<p>1\u00ba lugar &#8211; <strong>Daiane Priscila Polizello Genari<\/strong>, Ibir\u00e1 (SP), \u201cReduzir para Ganhar: matem\u00e1tica, tecnologias e sustentabilidade\u201d.<\/p>\n\n\n\n<p>2\u00ba lugar &#8211; <strong>Adriane Ranieri Valente<\/strong>, Santana de Parna\u00edba (SP), \u201cA aplica\u00e7\u00e3o da Matem\u00e1tica no Exerc\u00edcio da Cidadania\u201d.<\/p>\n\n\n\n<p>3\u00ba lugar &#8211; <strong>Wanderson Ferreira de Oliveira<\/strong>, Campin\u00e1polis (MT), \u201cTecnoMitos: mitos ancestrais Xavante, desenvolvidos com a Intelig\u00eancia Artificial\u201d.<\/p>\n\n\n\n<figure class=\"wp-block-image size-full\"><img decoding=\"async\" loading=\"lazy\" width=\"3600\" height=\"1600\" src=\"https:\/\/editoraopet.com.br\/blog_opet\/wp-content\/uploads\/2024\/09\/CAT05.jpg\" alt=\"\" class=\"wp-image-3949\"\/><figcaption class=\"wp-element-caption\"><em>Professores Daiane, Adriane e Wanderson, vencedoras da Categoria 05.<\/em><\/figcaption><\/figure>\n\n\n\n<p><\/p>\n\n\n\n<p><strong>\u2705<\/strong><strong> Categoria 06 \u2013 A\u00e7\u00f5es com Familiares \u2013<\/strong> Cole\u00e7\u00e3o Fam\u00edlia Presente e\/ou Cole\u00e7\u00e3o Fam\u00edlia e Escola e\/ou Encontro com Familiares:<\/p>\n\n\n\n<p>1\u00ba lugar &#8211; <strong>Francielle Farinhuk dos Santos,<\/strong> In\u00e1cio Martins (PR), \u201cAdmir\u00e1vel mundo Fam\u00edlia\/Opet\u201d.<\/p>\n\n\n\n<p>2\u00ba lugar &#8211; <strong>Gisele de Paula Ribeiro<\/strong>, Passa Quatro (MG), \u201cLa\u00e7os que transformam: a conex\u00e3o entre fam\u00edla, escola e a educa\u00e7\u00e3o socioemocional\u201d.<\/p>\n\n\n\n<p>3\u00ba lugar &#8211; <strong>Camilla Gonzaga de Sena de Paula<\/strong>, Campo Novo do Parecis (MT), \u201c(RE)Construindo La\u00e7os de Afeto: um espa\u00e7o para fam\u00edlias\u201d.<\/p>\n\n\n\n<figure class=\"wp-block-image size-full\"><img decoding=\"async\" loading=\"lazy\" width=\"3600\" height=\"1600\" src=\"https:\/\/editoraopet.com.br\/blog_opet\/wp-content\/uploads\/2024\/09\/CAT06.jpg\" alt=\"\" class=\"wp-image-3950\"\/><figcaption class=\"wp-element-caption\"><em>Professoras Francielle, Gisele e Camilla, vencedoras da  Categoria 06.<\/em><\/figcaption><\/figure>\n\n\n\n<p><\/p>\n\n\n\n<p><strong>\u2705<\/strong><strong> Categoria 07 \u2013 Especialistas: Arte, Educa\u00e7\u00e3o F\u00edsica e L\u00edngua Inglesa \u2013<\/strong> Cole\u00e7\u00f5es Joy, Caminhos e Viv\u00eancias, Ser e Viver Cidadania ou English Party:<\/p>\n\n\n\n<p>1\u00ba lugar &#8211; <strong>Vin\u00edcius Bonamigo Capeletti<\/strong>, Chapec\u00f3 (SC), \u201cNo ritmo da respira\u00e7\u00e3o\u201d.<\/p>\n\n\n\n<p>2\u00ba lugar &#8211; <strong>Mait\u00ea Santos da Silva<\/strong>, Colombo (PR), \u201cTramas de afeto: Educando para a paz\u201d.<\/p>\n\n\n\n<p>3\u00ba lugar &#8211; <strong>Marina da Costa Azevedo<\/strong>, Campin\u00e1polis (MT), \u201cI Mostra Cultura Xavante da Emafa\u201d.<\/p>\n\n\n\n<figure class=\"wp-block-image size-full\"><img decoding=\"async\" loading=\"lazy\" width=\"2163\" height=\"906\" src=\"https:\/\/editoraopet.com.br\/blog_opet\/wp-content\/uploads\/2024\/09\/CAT07-1.jpg\" alt=\"\" class=\"wp-image-3952\"\/><\/figure>\n\n\n\n<p><\/p>\n\n\n\n<p><strong>\u2705 Categoria 08 \u2013 Gestores \u2013<\/strong> Diretores escolares, Coordenadores Pedag\u00f3gicos ou Supervisores Pedag\u00f3gicos:\u00a0\u00a0\u00a0\u00a0\u00a0\u00a0\u00a0\u00a0\u00a0\u00a0\u00a0\u00a0\u00a0\u00a0\u00a0\u00a0\u00a0\u00a0\u00a0\u00a0\u00a0\u00a0\u00a0\u00a0\u00a0\u00a0\u00a0\u00a0\u00a0\u00a0\u00a0\u00a0\u00a0\u00a0\u00a0\u00a0\u00a0\u00a0\u00a0\u00a0\u00a0\u00a0\u00a0\u00a0\u00a0\u00a0\u00a0\u00a0\u00a0\u00a0\u00a0\u00a0\u00a0\u00a0\u00a0\u00a0\u00a0\u00a0\u00a0\u00a0\u00a0\u00a0\u00a0 \u00a0\u00a0\u00a0\u00a0\u00a0\u00a0\u00a0\u00a0\u00a0\u00a0\u00a0\u00a0\u00a0\u00a0\u00a0\u00a0\u00a0<\/p>\n\n\n\n<p>1\u00ba lugar \u2013 <strong>Josimeire Nascimento de Oliveira<\/strong>, Santana de Parna\u00edba (SP), \u201cESCOLA DE PAZ \u2013 Desenvolvendo a comunica\u00e7\u00e3o n\u00e3o violenta e Valorizando as emo\u00e7\u00f5es\u2019\u201d.<\/p>\n\n\n\n<p>2\u00ba lugar &#8211; <strong>Ang\u00e9lica Freitas de Carvalho<\/strong>, Cotia (SP), \u201cUma escola feliz e inspiradora: da transforma\u00e7\u00e3o dos espa\u00e7os ao protagonismo das crian\u00e7as em uma cultura de lideran\u00e7a e paz\u201d.<\/p>\n\n\n\n<p>3\u00ba lugar &#8211; <strong>Emila Lemos P\u00f3voa<\/strong>, S\u00e3o Louren\u00e7o (MG), \u201cQuintal Brincante: Transformando Espa\u00e7os, Criando Mem\u00f3rias e Plantando Sementes\u201d<\/p>\n\n\n\n<figure class=\"wp-block-image size-full\"><img decoding=\"async\" loading=\"lazy\" width=\"3600\" height=\"1600\" src=\"https:\/\/editoraopet.com.br\/blog_opet\/wp-content\/uploads\/2024\/09\/CAT08.jpg\" alt=\"\" class=\"wp-image-3953\"\/><figcaption class=\"wp-element-caption\"><em>Professoras Josimeire, Ang\u00e9lica e Emila, vencedoras da Categoria 08.<\/em><\/figcaption><\/figure>\n\n\n\n<p><\/p>\n\n\n\n<p><strong>\u2705<\/strong><strong> Categoria 09 \u2013 Secretaria Municipal de Educa\u00e7\u00e3o \u2013<\/strong> Diretores de Ensino, Coordenadores de Ensino, Gerentes de ensino, Supervisores, Coordenadores de forma\u00e7\u00e3o, Articuladores, Assessores Pedag\u00f3gicos ou Secret\u00e1rios Municipais de Educa\u00e7\u00e3o.<\/p>\n\n\n\n<p>1\u00ba lugar &#8211; <strong>Solange In\u00e1cio Ribeiro Conde<\/strong>, Varginha (MG), \u201cIA para personalizar: o uso do Google Gemini na promo\u00e7\u00e3o da diferencia\u00e7\u00e3o pedag\u00f3gica\u201d.<\/p>\n\n\n\n<p>2\u00ba lugar &#8211; <strong>Regina F\u00e1tima Lunelli<\/strong>, Chapec\u00f3 (SC), \u201cGrupo de Estudos Territoriar: os espa\u00e7os que a Educa\u00e7\u00e3o Infantil habita\u201d.<\/p>\n\n\n\n<p>3\u00ba lugar &#8211; <strong>Edicleia Kulkamp<\/strong>, Ivaipor\u00e3 (PR), \u201cEstudo e Planejamento da Teoria \u00e0 Pr\u00e1tica: A Arte de Aprender e Ensinar\u201d.<\/p>\n\n\n\n<figure class=\"wp-block-image size-full\"><img decoding=\"async\" loading=\"lazy\" width=\"1374\" height=\"632\" src=\"https:\/\/editoraopet.com.br\/blog_opet\/wp-content\/uploads\/2024\/09\/CAT09.jpg\" alt=\"\" class=\"wp-image-3954\"\/><figcaption class=\"wp-element-caption\"><em>Professoras Solange, Regina e Edicleia, vencedoras da Categoria 09.<\/em><\/figcaption><\/figure>\n\n\n\n<p><\/p>\n\n\n\n<p><strong>O pr\u00f3ximo A\u00e7\u00e3o Destaque \u2013<\/strong> Cliciane lembra que a nova edi\u00e7\u00e3o do Pr\u00eamio A\u00e7\u00e3o Destaque come\u00e7a a ser planejada logo ap\u00f3s a divulga\u00e7\u00e3o dos resultados de 2024. <em>\u201cQueremos inspirar os professores e gestores para que transformem as suas a\u00e7\u00f5es em projetos para o A\u00e7\u00e3o Destaque. H\u00e1 muitas ideias e pr\u00e1ticas preciosas, que merecem ser compartilhadas. Assim, deixamos o convite: participem do Pr\u00eamio A\u00e7\u00e3o Destaque em 2025!\u201d<\/em>, conclui.<\/p>\n\n\n\n<figure class=\"wp-block-image size-full\"><img decoding=\"async\" loading=\"lazy\" width=\"4017\" height=\"1670\" src=\"https:\/\/editoraopet.com.br\/blog_opet\/wp-content\/uploads\/2024\/09\/FINALISTAS_01.jpg\" alt=\"\" class=\"wp-image-3955\"\/><figcaption class=\"wp-element-caption\"><em>Vencedores do 14\u00ba Pr\u00eamio A\u00e7\u00e3o Destaque: inspira\u00e7\u00e3o para educadores de todo o pa\u00eds.<\/em> <\/figcaption><\/figure>\n","protected":false},"excerpt":{"rendered":"<p>Acabou a espera! A Editora Opet divulgou na manh\u00e3 desta quinta-feira, 12, o resultado final do 14\u00ba Pr\u00eamio A\u00e7\u00e3o Destaque, um dos mais importantes do pa\u00eds no segmento de sistemas de ensino. A divulga\u00e7\u00e3o dos vencedores aconteceu no segundo dia do XII Semin\u00e1rio Nacional de Gestores, realizado em Curitiba e com transmiss\u00e3o integral pelo Canal [&hellip;]<\/p>\n","protected":false},"author":2,"featured_media":0,"comment_status":"closed","ping_status":"closed","sticky":false,"template":"","format":"standard","meta":[],"categories":[2,130,154,3,146,142,97,145,6,169,150],"tags":[],"_links":{"self":[{"href":"https:\/\/editoraopet.com.br\/blog_opet\/wp-json\/wp\/v2\/posts\/3943"}],"collection":[{"href":"https:\/\/editoraopet.com.br\/blog_opet\/wp-json\/wp\/v2\/posts"}],"about":[{"href":"https:\/\/editoraopet.com.br\/blog_opet\/wp-json\/wp\/v2\/types\/post"}],"author":[{"embeddable":true,"href":"https:\/\/editoraopet.com.br\/blog_opet\/wp-json\/wp\/v2\/users\/2"}],"replies":[{"embeddable":true,"href":"https:\/\/editoraopet.com.br\/blog_opet\/wp-json\/wp\/v2\/comments?post=3943"}],"version-history":[{"count":1,"href":"https:\/\/editoraopet.com.br\/blog_opet\/wp-json\/wp\/v2\/posts\/3943\/revisions"}],"predecessor-version":[{"id":3956,"href":"https:\/\/editoraopet.com.br\/blog_opet\/wp-json\/wp\/v2\/posts\/3943\/revisions\/3956"}],"wp:attachment":[{"href":"https:\/\/editoraopet.com.br\/blog_opet\/wp-json\/wp\/v2\/media?parent=3943"}],"wp:term":[{"taxonomy":"category","embeddable":true,"href":"https:\/\/editoraopet.com.br\/blog_opet\/wp-json\/wp\/v2\/categories?post=3943"},{"taxonomy":"post_tag","embeddable":true,"href":"https:\/\/editoraopet.com.br\/blog_opet\/wp-json\/wp\/v2\/tags?post=3943"}],"curies":[{"name":"wp","href":"https:\/\/api.w.org\/{rel}","templated":true}]}}