{"id":413,"date":"2019-08-13T14:33:33","date_gmt":"2019-08-13T17:33:33","guid":{"rendered":"http:\/\/www.editoraopet.com.br\/blog_opet\/?p=413"},"modified":"2019-08-13T14:35:13","modified_gmt":"2019-08-13T17:35:13","slug":"tecnologias-digitais","status":"publish","type":"post","link":"https:\/\/editoraopet.com.br\/blog_opet\/tecnologias-digitais\/","title":{"rendered":"TECNOLOGIAS DIGITAIS"},"content":{"rendered":"\n<h2 class=\"wp-block-heading\">Jornada digital: Editora Opet inaugura seu est\u00fadio de produ\u00e7\u00e3o audiovisual<\/h2>\n\n\n\n<p>A Editora Opet inaugurou oficialmente ontem, segunda-feira (13) seu est\u00fadio de produ\u00e7\u00e3o audiovisual. O est\u00fadio, que foi montado em uma sala especialmente reformada na sede da Editora, em Curitiba, \u00e9 um elemento estrat\u00e9gico para o projeto de fortalecimento dos nossos sistemas de ensino no ambiente digital. \u201cOptamos por fazer o est\u00fadio aqui, em nossa pr\u00f3pria sede, para ganhar agilidade e escala de produ\u00e7\u00e3o. E trabalhamos com muito cuidado para fornecer todos os recursos necess\u00e1rios \u00e0 demanda que vai surgir\u201d, explica o coordenador de Tecnologias Digitais da Editora Opet, Luciano Rocha. \u201cNesse est\u00fadio, vamos produzir pe\u00e7as em todos os formatos: videoaulas, fundamenta\u00e7\u00e3o te\u00f3rica em formato de v\u00eddeo, transmiss\u00f5es ao vivo para forma\u00e7\u00f5es, tomadas externas e podcasts.\u201d <br> Para tanto, a Editora investiu em equipamentos de \u00faltima gera\u00e7\u00e3o \u2013 c\u00e2meras digitais com capacidade de grava\u00e7\u00e3o em 4k, ilha de edi\u00e7\u00e3o, set de ilumina\u00e7\u00e3o profissional, jogos de cromaqui e fundo infinito, teleprompter, microfones profissionais e isolamento ac\u00fastico. Al\u00e9m disso, conta com a experi\u00eancia de um colaborador, Jo\u00e3o Rodrigo Almeida, que \u00e9 especialista em tecnologias digitais e de comunica\u00e7\u00e3o, al\u00e9m de todos os demais colaboradores das ger\u00eancias editorial e pedag\u00f3gica. \u201cTemos, agora, a estrutura e a equipe necess\u00e1rias a atender a plataforma digital, e podemos investir e crescer ainda mais. Estamos dando um passo importante para colocar a Editora Opet na vanguarda dos sistemas de ensino \u2013 e isso vai acontecer em muito pouco tempo\u201d, garante Luciano. Nesta semana, ali\u00e1s, come\u00e7am as grava\u00e7\u00f5es, com a equipe do Pedag\u00f3gico, da fundamenta\u00e7\u00e3o te\u00f3rica das cole\u00e7\u00f5es produzidas pela Editora.<br> Para o diretor de produto da Editora Opet, Gilberto Soares dos Santos, a constru\u00e7\u00e3o do est\u00fadio \u00e9 resultado do engajamento da equipe no projeto que vai colocar a Editora Opet entre as mais avan\u00e7adas do pa\u00eds no cen\u00e1rio de recursos digitais em educa\u00e7\u00e3o. \u201cEm termos simb\u00f3licos, o est\u00fadio representa a segunda fase do projeto. A primeira foi a de constru\u00e7\u00e3o da plataforma que vai receber os conte\u00fados digitais e as novas m\u00eddias.\u201d A data final prevista para o \u201cembarque\u201d dos primeiros conte\u00fados na plataforma \u00e9 19 de novembro. A plataforma ir\u00e1 ao ar em pleno funcionamento em meados de dezembro. <\/p>\n\n\n\n<ul class=\"wp-block-gallery columns-2 is-cropped wp-block-gallery-1 is-layout-flex\"><li class=\"blocks-gallery-item\"><figure><img decoding=\"async\" loading=\"lazy\" width=\"1024\" height=\"536\" src=\"http:\/\/www.editoraopet.com.br\/blog_opet\/wp-content\/uploads\/2019\/08\/tecnologia-digital-estudio-1-1024x536.png\" alt=\"\" data-id=\"415\" data-link=\"http:\/\/www.editoraopet.com.br\/blog_opet\/?attachment_id=415\" class=\"wp-image-415\" srcset=\"https:\/\/editoraopet.com.br\/blog_opet\/wp-content\/uploads\/2019\/08\/tecnologia-digital-estudio-1-1024x536.png 1024w, https:\/\/editoraopet.com.br\/blog_opet\/wp-content\/uploads\/2019\/08\/tecnologia-digital-estudio-1-300x157.png 300w, https:\/\/editoraopet.com.br\/blog_opet\/wp-content\/uploads\/2019\/08\/tecnologia-digital-estudio-1-768x402.png 768w, https:\/\/editoraopet.com.br\/blog_opet\/wp-content\/uploads\/2019\/08\/tecnologia-digital-estudio-1.png 1200w\" sizes=\"(max-width: 709px) 85vw, (max-width: 909px) 67vw, (max-width: 1362px) 62vw, 840px\" \/><\/figure><\/li><li class=\"blocks-gallery-item\"><figure><img decoding=\"async\" loading=\"lazy\" width=\"1024\" height=\"466\" src=\"http:\/\/www.editoraopet.com.br\/blog_opet\/wp-content\/uploads\/2019\/08\/WhatsApp-Image-2019-08-13-at-11.06.52-1024x466.jpeg\" alt=\"\" data-id=\"416\" data-link=\"http:\/\/www.editoraopet.com.br\/blog_opet\/?attachment_id=416\" class=\"wp-image-416\" srcset=\"https:\/\/editoraopet.com.br\/blog_opet\/wp-content\/uploads\/2019\/08\/WhatsApp-Image-2019-08-13-at-11.06.52-1024x466.jpeg 1024w, https:\/\/editoraopet.com.br\/blog_opet\/wp-content\/uploads\/2019\/08\/WhatsApp-Image-2019-08-13-at-11.06.52-300x136.jpeg 300w, https:\/\/editoraopet.com.br\/blog_opet\/wp-content\/uploads\/2019\/08\/WhatsApp-Image-2019-08-13-at-11.06.52-768x349.jpeg 768w, https:\/\/editoraopet.com.br\/blog_opet\/wp-content\/uploads\/2019\/08\/WhatsApp-Image-2019-08-13-at-11.06.52.jpeg 1200w\" sizes=\"(max-width: 709px) 85vw, (max-width: 909px) 67vw, (max-width: 1362px) 62vw, 840px\" \/><\/figure><\/li><\/ul>\n","protected":false},"excerpt":{"rendered":"<p>Jornada digital: Editora Opet inaugura seu est\u00fadio de produ\u00e7\u00e3o audiovisual A Editora Opet inaugurou oficialmente ontem, segunda-feira (13) seu est\u00fadio de produ\u00e7\u00e3o audiovisual. O est\u00fadio, que foi montado em uma sala especialmente reformada na sede da Editora, em Curitiba, \u00e9 um elemento estrat\u00e9gico para o projeto de fortalecimento dos nossos sistemas de ensino no ambiente [&hellip;]<\/p>\n","protected":false},"author":3,"featured_media":414,"comment_status":"closed","ping_status":"closed","sticky":false,"template":"","format":"standard","meta":[],"categories":[2,1],"tags":[85,7,14,52,71,15,86],"_links":{"self":[{"href":"https:\/\/editoraopet.com.br\/blog_opet\/wp-json\/wp\/v2\/posts\/413"}],"collection":[{"href":"https:\/\/editoraopet.com.br\/blog_opet\/wp-json\/wp\/v2\/posts"}],"about":[{"href":"https:\/\/editoraopet.com.br\/blog_opet\/wp-json\/wp\/v2\/types\/post"}],"author":[{"embeddable":true,"href":"https:\/\/editoraopet.com.br\/blog_opet\/wp-json\/wp\/v2\/users\/3"}],"replies":[{"embeddable":true,"href":"https:\/\/editoraopet.com.br\/blog_opet\/wp-json\/wp\/v2\/comments?post=413"}],"version-history":[{"count":1,"href":"https:\/\/editoraopet.com.br\/blog_opet\/wp-json\/wp\/v2\/posts\/413\/revisions"}],"predecessor-version":[{"id":417,"href":"https:\/\/editoraopet.com.br\/blog_opet\/wp-json\/wp\/v2\/posts\/413\/revisions\/417"}],"wp:featuredmedia":[{"embeddable":true,"href":"https:\/\/editoraopet.com.br\/blog_opet\/wp-json\/wp\/v2\/media\/414"}],"wp:attachment":[{"href":"https:\/\/editoraopet.com.br\/blog_opet\/wp-json\/wp\/v2\/media?parent=413"}],"wp:term":[{"taxonomy":"category","embeddable":true,"href":"https:\/\/editoraopet.com.br\/blog_opet\/wp-json\/wp\/v2\/categories?post=413"},{"taxonomy":"post_tag","embeddable":true,"href":"https:\/\/editoraopet.com.br\/blog_opet\/wp-json\/wp\/v2\/tags?post=413"}],"curies":[{"name":"wp","href":"https:\/\/api.w.org\/{rel}","templated":true}]}}