{"id":4208,"date":"2025-03-26T15:46:02","date_gmt":"2025-03-26T18:46:02","guid":{"rendered":"https:\/\/editoraopet.com.br\/blog_opet\/?p=4208"},"modified":"2025-03-26T15:46:02","modified_gmt":"2025-03-26T18:46:02","slug":"do-bilete-ao-peixe-de-abril-historia-e-significados-do-dia-da-mentira","status":"publish","type":"post","link":"https:\/\/editoraopet.com.br\/blog_opet\/do-bilete-ao-peixe-de-abril-historia-e-significados-do-dia-da-mentira\/","title":{"rendered":"Do &#8220;bilete&#8221; ao Peixe de Abril: hist\u00f3ria e significados do Dia da Mentira"},"content":{"rendered":"<div class=\"wp-block-image\">\n<figure class=\"aligncenter size-full is-resized\"><img decoding=\"async\" loading=\"lazy\" src=\"https:\/\/editoraopet.com.br\/blog_opet\/wp-content\/uploads\/2025\/03\/Bilete.jpg\" alt=\"\" class=\"wp-image-4209\" width=\"739\" height=\"308\"\/><figcaption class=\"wp-element-caption\"><em>O famoso &#8220;bilete&#8221; do menino Gabriel Lucca, que acabou virando meme. Fonte: Wikipedia.<\/em><\/figcaption><\/figure><\/div>\n\n\n<p><em>&#8220;\u00c9 verdade esse bilete<\/em> [sic]\u201d. Muitos brasileiros conhecem e at\u00e9 utilizam essa frase de vez em quando. Ela foi criada pelo menino Gabriel Lucca, que, aos cinco anos, em 2018, tentou enganar a m\u00e3e escrevendo um bilhete em que se passava pela pr\u00f3pria professora. A mensagem dizia o seguinte \u2013 <em>\u201cSenhores Paes <\/em>[sic]<em>: amanh\u00e3 n\u00e3o vai ter aula porque pode ser feriado. Assinado: Tia Paulinha\u201d \u2013<\/em>, sendo complementada com a frase que abre este par\u00e1grafo. A hist\u00f3ria, que aconteceu na cidade paulista de Bocaina, acabou se transformando em <a href=\"https:\/\/g1.globo.com\/sp\/bauru-marilia\/noticia\/2018\/12\/12\/e-verdade-esse-bilete-google-aponta-meme-como-um-dos-mais-buscados-do-ano.ghtml\">um meme de enorme repercuss\u00e3o<\/a> para indicar, de forma engra\u00e7ada, situa\u00e7\u00f5es em que a mentira contada \u00e9 t\u00e3o evidente \u2013 ou t\u00e3o inocente \u2013, que acaba despertando o riso ou a ironia.<\/p>\n\n\n\n<p>Uma mentirinha assim, ao mesmo tempo t\u00e3o engenhosa e ing\u00eanua \u2013 t\u00e3o simp\u00e1tica, na verdade \u2013 n\u00e3o deixa de ser um s\u00edmbolo de algo muito presente em todas as sociedades do mundo. A mentira!<\/p>\n\n\n\n<p>Nem todas as mentiras, evidentemente, s\u00e3o t\u00e3o inofensivas ou engra\u00e7adas quanto a contada por Gabriel. Muitas s\u00e3o perigosas e t\u00eam consequ\u00eancias s\u00e9rias \u2013 como, por exemplo, as <em>Fake News<\/em>, que devem ser combatidas com conhecimento e educa\u00e7\u00e3o midi\u00e1tica; outras, ainda, destroem a reputa\u00e7\u00e3o de quem \u00e9 o objeto da hist\u00f3ria falsa; e h\u00e1, tamb\u00e9m, aquelas associadas ao bullying. Um caso s\u00e9rio!<\/p>\n\n\n\n<p class=\"has-medium-font-size\"><strong>O Dia da Mentira<\/strong><\/p>\n\n\n\n<p>A rela\u00e7\u00e3o \u00e9 t\u00e3o profunda que uma parte do mundo chegou at\u00e9 mesmo a criar e cultivar um dia dedicado \u00e0 mentira, o 1\u00ba de abril. Vale observar que <strong>n\u00e3o \u00e9 um dia de mentiras maldosas ou perigosas<\/strong>, mas, sim, de <strong>brincadeiras com amigos<\/strong> (sem maldade ou humilha\u00e7\u00e3o), algo que traz um pouco da ideia de invers\u00e3o que inspira o carnaval.<\/p>\n\n\n\n<p>Mas, voc\u00ea sabe como come\u00e7ou essa hist\u00f3ria? \u00c9 o que vamos descobrir. E pode confiar \u201cque \u00e9 verdade este bilhete\u201d!<\/p>\n\n\n\n<p class=\"has-medium-font-size\"><strong>Mudou o Calend\u00e1rio&#8230; mentira!<\/strong><\/p>\n\n\n\n<p>O dia \u00e9 da Mentira, mas, em algumas regi\u00f5es do mundo, tamb\u00e9m \u00e9 chamado de Dia dos Tolos, dos Bobos ou dos Enganos, e, tamb\u00e9m, de \u201cPeixe de Abril\u201d (na It\u00e1lia e na Fran\u00e7a \u2013 em breve, vamos descobrir por qu\u00ea). E, ao contr\u00e1rio do que poder\u00edamos pensar vivendo em um mundo repleto de memes, truques e tentativas de engano, ele n\u00e3o \u00e9 recente. N\u00e3o, mesmo! Quem estuda o tema afirma que a tradi\u00e7\u00e3o de um \u201cDia da Mentira\u201d tem mais de 500 anos \u2013 ou seja, \u00e9 quase t\u00e3o antiga quanto o Brasil!<\/p>\n\n\n<div class=\"wp-block-image\">\n<figure class=\"aligncenter size-full is-resized\"><img decoding=\"async\" loading=\"lazy\" src=\"https:\/\/editoraopet.com.br\/blog_opet\/wp-content\/uploads\/2025\/03\/GettyImages-654152360.jpg\" alt=\"\" class=\"wp-image-4210\" width=\"557\" height=\"372\"\/><figcaption class=\"wp-element-caption\"><em>&#8220;Buon Pesce D&#8217;Aprile!&#8221; (&#8220;Feliz Peixe de Abril!&#8221;). O Dia da Mentira \u00e9 uma tradi\u00e7\u00e3o que nasceu na Europa do s\u00e9culo XVI. Fonte: Getty Images.<\/em><\/figcaption><\/figure><\/div>\n\n\n<p><strong>Mas, como come\u00e7ou?<\/strong><\/p>\n\n\n\n<p>A culpa seria da Igreja, de um calend\u00e1rio e de um rei franc\u00eas. E de um bando de gente que come\u00e7ou a ridicularizar e a pregar pe\u00e7as em seus semelhantes!<\/p>\n\n\n<div class=\"wp-block-image\">\n<figure class=\"alignleft size-full is-resized\"><img decoding=\"async\" loading=\"lazy\" src=\"https:\/\/editoraopet.com.br\/blog_opet\/wp-content\/uploads\/2025\/03\/Lavinia_Fontana_-_Portrait_of_Pope_Gregory_XIII.jpg\" alt=\"\" class=\"wp-image-4211\" width=\"243\" height=\"291\"\/><figcaption class=\"wp-element-caption\"><em>Greg\u00f3rio XIII, o &#8220;pai do novo calend\u00e1rio&#8221;. Fonte: Wikipedia.<\/em><\/figcaption><\/figure><\/div>\n\n\n<p>Vamos explicar: entre 1545 e 1563, a Igreja Cat\u00f3lica realizou o <strong>Conc\u00edlio de Trento<\/strong>, na It\u00e1lia, em que discutiu v\u00e1rias medidas relacionadas \u00e0 religi\u00e3o. Uma delas foi a substitui\u00e7\u00e3o do <strong>calend\u00e1rio juliano<\/strong> (criado em Roma no s\u00e9culo I) pelo <strong>calend\u00e1rio gregoriano<\/strong>, mais preciso, que corrigia uma distor\u00e7\u00e3o temporal crescente que influenciava o calend\u00e1rio lit\u00fargico, ou seja, das celebra\u00e7\u00f5es da Igreja. A substitui\u00e7\u00e3o foi feita alguns anos mais tarde, em 1582, pelo papa <strong>Greg\u00f3rio XIII <\/strong>(que tamb\u00e9m deu nome ao calend\u00e1rio). Vale observar que, no chamado Cristianismo Ortodoxo, adotado em pa\u00edses como a R\u00fassia, a Ucr\u00e2nia e a Arm\u00eania, ainda se utiliza o calend\u00e1rio juliano, com ou sem ajustes.&nbsp;<\/p>\n\n\n\n<p><\/p>\n\n\n\n<p class=\"has-medium-font-size\"><strong>E cumpra-se!<\/strong><\/p>\n\n\n\n<p>Como, na \u00e9poca, as decis\u00f5es da Igreja tinham enorme poder sobre as sociedades, os reis come\u00e7aram a aplicar a regra. Uma das mudan\u00e7as do novo calend\u00e1rio <strong>estabelecia o in\u00edcio do ano no dia 1\u00ba de janeiro. <\/strong>At\u00e9 ent\u00e3o, a data de in\u00edcio do ano, no calend\u00e1rio juliano, variava de regi\u00e3o para regi\u00e3o \u2013 algumas partes da Europa o celebravam no dia 1\u00ba de mar\u00e7o, outras no dia 25 do mesmo m\u00eas; com as distor\u00e7\u00f5es do pr\u00f3prio calend\u00e1rio juliano, esta \u00faltima data chegava perto do 1\u00ba de abril.<\/p>\n\n\n\n<p>Na Fran\u00e7a, o ajuste foi decretado pelo rei <strong>Henrique III<\/strong> no finalzinho de 1582. Resultado: uma parte da popula\u00e7\u00e3o aderiu \u00e0 novidade e a outra se recusou a celebrar o R\u00e9veillon na data nova, preferindo manter&#8230; o 1\u00ba de abril!<\/p>\n\n\n\n<p>Rapidinho, os resistentes, uma minoria, passaram a ser ridicularizados pelos demais. E acabavam at\u00e9 convidados para festas de ano novo \u2013 em 1\u00ba de abril, \u00e9 claro \u2013 que, na verdade, eram uma grande engana\u00e7\u00e3o, com prega\u00e7\u00e3o de pe\u00e7as, brincadeiras e outras \u201cesculhamba\u00e7\u00f5es\u201d. Pronto: nascia o Dia da Mentira!&nbsp;&nbsp;<\/p>\n\n\n\n<p class=\"has-medium-font-size\"><strong>Uma piada bem arriscada<\/strong><\/p>\n\n\n\n<p>A bagun\u00e7a virou tradi\u00e7\u00e3o e ganhou todo o mundo ocidental, inclusive o Brasil colonial.<\/p>\n\n\n\n<p>Foi apenas no in\u00edcio do Brasil Imp\u00e9rio \u2013 mais exatamente, em 1828 \u2013, por\u00e9m, que a data ganhou uma \u201ccertid\u00e3o de nascimento\u201d em terras tupiniquins. Naquele ano, no dia 1\u00ba de abril, a primeira edi\u00e7\u00e3o do jornal sat\u00edrico mineiro \u201cA Mentira\u201d (olhe s\u00f3 o t\u00edtulo&#8230;) trazia como manchete, nada mais, nada menos, do que a morte de Dom Pedro I!<\/p>\n\n\n\n<p>Foi, evidentemente, uma sensa\u00e7\u00e3o, at\u00e9 porque ningu\u00e9m sabia bem qual era a \u201ccara\u201d, a linha editorial do jornal. Muita gente acreditou, muita gente riu e muita gente ficou furiosa!<\/p>\n\n\n\n<p class=\"has-medium-font-size\"><strong>Brincadeiras e jornais<\/strong><\/p>\n\n\n<div class=\"wp-block-image\">\n<figure class=\"alignleft size-full is-resized\"><img decoding=\"async\" loading=\"lazy\" src=\"https:\/\/editoraopet.com.br\/blog_opet\/wp-content\/uploads\/2025\/03\/810px-Big_ben_closeup.jpg\" alt=\"\" class=\"wp-image-4212\" width=\"206\" height=\"275\"\/><figcaption class=\"wp-element-caption\"><em>No Dia da Mentira de 1980, a&nbsp;rede brit\u00e2nica BBC anunciou que o Big Ben seria &#8220;atualizado&#8221; para um formato digital. Fonte: Wikipedia.<\/em><\/figcaption><\/figure><\/div>\n\n\n<p>N\u00e3o se sabe exatamente se a brincadeira trouxe consequ\u00eancias para os editores do jornal \u2013 na \u00e9poca, D. Pedro se via \u00e0s voltas com quest\u00f5es muito s\u00e9rias como a independ\u00eancia da antiga prov\u00edncia Cisplatina (atual Uruguai) \u2013, mas o fato \u00e9 que, a partir de ent\u00e3o, a data acabou consagrada para a prega\u00e7\u00e3o de pe\u00e7as.<\/p>\n\n\n\n<p>No pr\u00f3prio campo jornal\u00edstico, por exemplo, brincadeiras do tipo (com envio de not\u00edcias falsas para as reda\u00e7\u00f5es) eram muito comuns at\u00e9 recentemente. E levaram os jornais a refor\u00e7ar seus mecanismos de checagem de informa\u00e7\u00f5es! Em alguns pa\u00edses \u2013 como o Reino Unido -, os jornais pregavam pe\u00e7as com not\u00edcias falsas em 1\u00ba de abril.<\/p>\n\n\n\n<p class=\"has-medium-font-size\"><strong>E como os pa\u00edses celebram o Dia da Mentira hoje?<\/strong><\/p>\n\n\n\n<p>Em um mundo ultraconectado e altamente interconectado, \u00e9 poss\u00edvel afirmar que o Dia da Mentira segue mais ou menos um mesmo roteiro, com algumas diferen\u00e7as regionais. E \u00e9 poss\u00edvel, inclusive, que esteja perdendo for\u00e7a. Assim como ocorria (e ocorre) no Brasil, em pa\u00edses como os Estados Unidos e o Reino Unido as reda\u00e7\u00f5es de jornal s\u00e3o alvo preferencial dos brincalh\u00f5es de 1\u00ba de abril, que enviam not\u00edcias absurdas, <em>releases<\/em> de brincadeira e outras \u201cpegadinhas\u201d, algumas vezes bem elaboradas.<\/p>\n\n\n\n<p>A ideia \u00e9 enganar os editores e fazer com que eles publiquem as not\u00edcias como verdadeiras. Com o fortalecimento da verifica\u00e7\u00e3o de fatos <em>(fact checking) <\/em>e a migra\u00e7\u00e3o dos jornais para o mundo digital (que permite corre\u00e7\u00f5es r\u00e1pidas em caso de engano), por\u00e9m, a tend\u00eancia \u00e9 de que o sucesso dessas \u201cpublica\u00e7\u00f5es desastradas\u201d seja cada vez menor. At\u00e9 mesmo porque, em um mundo assolado por <em>Fake News<\/em> e desinforma\u00e7\u00e3o, elas j\u00e1 n\u00e3o t\u00eam tanta gra\u00e7a!<\/p>\n\n\n<div class=\"wp-block-image\">\n<figure class=\"aligncenter size-full is-resized\"><img decoding=\"async\" loading=\"lazy\" src=\"https:\/\/editoraopet.com.br\/blog_opet\/wp-content\/uploads\/2025\/03\/GettyImages-2057701757.jpg\" alt=\"\" class=\"wp-image-4213\" width=\"519\" height=\"292\"\/><figcaption class=\"wp-element-caption\"><em>&#8220;Fact&#8221; (fato) ou &#8220;Fake&#8221; (falso): uma das grandes quest\u00f5es da m\u00eddia e da sociedade no s\u00e9culo XXI. Fonte: Getty Images.<\/em><\/figcaption><\/figure><\/div>\n\n\n<p><strong>E o \u201cPeixe de Abril\u201d?<\/strong><\/p>\n\n\n\n<p>Alguns par\u00e1grafos acima, falamos que, na It\u00e1lia e na Fran\u00e7a, o Dia da Mentira tamb\u00e9m \u00e9 chamado de \u201cPeixe de Abril\u201d. E esse nome s\u00f3 existe porque, nesses pa\u00edses, \u00e9 tradi\u00e7\u00e3o colar um peixe de papel nas costas das \u201cv\u00edtimas\u201d da festa sem que elas se deem conta. Nada, ali\u00e1s, que desconhe\u00e7amos: brincadeiras do tipo, especialmente com bilhetes pregados nas costas, j\u00e1 foram (e ainda s\u00e3o) relativamente comuns entre n\u00f3s.<\/p>\n\n\n\n<p>Mas elas tamb\u00e9m perderam for\u00e7a, em especial por conta de uma maior consci\u00eancia coletiva a respeito da humilha\u00e7\u00e3o e do <em>bullying<\/em> \u2013 um problema grav\u00edssimo, em especial nas escolas, que causa sofrimento e deve ser combatido.<\/p>\n\n\n\n<p class=\"has-medium-font-size\"><strong>Conclus\u00e3o: o Dia da Mentira tem hist\u00f3ria&#8230; e \u00e9 bom conhec\u00ea-la!<\/strong><\/p>\n\n\n\n<p>Ao conhecer um pouco mais sobre a origem do Dia da Mentira, <strong>descobrimos coisas que abrem possibilidades de reflex\u00e3o.<\/strong> Como, por exemplo, os fatores relacionados \u00e0 constru\u00e7\u00e3o das tradi\u00e7\u00f5es. Como surgem as datas festivas, em especial as populares? Quem diria, por exemplo, que uma mudan\u00e7a no calend\u00e1rio \u2013 com pessoas contra e a favor \u2013 acabaria gerando uma festa popular?<\/p>\n\n\n\n<p>Vimos, tamb\u00e9m, o papel que a Igreja Cat\u00f3lica desempenhou na vida das sociedades europeias por s\u00e9culos. Um decreto papal, validado por v\u00e1rios reis, mudou a data de in\u00edcio do ano!<\/p>\n\n\n\n<p>Por fim, pudemos perceber a resposta das sociedades a mudan\u00e7as importantes em seu dia a dia. No caso do Dia da Mentira, de contesta\u00e7\u00e3o, assimila\u00e7\u00e3o e constru\u00e7\u00e3o de significado \u2013 uma festa que sobrevive quase 500 anos depois de uma mudan\u00e7a decretada por um papa!<\/p>\n\n\n\n<p>Por fim \u2013 e o mais importante -, o Dia da Mentira tamb\u00e9m pode ser uma oportunidade de reflex\u00e3o e a\u00e7\u00e3o em rela\u00e7\u00e3o a temas fundamentais da nossa \u00e9poca: as <em>Fake News<\/em>, a educa\u00e7\u00e3o midi\u00e1tica, a checagem de fatos e, especialmente, o respeito \u00e0s pessoas e \u00e0 dignidade humana. Refletir conhecendo, pesquisando e dialogando. <strong>E agir combatendo o <em>bullying<\/em> com intelig\u00eancia, seriedade, conhecimento e empatia.<\/strong><\/p>\n","protected":false},"excerpt":{"rendered":"<p>&#8220;\u00c9 verdade esse bilete [sic]\u201d. Muitos brasileiros conhecem e at\u00e9 utilizam essa frase de vez em quando. Ela foi criada pelo menino Gabriel Lucca, que, aos cinco anos, em 2018, tentou enganar a m\u00e3e escrevendo um bilhete em que se passava pela pr\u00f3pria professora. A mensagem dizia o seguinte \u2013 \u201cSenhores Paes [sic]: amanh\u00e3 n\u00e3o [&hellip;]<\/p>\n","protected":false},"author":2,"featured_media":0,"comment_status":"closed","ping_status":"closed","sticky":false,"template":"","format":"standard","meta":[],"categories":[2,130,196,146],"tags":[],"_links":{"self":[{"href":"https:\/\/editoraopet.com.br\/blog_opet\/wp-json\/wp\/v2\/posts\/4208"}],"collection":[{"href":"https:\/\/editoraopet.com.br\/blog_opet\/wp-json\/wp\/v2\/posts"}],"about":[{"href":"https:\/\/editoraopet.com.br\/blog_opet\/wp-json\/wp\/v2\/types\/post"}],"author":[{"embeddable":true,"href":"https:\/\/editoraopet.com.br\/blog_opet\/wp-json\/wp\/v2\/users\/2"}],"replies":[{"embeddable":true,"href":"https:\/\/editoraopet.com.br\/blog_opet\/wp-json\/wp\/v2\/comments?post=4208"}],"version-history":[{"count":2,"href":"https:\/\/editoraopet.com.br\/blog_opet\/wp-json\/wp\/v2\/posts\/4208\/revisions"}],"predecessor-version":[{"id":4245,"href":"https:\/\/editoraopet.com.br\/blog_opet\/wp-json\/wp\/v2\/posts\/4208\/revisions\/4245"}],"wp:attachment":[{"href":"https:\/\/editoraopet.com.br\/blog_opet\/wp-json\/wp\/v2\/media?parent=4208"}],"wp:term":[{"taxonomy":"category","embeddable":true,"href":"https:\/\/editoraopet.com.br\/blog_opet\/wp-json\/wp\/v2\/categories?post=4208"},{"taxonomy":"post_tag","embeddable":true,"href":"https:\/\/editoraopet.com.br\/blog_opet\/wp-json\/wp\/v2\/tags?post=4208"}],"curies":[{"name":"wp","href":"https:\/\/api.w.org\/{rel}","templated":true}]}}