{"id":4411,"date":"2025-08-07T16:52:55","date_gmt":"2025-08-07T19:52:55","guid":{"rendered":"https:\/\/editoraopet.com.br\/blog_opet\/?p=4411"},"modified":"2025-08-07T16:52:55","modified_gmt":"2025-08-07T19:52:55","slug":"historia-e-consciencia-os-livros-mais-recentes-sobre-a-independencia-do-brasil","status":"publish","type":"post","link":"https:\/\/editoraopet.com.br\/blog_opet\/historia-e-consciencia-os-livros-mais-recentes-sobre-a-independencia-do-brasil\/","title":{"rendered":"Hist\u00f3ria e consci\u00eancia: os livros mais recentes sobre a Independ\u00eancia do Brasil!"},"content":{"rendered":"\n<p>Autodetermina\u00e7\u00e3o, soberania, na\u00e7\u00e3o, rela\u00e7\u00f5es com outros pa\u00edses. Nos \u00faltimos meses, essas palavras v\u00eam aparecendo diariamente nos notici\u00e1rios do Brasil e do mundo. \u00c9 necess\u00e1rio compreend\u00ea-las e ir al\u00e9m do lugar comum, refletir criticamente e, principalmente, buscar perceber de fato quem somos, como nos colocamos no mundo e o que queremos.<\/p>\n\n\n\n<p>Neste domingo, 07, celebramos 203 anos de independ\u00eancia de Portugal; s\u00e3o 203 anos de pa\u00eds \u2013 um dos maiores do mundo, vibrante e democr\u00e1tico! \u2013, com todos os desafios que esta not\u00e1vel condi\u00e7\u00e3o implica.<\/p>\n\n\n\n<p>Pensando bem, n\u00e3o h\u00e1 data melhor para pensar em quem somos, como chegamos at\u00e9 aqui e quais nossas perspectivas de futuro como sociedade e como na\u00e7\u00e3o.<\/p>\n\n\n\n<p><strong>Mas, por onde come\u00e7ar? <\/strong>Nossa sugest\u00e3o, totalmente no esp\u00edrito da ocasi\u00e3o, \u00e9 voltar os olhos aos livros que examinam a Independ\u00eancia. Obras que mostram, em primeiro lugar, o qu\u00e3o rica e instigante \u00e9 a Hist\u00f3ria do nosso pa\u00eds, e como ela se comunica com quem somos atualmente. Neste breve artigo, vamos abordar algumas dessas obras, que se destacam pela qualidade da pesquisa e do texto. Com um diferencial que foge \u00e0s resenhas habituais: vamos tratar de produ\u00e7\u00f5es recentes, <strong>de at\u00e9 3 anos<\/strong>, que se somam \u00e0 j\u00e1 vasta e rica biblioteca da Independ\u00eancia.<\/p>\n\n\n\n<p>Assim sendo, aos livros!<\/p>\n\n\n\n<p><strong>2022<\/strong><\/p>\n\n\n\n<p><strong>\u201cIndepend\u00eancia do Brasil\u201d, de Jo\u00e3o Paulo Pimenta (160 p.). Editora Contexto.<\/strong><\/p>\n\n\n<div class=\"wp-block-image\">\n<figure class=\"alignleft size-full is-resized\"><img decoding=\"async\" loading=\"lazy\" src=\"https:\/\/editoraopet.com.br\/blog_opet\/wp-content\/uploads\/2025\/08\/INDE_01.jpg\" alt=\"\" class=\"wp-image-4412\" width=\"181\" height=\"249\"\/><\/figure><\/div>\n\n\n<p>Voc\u00ea certamente j\u00e1 ouviu muitas hist\u00f3rias \u2013 pelo menos, algumas \u2013 a respeito da Independ\u00eancia. Como a do famoso \u201cGrito da Independ\u00eancia\u201d, de D. Pedro I, que nos transformou de col\u00f4nia em Estado. Mas, ser\u00e1 que todas essas hist\u00f3rias aconteceram assim mesmo? Ser\u00e1 que aconteceram de verdade? Quem as contou primeiro? E quem ficou fora do discurso? Em \u201cIndepend\u00eancia do Brasil\u201d, Pimenta (professor da USP) traz uma hist\u00f3ria do Brasil nos idos de 1822 com um olhar mais amplo, voltado \u00e0s pessoas \u2013 c\u00e9lebres e an\u00f4nimas \u2013 e aos lugares \u2013 centrais e perif\u00e9ricos \u2013 que estavam ali. Voc\u00ea j\u00e1 pensou, por exemplo, em como era a sua cidade naquele momento e como a popula\u00e7\u00e3o ficou sabendo da Independ\u00eancia? \u00c9 disso que trata o livro \u2013 instigante!<\/p>\n\n\n\n<p><strong>2023<\/strong><\/p>\n\n\n\n<p><strong>\u201cMem\u00f3rias da Independ\u00eancia\u201d, de Maria Borrego e Paulo C\u00e9sar Garcez Marins (Editores).<\/strong> <strong>Editora da Universidade de S\u00e3o Paulo (Edusp), 200 p\u00e1ginas<\/strong>.<\/p>\n\n\n<div class=\"wp-block-image\">\n<figure class=\"alignleft size-full is-resized\"><img decoding=\"async\" loading=\"lazy\" src=\"https:\/\/editoraopet.com.br\/blog_opet\/wp-content\/uploads\/2025\/08\/INDE_04.jpg\" alt=\"\" class=\"wp-image-4413\" width=\"185\" height=\"249\"\/><\/figure><\/div>\n\n\n<p>Lan\u00e7ada pela Editora da Universidade de S\u00e3o Paulo (Edusp), a obra de 200 p\u00e1ginas traz textos de 16 pesquisadores do Museu do Ipiranga, na cidade de S\u00e3o Paulo, com foco nos ciclos temporais e nas comemora\u00e7\u00f5es que se sucederam \u00e0 Independ\u00eancia e \u00e0 cria\u00e7\u00e3o do Estado Brasileiro: 1822, 1872 (50 anos), 1922 (centen\u00e1rio), 1972 (150 anos) e 2022 (bicenten\u00e1rio). Como foram as comemora\u00e7\u00f5es em cada um desses anos? Quais foram as produ\u00e7\u00f5es? Como elas representaram a pr\u00f3pria Independ\u00eancia e como refletiram o pa\u00eds do momento da comemora\u00e7\u00e3o? Tomemos um exemplo: qual a sua lembran\u00e7a dos 200 anos da Independ\u00eancia, em 2022? Como estava o pa\u00eds naquele momento? E quais foram as produ\u00e7\u00f5es dessa celebra\u00e7\u00e3o? Uma abordagem interessant\u00edssima, que traz o leitor mais perto do momento da \u201cIndepend\u00eancia ou Morte!\u201d.<\/p>\n\n\n\n<p><strong>2024<\/strong><\/p>\n\n\n\n<p><strong>\u201cBahia, 2 de julho: uma guerra pela Independ\u00eancia do Brasil\u201d, Maria das Gra\u00e7as de Andrade Leal, Virg\u00ednia Queiroz Barreto e Avanete Pereira Sousa (Orgs.)<\/strong>. EduneB\/Mwana, 558 p.<\/p>\n\n\n<div class=\"wp-block-image\">\n<figure class=\"alignleft size-full is-resized\"><img decoding=\"async\" loading=\"lazy\" src=\"https:\/\/editoraopet.com.br\/blog_opet\/wp-content\/uploads\/2025\/08\/INDE_03.jpg\" alt=\"\" class=\"wp-image-4414\" width=\"192\" height=\"248\"\/><\/figure><\/div>\n\n\n<p>Este <a href=\"https:\/\/eduneb.uneb.br\/bahia-2-de-julho-ebook\/\">e-book<\/a>, publicado em 2024 pela Editora da Universidade do Estado da Bahia (EDUNEB) em parceria com a Mwana Produ\u00e7\u00f5es, traz 14 textos de pesquisadores brasileiros e canadenses focados n\u00e3o no 7 de setembro de 1822 em S\u00e3o Paulo, mas no 2 de julho de 1823 na Bahia \u2013 data que marca a expuls\u00e3o das \u00faltimas tropas portuguesas do territ\u00f3rio brasileiro. Um tema instigante e ainda desconhecido de muitos brasileiros, que se desdobra em aspectos como os da economia, cultura, celebra\u00e7\u00f5es locais, escraviza\u00e7\u00e3o, religiosidade e o papel de mulheres-chave na Independ\u00eancia, como Maria Quit\u00e9ria, Joana Ang\u00e9lica e Maria Felipa.<\/p>\n\n\n\n<p><strong>2025<\/strong><\/p>\n\n\n\n<p><strong>\u201cVis\u00f5es pernambucanas sobre a independ\u00eancia e o Imp\u00e9rio: Joaquim Nabuco, Oliveira Lima, Gilberto Freyre e Evaldo Cabral de Mello\u201d, de Andr\u00e9 Her\u00e1clio do R\u00eago (Organizador). Senado Federal, 195 p.<\/strong><\/p>\n\n\n<div class=\"wp-block-image\">\n<figure class=\"alignleft size-full is-resized\"><img decoding=\"async\" loading=\"lazy\" src=\"https:\/\/editoraopet.com.br\/blog_opet\/wp-content\/uploads\/2025\/08\/INDE_02.jpg\" alt=\"\" class=\"wp-image-4415\" width=\"197\" height=\"285\"\/><\/figure><\/div>\n\n\n<p>Neste <a href=\"https:\/\/www2.senado.leg.br\/bdsf\/handle\/id\/697164\">volume digital<\/a> rec\u00e9m-lan\u00e7ado pelo Conselho Editorial do Senado Federal, o organizador Andr\u00e9 Her\u00e1clio do R\u00eago traz as vozes de quatro pensadores da maior import\u00e2ncia para a compreens\u00e3o do pa\u00eds e de sua hist\u00f3ria, com um diferencial: todos s\u00e3o pernambucanos, naturais de uma regi\u00e3o fundamental para a Independ\u00eancia, e trazem argumentos extremamente v\u00e1lidos para a constru\u00e7\u00e3o de uma vis\u00e3o ampla sobre o nosso pa\u00eds.<\/p>\n\n\n\n<p><\/p>\n\n\n\n<p><\/p>\n\n\n\n<p><strong>Boa leitura \u2013 e feliz Dia da Independ\u00eancia!<\/strong><\/p>\n","protected":false},"excerpt":{"rendered":"<p>Autodetermina\u00e7\u00e3o, soberania, na\u00e7\u00e3o, rela\u00e7\u00f5es com outros pa\u00edses. Nos \u00faltimos meses, essas palavras v\u00eam aparecendo diariamente nos notici\u00e1rios do Brasil e do mundo. \u00c9 necess\u00e1rio compreend\u00ea-las e ir al\u00e9m do lugar comum, refletir criticamente e, principalmente, buscar perceber de fato quem somos, como nos colocamos no mundo e o que queremos. Neste domingo, 07, celebramos 203 [&hellip;]<\/p>\n","protected":false},"author":2,"featured_media":0,"comment_status":"closed","ping_status":"closed","sticky":false,"template":"","format":"standard","meta":[],"categories":[1],"tags":[],"_links":{"self":[{"href":"https:\/\/editoraopet.com.br\/blog_opet\/wp-json\/wp\/v2\/posts\/4411"}],"collection":[{"href":"https:\/\/editoraopet.com.br\/blog_opet\/wp-json\/wp\/v2\/posts"}],"about":[{"href":"https:\/\/editoraopet.com.br\/blog_opet\/wp-json\/wp\/v2\/types\/post"}],"author":[{"embeddable":true,"href":"https:\/\/editoraopet.com.br\/blog_opet\/wp-json\/wp\/v2\/users\/2"}],"replies":[{"embeddable":true,"href":"https:\/\/editoraopet.com.br\/blog_opet\/wp-json\/wp\/v2\/comments?post=4411"}],"version-history":[{"count":1,"href":"https:\/\/editoraopet.com.br\/blog_opet\/wp-json\/wp\/v2\/posts\/4411\/revisions"}],"predecessor-version":[{"id":4416,"href":"https:\/\/editoraopet.com.br\/blog_opet\/wp-json\/wp\/v2\/posts\/4411\/revisions\/4416"}],"wp:attachment":[{"href":"https:\/\/editoraopet.com.br\/blog_opet\/wp-json\/wp\/v2\/media?parent=4411"}],"wp:term":[{"taxonomy":"category","embeddable":true,"href":"https:\/\/editoraopet.com.br\/blog_opet\/wp-json\/wp\/v2\/categories?post=4411"},{"taxonomy":"post_tag","embeddable":true,"href":"https:\/\/editoraopet.com.br\/blog_opet\/wp-json\/wp\/v2\/tags?post=4411"}],"curies":[{"name":"wp","href":"https:\/\/api.w.org\/{rel}","templated":true}]}}