{"id":4418,"date":"2025-08-14T12:01:20","date_gmt":"2025-08-14T15:01:20","guid":{"rendered":"https:\/\/editoraopet.com.br\/blog_opet\/?p=4418"},"modified":"2025-08-14T12:01:20","modified_gmt":"2025-08-14T15:01:20","slug":"rondonia-colorado-do-oeste-conquista-premio-nacional-do-mec-de-qualidade-na-educacao","status":"publish","type":"post","link":"https:\/\/editoraopet.com.br\/blog_opet\/rondonia-colorado-do-oeste-conquista-premio-nacional-do-mec-de-qualidade-na-educacao\/","title":{"rendered":"Rond\u00f4nia: Colorado do Oeste conquista pr\u00eamio nacional do MEC de qualidade na Educa\u00e7\u00e3o"},"content":{"rendered":"\n<figure class=\"wp-block-image size-full\"><img decoding=\"async\" loading=\"lazy\" width=\"913\" height=\"356\" src=\"https:\/\/editoraopet.com.br\/blog_opet\/wp-content\/uploads\/2025\/08\/PMEC01.jpg\" alt=\"\" class=\"wp-image-4419\"\/><figcaption class=\"wp-element-caption\"><em>O Pr\u00eamio MEC &#8211; Educa\u00e7\u00e3o Brasileira \u00e9 um dos mais relevantes do Brasil.<\/em> <em>Fonte: MEC<\/em><\/figcaption><\/figure>\n\n\n\n<p><strong>Colorado do Oeste<\/strong>, parceiro da Editora Opet no extremo sul de Rond\u00f4nia, acaba de receber o <a rel=\"noreferrer noopener\" href=\"https:\/\/www.gov.br\/mec\/pt-br\/premio-educacao-brasileira\" target=\"_blank\"><strong>Pr\u00eamio MEC \u2013 2025 da Educa\u00e7\u00e3o Brasileira<\/strong>, conce<\/a>dido pelo Minist\u00e9rio da Educa\u00e7\u00e3o para reconhecer as melhores estrat\u00e9gias e iniciativas p\u00fablicas na busca pela qualidade. O munic\u00edpio foi premiado, <strong>entre todos os munic\u00edpios da Regi\u00e3o Norte<\/strong>, na categoria <strong>\u201cMelhores Resultados \u2013 Anos Iniciais\u201d<\/strong> por registrar o maior \u00cdndice de Desenvolvimento da Educa\u00e7\u00e3o B\u00e1sica (Ideb). Al\u00e9m do trof\u00e9u, Colorado do Oeste recebeu <strong>R$ 300 mil<\/strong> para investimentos em educa\u00e7\u00e3o.<\/p>\n\n\n\n<p>A secret\u00e1ria municipal de Educa\u00e7\u00e3o de Colorado do Oeste, <strong>Elizangela Lima Oliveira<\/strong>, agradeceu \u00e0 gest\u00e3o municipal e \u00e0 sua equipe pelos resultados que levaram \u00e0 premia\u00e7\u00e3o. <em>\u201cRecebemos a not\u00edcia com muita alegria e orgulho. Foi uma grande surpresa, mas tamb\u00e9m uma confirma\u00e7\u00e3o de que estamos no caminho certo\u201d<\/em>, observa.<\/p>\n\n\n\n<figure class=\"wp-block-image size-full\"><img decoding=\"async\" loading=\"lazy\" width=\"1280\" height=\"346\" src=\"https:\/\/editoraopet.com.br\/blog_opet\/wp-content\/uploads\/2025\/08\/PMEC02.jpg\" alt=\"\" class=\"wp-image-4420\"\/><figcaption class=\"wp-element-caption\"><em>Professores e equipe de gestores de Colorado do Oeste, respons\u00e1veis por colocar o munic\u00edpio na primeira posi\u00e7\u00e3o do Ideb na Regi\u00e3o Norte. Fonte: SME-CO. <\/em><\/figcaption><\/figure>\n\n\n\n<p><em>\u201cVer nosso trabalho ser valorizado em n\u00edvel nacional, especialmente pelo MEC, nos enche de gratid\u00e3o e responsabilidade. Essa premia\u00e7\u00e3o \u00e9 de cada educador, servidor, aluno e fam\u00edlia que acredita e colabora com a educa\u00e7\u00e3o no nosso munic\u00edpio.\u201d<\/em><\/p>\n\n\n\n<p><strong>For\u00e7a da Educa\u00e7\u00e3o \u2013 <\/strong>Com 44 anos de funda\u00e7\u00e3o e cerca de 19 mil habitantes, Colorado do Oeste oferece os Anos Iniciais do Ensino Fundamental em oito escolas da rede municipal de ensino. Para os Anos Iniciais, o Ideb da rede municipal chegou <strong>a 6,6 em 2023<\/strong>, marcando uma evolu\u00e7\u00e3o de quase 12% em rela\u00e7\u00e3o \u00e0 avalia\u00e7\u00e3o anterior, de 2021. A nota \u00e9 0,4 maior que o projetado pelo MEC para o munic\u00edpio no ano de 2021.<\/p>\n\n\n\n<p><em>\u201cO MEC reconheceu o desempenho de Colorado do Oeste com base nos <strong>resultados de aprendizagem<\/strong> dos Anos Iniciais do Ensino Fundamental, especialmente no que diz respeito ao avan\u00e7o na <strong>profici\u00eancia em L\u00edngua Portuguesa e Matem\u00e1tica<\/strong>\u201d<\/em>, explica a secret\u00e1ria Elizangela.<\/p>\n\n\n\n<p>\u201c<em>Isso mostra que nosso trabalho<strong> tem sido eficaz<\/strong> e comprometido com a equidade e a qualidade. Com isso, \u00e9 poss\u00edvel transformar a educa\u00e7\u00e3o p\u00fablica e garantir melhores oportunidades para nossas crian\u00e7as\u201d. <\/em>Ela destaca o apoio do <strong>Tribunal de Contas de Rond\u00f4nia<\/strong> na implanta\u00e7\u00e3o do <strong>Programa de Alfabetiza\u00e7\u00e3o na Idade Certa \u2013 PAIC, qu<\/strong>e contribuiu para os avan\u00e7os na alfabetiza\u00e7\u00e3o.<\/p>\n\n\n\n<p><em>\u201cA premia\u00e7\u00e3o que recebemos \u00e9 uma conquista, mas tamb\u00e9m um <strong>ponto de partida<\/strong> para novos desafios. Queremos avan\u00e7ar n\u00e3o apenas em indicadores como o Ideb, mas, principalmente, na aprendizagem real dos nossos estudantes, que \u00e9 o que mais importa\u201d<\/em>, ressalta.<em> \u201cTrabalhamos para consolidar uma rede <strong>que aprende continuamente<\/strong>, que avalia seus resultados com seriedade e que coloca o aluno no centro do processo. Temos um compromisso com <strong>a equidade, com o acesso, a perman\u00eancia e o sucesso de todos<\/strong>.\u201d<\/em><\/p>\n\n\n\n<p><strong>Parceria \u2013 <\/strong>O munic\u00edpio de Colorado do Oeste mant\u00e9m uma parceria com a <strong>Editora Opet (Sefe)<\/strong> para o fornecimento dos materiais did\u00e1ticos, forma\u00e7\u00f5es e assessoria pedag\u00f3gica na Educa\u00e7\u00e3o Infantil. <strong><em>\u201c<\/em><\/strong><em>A parceria com a Editora Opet, que se iniciou h\u00e1 quatro anos, tem sido <strong>fundamental<\/strong> para fortalecer a base da nossa educa\u00e7\u00e3o\u201d<\/em>, avalia a secret\u00e1ria<em>.<\/em><\/p>\n\n\n\n<figure class=\"wp-block-image size-full\"><img decoding=\"async\" loading=\"lazy\" width=\"1205\" height=\"519\" src=\"https:\/\/editoraopet.com.br\/blog_opet\/wp-content\/uploads\/2025\/08\/PMEC03.jpg\" alt=\"\" class=\"wp-image-4421\"\/><figcaption class=\"wp-element-caption\"><em>As forma\u00e7\u00f5es pedag\u00f3gicas s\u00e3o um momento essencial da parceria entre a Editora Opet e Colorado do Oeste. Fonte: SME-CO.<\/em><\/figcaption><\/figure>\n\n\n\n<p><em>\u201cSabemos que essa etapa \u00e9 decisiva para o sucesso da alfabetiza\u00e7\u00e3o e para o desempenho futuro dos nossos alunos. Uma <strong>Educa\u00e7\u00e3o Infantil bem feita<\/strong> prepara as crian\u00e7as para aprender, conviver e se desenvolver plenamente. Por isso, acredito, sim, que o trabalho desenvolvido com a Editora Opet tem uma <strong>conex\u00e3o direta<\/strong> com os resultados que levaram \u00e0 premia\u00e7\u00e3o do nosso munic\u00edpio.\u201d<\/em><\/p>\n\n\n\n<p><strong>Foco e responsabilidade \u2013 <\/strong>A gerente pedag\u00f3gica da Editora Opet, <strong>Cliciane \u00c9len Augusto<\/strong>, destaca o valor representado pelo Pr\u00eamio MEC da Educa\u00e7\u00e3o Brasileira. <em>\u201c\u00c9 um <strong>pr\u00eamio muito importante<\/strong>, que examina os indicadores da educa\u00e7\u00e3o com seriedade e crit\u00e9rios rigorosos. No caso de Colorado do Oeste, ele veio para <strong>chancelar todo um trabalho<\/strong> desenvolvido com planejamento e compromisso com a aprendizagem e com a comunidade\u201d<\/em>, observa<em>. \u201cFicamos imensamente felizes com o resultado! E tamb\u00e9m nos sentimos premiados <strong>pela parceria e pela confian\u00e7a<\/strong> do munic\u00edpio.\u201d<\/em><\/p>\n","protected":false},"excerpt":{"rendered":"<p>Colorado do Oeste, parceiro da Editora Opet no extremo sul de Rond\u00f4nia, acaba de receber o Pr\u00eamio MEC \u2013 2025 da Educa\u00e7\u00e3o Brasileira, concedido pelo Minist\u00e9rio da Educa\u00e7\u00e3o para reconhecer as melhores estrat\u00e9gias e iniciativas p\u00fablicas na busca pela qualidade. O munic\u00edpio foi premiado, entre todos os munic\u00edpios da Regi\u00e3o Norte, na categoria \u201cMelhores Resultados [&hellip;]<\/p>\n","protected":false},"author":2,"featured_media":0,"comment_status":"closed","ping_status":"closed","sticky":false,"template":"","format":"standard","meta":[],"categories":[1],"tags":[],"_links":{"self":[{"href":"https:\/\/editoraopet.com.br\/blog_opet\/wp-json\/wp\/v2\/posts\/4418"}],"collection":[{"href":"https:\/\/editoraopet.com.br\/blog_opet\/wp-json\/wp\/v2\/posts"}],"about":[{"href":"https:\/\/editoraopet.com.br\/blog_opet\/wp-json\/wp\/v2\/types\/post"}],"author":[{"embeddable":true,"href":"https:\/\/editoraopet.com.br\/blog_opet\/wp-json\/wp\/v2\/users\/2"}],"replies":[{"embeddable":true,"href":"https:\/\/editoraopet.com.br\/blog_opet\/wp-json\/wp\/v2\/comments?post=4418"}],"version-history":[{"count":1,"href":"https:\/\/editoraopet.com.br\/blog_opet\/wp-json\/wp\/v2\/posts\/4418\/revisions"}],"predecessor-version":[{"id":4422,"href":"https:\/\/editoraopet.com.br\/blog_opet\/wp-json\/wp\/v2\/posts\/4418\/revisions\/4422"}],"wp:attachment":[{"href":"https:\/\/editoraopet.com.br\/blog_opet\/wp-json\/wp\/v2\/media?parent=4418"}],"wp:term":[{"taxonomy":"category","embeddable":true,"href":"https:\/\/editoraopet.com.br\/blog_opet\/wp-json\/wp\/v2\/categories?post=4418"},{"taxonomy":"post_tag","embeddable":true,"href":"https:\/\/editoraopet.com.br\/blog_opet\/wp-json\/wp\/v2\/tags?post=4418"}],"curies":[{"name":"wp","href":"https:\/\/api.w.org\/{rel}","templated":true}]}}