{"id":4565,"date":"2026-01-29T10:24:50","date_gmt":"2026-01-29T13:24:50","guid":{"rendered":"https:\/\/editoraopet.com.br\/blog_opet\/?p=4565"},"modified":"2026-01-29T15:56:49","modified_gmt":"2026-01-29T18:56:49","slug":"ano-letivo-comeca-com-formacoes-pedagogicas-em-diferentes-regioes-do-pais","status":"publish","type":"post","link":"https:\/\/editoraopet.com.br\/blog_opet\/ano-letivo-comeca-com-formacoes-pedagogicas-em-diferentes-regioes-do-pais\/","title":{"rendered":"Ano letivo come\u00e7a com forma\u00e7\u00f5es pedag\u00f3gicas em diferentes regi\u00f5es do pa\u00eds!"},"content":{"rendered":"\n<p>Com o <strong>in\u00edcio do ano letivo<\/strong> nas redes de ensino de todo o Brasil, a <strong>equipe pedag\u00f3gica da Editora Opet<\/strong> intensifica sua atua\u00e7\u00e3o junto aos munic\u00edpios parceiros. \u00c9 tempo de <strong>\u201cp\u00e9 na estrada\u201d<\/strong>, com palestras e forma\u00e7\u00f5es pedag\u00f3gicas que marcam o in\u00edcio do trabalho formativo de 2026 &#8211; um trabalho que segue pelas pr\u00f3ximas semanas!<\/p>\n\n\n\n<p>\ud83d\udccd No dia 19 de janeiro, <strong>com o apoio da Editora Opet<\/strong>, os educadores de<strong> Cocalinho (MT)<\/strong> participaram da palestra do psicanalista <strong>Jo\u00e3o Hilton<\/strong>, realizada durante a abertura da <strong>Semana Pedag\u00f3gica do munic\u00edpio<\/strong>. Com o tema <strong>\u201cComunica\u00e7\u00e3o Assertiva e Gerenciamento Emocional\u201d<\/strong>, o encontro promoveu momentos de escuta, di\u00e1logo e reflex\u00e3o sobre as rela\u00e7\u00f5es no contexto educacional.<\/p>\n\n\n<div class=\"wp-block-image\">\n<figure class=\"aligncenter size-full is-resized\"><img decoding=\"async\" loading=\"lazy\" src=\"https:\/\/editoraopet.com.br\/blog_opet\/wp-content\/uploads\/2026\/01\/COCALINHO_03.jpg\" alt=\"\" class=\"wp-image-4569\" width=\"591\" height=\"337\"\/><figcaption class=\"wp-element-caption\"><em>Em Cocalinho, a palestra foi com o psicanalista Jo\u00e3o Hilton. Foto: SME<\/em><\/figcaption><\/figure><\/div>\n\n\n<p>\ud83d\udccdJ\u00e1 no dia 26, foi a vez dos professores e gestores de <strong>Aquiraz (CE) <\/strong>receberem a coordenadora pedag\u00f3gica da Editora Opet,<strong> R\u00fabia Cristina da Costa<\/strong>. Em sua fala, ela abordou o tema <strong>\u201cEquidade, inova\u00e7\u00e3o e responsabilidade social na educa\u00e7\u00e3o: desafios atuais para a promo\u00e7\u00e3o de aprendizagens significativas\u201d<\/strong>, destacando o papel da escola na constru\u00e7\u00e3o de pr\u00e1ticas pedag\u00f3gicas mais justas e alinhadas \u00e0s demandas contempor\u00e2neas.<\/p>\n\n\n<div class=\"wp-block-image\">\n<figure class=\"aligncenter size-full is-resized\"><img decoding=\"async\" loading=\"lazy\" src=\"https:\/\/editoraopet.com.br\/blog_opet\/wp-content\/uploads\/2026\/01\/AQUIRAZ_01.jpg\" alt=\"\" class=\"wp-image-4567\" width=\"625\" height=\"616\"\/><figcaption class=\"wp-element-caption\"><em>A coordenadora R\u00fabia Cristina na palestra e com a equipe da SME de Aquiraz.<\/em><\/figcaption><\/figure><\/div>\n\n\n<p>\ud83d\udccdNo dia 28, durante a abertura da <strong>Semana Pedag\u00f3gica de Varginha (MG)<\/strong>, tamb\u00e9m com o <strong>apoio da Editora<\/strong>, os educadores participaram da palestra <strong>\u201cAntes de tudo, um cora\u00e7\u00e3o\u201d<\/strong>, ministrada pelo cantor <strong>Rafinha Ac\u00fastico<\/strong> &#8211; ele trouxe uma <strong>abordagem sens\u00edvel e inspiradora<\/strong> sobre o cuidado com as emo\u00e7\u00f5es no ambiente escolar.<\/p>\n\n\n<div class=\"wp-block-image\">\n<figure class=\"aligncenter size-full is-resized\"><img decoding=\"async\" loading=\"lazy\" src=\"https:\/\/editoraopet.com.br\/blog_opet\/wp-content\/uploads\/2026\/01\/VARGINHA_02.jpg\" alt=\"\" class=\"wp-image-4568\" width=\"617\" height=\"390\"\/><figcaption class=\"wp-element-caption\"><em>Em Varginha, os participantes da semana pedag\u00f3gica participaram de uma palestra cultural com Rafinha Ac\u00fastico. Foto: Divulga\u00e7\u00e3o.<\/em><\/figcaption><\/figure><\/div>\n\n\n<p>\ud83d\udccdAs forma\u00e7\u00f5es pedag\u00f3gicas seguem nos dias 29 e 30 de janeiro nos munic\u00edpios de <strong>Varginha e Andradas (MG), Figueir\u00f3polis do Oeste (MT) e S\u00e3o Sebasti\u00e3o da Amoreira (PR)<\/strong>. Para <strong>Fernanda Gon\u00e7alves<\/strong>, coordenadora pedag\u00f3gica regional da Editora Opet, esse momento inicial \u00e9 fundamental para o desenvolvimento do trabalho ao longo do ano.<\/p>\n\n\n\n<p><em>\u201cEsse momento formativo inicial \u00e9 estrat\u00e9gico para o trabalho de todo o ano. Nossa equipe planejou e se preparou muito para o trabalho com professores e gestores. Agora, colocamos a parceria em pr\u00e1tica\u201d<\/em>, destaca.<\/p>\n\n\n\n<p><strong>E essa \u00e9 apenas a primeira etapa da jornada formativa de 2026. <\/strong>Nas pr\u00f3ximas semanas e ao longo de todo o ano, a Editora Opet seguir\u00e1 acompanhando e apoiando seus munic\u00edpios parceiros, reafirmando o <strong>compromisso com a forma\u00e7\u00e3o docente e a qualidade da educa\u00e7\u00e3o.<\/strong><\/p>\n","protected":false},"excerpt":{"rendered":"<p>Com o in\u00edcio do ano letivo nas redes de ensino de todo o Brasil, a equipe pedag\u00f3gica da Editora Opet intensifica sua atua\u00e7\u00e3o junto aos munic\u00edpios parceiros. \u00c9 tempo de \u201cp\u00e9 na estrada\u201d, com palestras e forma\u00e7\u00f5es pedag\u00f3gicas que marcam o in\u00edcio do trabalho formativo de 2026 &#8211; um trabalho que segue pelas pr\u00f3ximas semanas! [&hellip;]<\/p>\n","protected":false},"author":2,"featured_media":0,"comment_status":"closed","ping_status":"closed","sticky":false,"template":"","format":"standard","meta":[],"categories":[208,2,130,3,97,6,150],"tags":[],"_links":{"self":[{"href":"https:\/\/editoraopet.com.br\/blog_opet\/wp-json\/wp\/v2\/posts\/4565"}],"collection":[{"href":"https:\/\/editoraopet.com.br\/blog_opet\/wp-json\/wp\/v2\/posts"}],"about":[{"href":"https:\/\/editoraopet.com.br\/blog_opet\/wp-json\/wp\/v2\/types\/post"}],"author":[{"embeddable":true,"href":"https:\/\/editoraopet.com.br\/blog_opet\/wp-json\/wp\/v2\/users\/2"}],"replies":[{"embeddable":true,"href":"https:\/\/editoraopet.com.br\/blog_opet\/wp-json\/wp\/v2\/comments?post=4565"}],"version-history":[{"count":3,"href":"https:\/\/editoraopet.com.br\/blog_opet\/wp-json\/wp\/v2\/posts\/4565\/revisions"}],"predecessor-version":[{"id":4572,"href":"https:\/\/editoraopet.com.br\/blog_opet\/wp-json\/wp\/v2\/posts\/4565\/revisions\/4572"}],"wp:attachment":[{"href":"https:\/\/editoraopet.com.br\/blog_opet\/wp-json\/wp\/v2\/media?parent=4565"}],"wp:term":[{"taxonomy":"category","embeddable":true,"href":"https:\/\/editoraopet.com.br\/blog_opet\/wp-json\/wp\/v2\/categories?post=4565"},{"taxonomy":"post_tag","embeddable":true,"href":"https:\/\/editoraopet.com.br\/blog_opet\/wp-json\/wp\/v2\/tags?post=4565"}],"curies":[{"name":"wp","href":"https:\/\/api.w.org\/{rel}","templated":true}]}}