{"id":457,"date":"2019-09-06T14:20:00","date_gmt":"2019-09-06T17:20:00","guid":{"rendered":"http:\/\/www.editoraopet.com.br\/blog_opet\/?p=457"},"modified":"2019-09-20T16:48:38","modified_gmt":"2019-09-20T19:48:38","slug":"extra-extra-saiu-a-relacao-dos-trabalhos-aprovados-para-o-ix-premio-acao-destaque","status":"publish","type":"post","link":"https:\/\/editoraopet.com.br\/blog_opet\/extra-extra-saiu-a-relacao-dos-trabalhos-aprovados-para-o-ix-premio-acao-destaque\/","title":{"rendered":"EXTRA! EXTRA!  Saiu a rela\u00e7\u00e3o dos trabalhos inscritos para o IX Pr\u00eamio A\u00e7\u00e3o Destaque!"},"content":{"rendered":"<p>Confira se o seu trabalho foi aprovado para aprecia\u00e7\u00e3o pela comiss\u00e3o julgadora do pr\u00eamio. Aten\u00e7\u00e3o: o prazo final para o para envio de recursos \u00e9 a pr\u00f3xima segunda-feira, dia 09 de setembro. Os recursos devem ser enviados para o e-mail pedagogico@opet-sefe.com.br<\/p>\n<p>&nbsp;<\/p>\n<p><strong>Adriana Pirola Ansiliero &#8211; Arroio Trinta<\/strong><\/p>\n<p><strong>Adriane Ranieri Leal &#8211; Santana de Parna\u00edba<\/strong><\/p>\n<p><strong>Aletheia Cristiane Blau &#8211; Alto Taquari<\/strong><\/p>\n<p><strong>Aline Franciele Graebin Wutke &#8211; Nova Santa Rosa<\/strong><\/p>\n<p><strong>Aline Montoia Santos Duarte &#8211; Santana de Parna\u00edba<\/strong><\/p>\n<p><strong>Aline Regina de Oliveira \u2013 Arroio Trinta<\/strong><\/p>\n<p><strong>Aline Risso Sousa Rodrigues &#8211; Santana de Parna\u00edba<\/strong><\/p>\n<p><strong>Aline Roberta da Silva &#8211; Jacarezinho<\/strong><\/p>\n<p><strong>Alisandra Ribeiro &#8211; Santana de Parna\u00edba<\/strong><\/p>\n<p><strong>Ana Claudia Cury &#8211; Santana de Parna\u00edba<\/strong><\/p>\n<p><strong>Ana Cl\u00e1udia da Silva Cardoso &#8211; Santana de Parna\u00edba<\/strong><\/p>\n<p><strong>Ana Cristina de Jesus Oliveira &#8211; Santana de Parna\u00edba<\/strong><\/p>\n<p><strong>Ana Cristina dos Santos Dzoba &#8211; Pitanga<\/strong><\/p>\n<p><strong>Ana Karina Falchetti &#8211; Salto Veloso<\/strong><\/p>\n<p><strong>Ana Karoline Lopes de Sousa &#8211; Cear\u00e1<\/strong><\/p>\n<p><strong>Ana Lucia Ribeiro dos Santos \u2013 Fraiburgo<\/strong><\/p>\n<p><strong>Ana Paula Pedrina &#8211; Cambar\u00e1<\/strong><\/p>\n<p><strong>Andrea Mendes Avona &#8211; Santana de Parna\u00edba<\/strong><\/p>\n<p><strong>Andreia Ap. Rangel Santos &#8211; Santana de Parna\u00edba<\/strong><\/p>\n<p><strong>Andr\u00e9ia Aparecida dos Santos &#8211; Cambar\u00e1<\/strong><\/p>\n<p><strong>Andreia do Amaral Rodrigues Jesus \u2013 Campina Grande do Sul<\/strong><\/p>\n<p><strong>Andreia Maria de Jesus Ricardo &#8211; Jacarezinho<\/strong><\/p>\n<p><strong>Andressa Sangaletti &#8211; Treze T\u00edlias<\/strong><\/p>\n<p><strong>Andrieli Cristiane Gon\u00e7alves Pozzer &#8211; Pinhalzinho<\/strong><\/p>\n<p><strong>Angela Cristina de Oliveira Almeida &#8211; Cambar\u00e1<\/strong><\/p>\n<p><strong>Angela Ferreira de Moraes &#8211; Campina Grande do Sul<\/strong><\/p>\n<p><strong>Angela Maria Ribeiro Serafini &#8211; Fraiburgo<\/strong><\/p>\n<p><strong>Aparecida Gomes Freire &#8211; Santana de Parna\u00edba<\/strong><\/p>\n<p><strong>Ariane Angelita de Oliveira \u2013 S\u00e3o Miguel do Oeste<\/strong><\/p>\n<p><strong>Ariane Cristina Xavier &#8211; Ilha Solteira<\/strong><\/p>\n<p><strong>Beivetti Brasili Branco &#8211; Santana de Parna\u00edba<\/strong><\/p>\n<p><strong>Benilda Loch Blau &#8211; Pitanga<\/strong><\/p>\n<p><strong>Benildes Madureira Barcelos &#8211; Alto Taquari<\/strong><\/p>\n<p><strong>Bernadete Ferrari Vargas &#8211; Campina Grande do Sul<\/strong><\/p>\n<p><strong>Bernadete Gurnaski de Lima &#8211; Turvo<\/strong><\/p>\n<p><strong>Carina Aparecida Stadler &#8211; Pitanga<\/strong><\/p>\n<p><strong>Carlos Andr\u00e9 Louren\u00e7o e Silva &#8211; Santana de Parna\u00edba<\/strong><\/p>\n<p><strong>Carolina Rochelli Policarpo Ventura \u2013 Paranagu\u00e1<\/strong><\/p>\n<p><strong>C\u00e1ssia Neves Rodrigues Costa &#8211; Alto Taquari<\/strong><\/p>\n<p><strong>C\u00e1tia Juliana Es\u00eddio Santana &#8211; Santana de Parna\u00edba<\/strong><\/p>\n<p><strong>Celene Taborda \u2013 Pitanga<\/strong><\/p>\n<p><strong>Cintia Natania da Silva Rodrigues &#8211; Campina Grande do Sul<\/strong><\/p>\n<p><strong>Claudia Regina Cavanha Cavalheiro &#8211; Campina Grande do Sul<\/strong><\/p>\n<p><strong>Cledson da Silva \u2013 Pitanga<\/strong><\/p>\n<p><strong>Cliciane de Souza Meduna \u2013 Paranagu\u00e1<\/strong><\/p>\n<p><strong>Cristiana Arag\u00e3o Lima \u2013 Cear\u00e1<\/strong><\/p>\n<p><strong>Cristiane Ferreira de Souza &#8211; Campina Grande do Sul<\/strong><\/p>\n<p><strong>Cristiane Rigo Goberte &#8211; Varge\u00e3o<\/strong><\/p>\n<p><strong>Cristielaine Aparecida Alves de Souza &#8211; Santana de Parna\u00edba<\/strong><\/p>\n<p><strong>Daniela Aparecida Bartolomeu Bagali &#8211; Cerqueira C\u00e9sar<\/strong><\/p>\n<p><strong>Danielle Moreira Francisco \u2013 Paranagu\u00e1<\/strong><\/p>\n<p><strong>Daniely do Ros\u00e1rio &#8211; Paranagu\u00e1<\/strong><\/p>\n<p><strong>D\u00e9bora Rederd Fran\u00e7a Vidal \u2013 Paranagu\u00e1<\/strong><\/p>\n<p><strong>Deisy Estela Santiago Heringer Avelar &#8211; Santana de Parna\u00edba<\/strong><\/p>\n<p><strong>Denise Regina Wagner Tortato &#8211; Entre Rios do Oeste<\/strong><\/p>\n<p><strong>Denise Zimmermann Schuller &#8211; Arroio Trinta<\/strong><\/p>\n<p><strong>Diana Leticia Chiodelli &#8211; Chapec\u00f3<\/strong><\/p>\n<p><strong>Dilliany da Silva Marques &#8211; Sobral<\/strong><\/p>\n<p><strong>Dinalda Andrade Vicente Bento &#8211; Cerqueira C\u00e9sar<\/strong><\/p>\n<p><strong>Dirce Aparecida Pereira Dos Santos \u2013 Pitanga<\/strong><\/p>\n<p><strong>Ederli Margreiter de M\u00e9lo &#8211; Treze T\u00edlias<\/strong><\/p>\n<p><strong>Edilaine Aparecida Moreto Vilar \u2013 \u00c1guas de S\u00e3o Pedro<\/strong><\/p>\n<p><strong>Edna Regina Albini Pereira Kaminski \u2013 Paranagu\u00e1<\/strong><\/p>\n<p><strong>Eglantina Melo Rocha \u2013 Sobral<\/strong><\/p>\n<p><strong>Elaine Cistina Oliveira da Silva Prado &#8211; Alto Taquari<\/strong><\/p>\n<p><strong>Eliane Garcia Dantas &#8211; Campina Grande do Sul<\/strong><\/p>\n<p><strong>Eliane Maria Kremer &#8211; Pinhalzinho<\/strong><\/p>\n<p><strong>Elianer F\u00e1tima Linder Mayer &#8211; Salto Veloso<\/strong><\/p>\n<p><strong>Eliciane Cristina de Oliveira Cegatte Arantes \u2013 Cambar\u00e1<\/strong><\/p>\n<p><strong>Elisandra Aparecida Czekalski &#8211; Irati<\/strong><\/p>\n<p><strong>Elisandra Cristina dos Santos Galo &#8211; Santana de Parna\u00edba<\/strong><\/p>\n<p><strong>Elisangela Silva de Castro \u2013 Cear\u00e1<\/strong><\/p>\n<p><strong>Elizabeth Leal da Costa &#8211; Santana de Parna\u00edba<\/strong><\/p>\n<p><strong>Elkynice Silva de Oliveira \u2013 Cear\u00e1<\/strong><\/p>\n<p><strong>Ellen de Lima Fossa &#8211; Santana de Parna\u00edba<\/strong><\/p>\n<p><strong>Elza Aparecida Alves Malandrin \u2013 Cambar\u00e1<\/strong><\/p>\n<p><strong>Emanuelle Christyne Rueda Alves \u2013 Paranagu\u00e1<\/strong><\/p>\n<p><strong>Em\u00edlia Helena da Silva Pedroso &#8211; Campina Grande do Sul<\/strong><\/p>\n<p><strong>Erica Rodrigues da Silva &#8211; Campina Grande do Sul<\/strong><\/p>\n<p><strong>Eva Maria Gomes \u2013 Cear\u00e1<\/strong><\/p>\n<p><strong>Evandro Albino Meurer \u2013 Pitanga<\/strong><\/p>\n<p><strong>Fabio Gon\u00e7alves Fernandes &#8211; Entre Rios do Oeste<\/strong><\/p>\n<p><strong>Fabiola Soares Arcega \u2013 Paranagu\u00e1<\/strong><\/p>\n<p><strong>F\u00e1tima Ludwig &#8211; Salto Veloso<\/strong><\/p>\n<p><strong>Fernanda Aparecida Groscko \u2013 Pitanga<\/strong><\/p>\n<p><strong>Fernanda Consoni &#8211; Arroio Trinta<\/strong><\/p>\n<p><strong>Flavia Pereira Lima \u2013 Paranagu\u00e1<\/strong><\/p>\n<p><strong>Franciele Manenti &#8211; Macieira<\/strong><\/p>\n<p><strong>Franscisca Kelly Rocha de Sousa \u2013 Cear\u00e1<\/strong><\/p>\n<p><strong>Geovana Meire Gomes de Albuquerque \u2013 Cear\u00e1<\/strong><\/p>\n<p><strong>Giane Aparecida Mendes \u2013 Pitanga<\/strong><\/p>\n<p><strong>Gicelda In\u00eas Rigo Frochlich &#8211; Treze T\u00edlias<\/strong><\/p>\n<p><strong>Gisele Cust\u00f3dio da Veiga Ribeiro \u2013 Paranagu\u00e1<\/strong><\/p>\n<p><strong>Irene Schafer Sperber &#8211; Rancho Queimado<\/strong><\/p>\n<p><strong>Isabel Cristina Ferrari &#8211; Cerqueira C\u00e9sar<\/strong><\/p>\n<p><strong>Isabela Ribeiro Ferreira \u2013 Paranagu\u00e1<\/strong><\/p>\n<p><strong>Ivone Bosa Cossa &#8211; Arroio Trinta<\/strong><\/p>\n<p><strong>Jos\u00e9 Riv\u00e2nio Mendes de Sousa \u2013 Cear\u00e1<\/strong><\/p>\n<p><strong>Jos\u00e9 Werley Carvalho Braga \u2013 Cabre\u00fava<\/strong><\/p>\n<p><strong>Josiely de Oliveira Santos Corr\u00eaa \u2013 Paranagu\u00e1<\/strong><\/p>\n<p><strong>Jovana Nunes da Silva \u2013 Jacarezinho<\/strong><\/p>\n<p><strong>Juliana Jorge de Moraes Sarto &#8211; \u00c1guas de S\u00e3o Pedro<\/strong><\/p>\n<p><strong>Juliana Saade Jose \u2013 Passos Maia<\/strong><\/p>\n<p><strong>Julita Maria Campos Werlang &#8211; Pinhalzinho<\/strong><\/p>\n<p><strong>Karen Regina Alves &#8211; Campina Grande do Sul<\/strong><\/p>\n<p><strong>Karine Hining Solivo &#8211; Pinhalzinho<\/strong><\/p>\n<p><strong>Karize Morais Leandro \u2013 Paranagu\u00e1<\/strong><\/p>\n<p><strong>K\u00e1tia Lima Teixeira Guimar\u00e3es \u2013 Cear\u00e1<\/strong><\/p>\n<p><strong>K\u00e1tia Raquel Dotta &#8211; Salto Veloso<\/strong><\/p>\n<p><strong>Katia Rodrigues de Moura &#8211; Santana de Parna\u00edba<\/strong><\/p>\n<p><strong>Kelly Cristini Neuhaus Schmitz &#8211; Rancho Queimado<\/strong><\/p>\n<p><strong>Keren Regina dos Santos Ignacheski &#8211; Turvo<\/strong><\/p>\n<p><strong>K\u00e9sia Miria Iagla Bueno &#8211; Roncador<\/strong><\/p>\n<p><strong>Laura Cristini do Nascimento Amorim Corr\u00eaa \u2013 Paranagu\u00e1<\/strong><\/p>\n<p><strong>Leidiane Maria Melo Rodrigues \u2013 Cear\u00e1<\/strong><\/p>\n<p><strong>Lenir Ang\u00e9lica Tomaz Madaloz &#8211; Santana de Parna\u00edba<\/strong><\/p>\n<p><strong>Lilian Ferrarini &#8211; Campina Grande do Sul<\/strong><\/p>\n<p><strong>Lilian Macedo Borba \u2013 Paranagu\u00e1<\/strong><\/p>\n<p><strong>Lodomira Ferreira de Moraes \u2013 Cambar\u00e1<\/strong><\/p>\n<p><strong>Lucely Aparecida Marques de Souza \u2013 Alto Gar\u00e7as<\/strong><\/p>\n<p><strong>L\u00facia Helena Soares Braga \u2013 Cear\u00e1<\/strong><\/p>\n<p><strong>Luciana Martines do Nascimento &#8211; Santana de Parna\u00edba<\/strong><\/p>\n<p><strong>Luciana Pinheiro Dos Santos Nogueira &#8211; Ilha Solteira<\/strong><\/p>\n<p><strong>Luciane Andr\u00e9a da Silva Oliveira \u2013 Jacarezinho<\/strong><\/p>\n<p><strong>Luciane Faber Didom\u00eanico \u2013 Fraiburgo<\/strong><\/p>\n<p><strong>Luciane Godoy Bonafini \u2013 Paranagu\u00e1<\/strong><\/p>\n<p><strong>Luciane Regina Jacinto Smanioto \u2013 Paranagu\u00e1<\/strong><\/p>\n<p><strong>Luciano Pereira da Silva &#8211; Santana de Parna\u00edba<\/strong><\/p>\n<p><strong>Lucilene de Moura &#8211; Campina Grande do Sul<\/strong><\/p>\n<p><strong>Luiza Bortolaci Pioner &#8211; Entre Rios do Oeste<\/strong><\/p>\n<p><strong>Luziana da Silva Lima \u2013 Cear\u00e1<\/strong><\/p>\n<p><strong>Mara Lucia Darivda Orlandi \u2013 Cambar\u00e1<\/strong><\/p>\n<p><strong>Mara L\u00facia Martins dos Santos \u2013 Paranagu\u00e1<\/strong><\/p>\n<p><strong>Marcela De Lima Carneiro \u2013 Paranagu\u00e1<\/strong><\/p>\n<p><strong>Marcia Alexandra Andrade Ferreira &#8211; Santana de Parna\u00edba<\/strong><\/p>\n<p><strong>Marcia Marques Monteiro de Castro &#8211; Roncador<\/strong><\/p>\n<p><strong>Marcos Paulo Pontes dos Santos \u2013 Paranagu\u00e1<\/strong><\/p>\n<p><strong>Maria Aguinalda Costa Castelo \u2013 Cear\u00e1<\/strong><\/p>\n<p><strong>Maria Antoniete Bruno \u2013 Cear\u00e1<\/strong><\/p>\n<p><strong>Maria Aparecida Bilovus &#8211; Irati<\/strong><\/p>\n<p><strong>Maria Cristina Zamperlini &#8211; Campina Grande do Sul<\/strong><\/p>\n<p><strong>Maria da Gl\u00f3ria \u2013 Fraiburgo<\/strong><\/p>\n<p><strong>Maria das Dores de Lima &#8211; \u00c1guas de S\u00e3o Pedro<\/strong><\/p>\n<p><strong>Maria do Carmo Generoso Fajardo &#8211; Campina Grande do Sul<\/strong><\/p>\n<p><strong>Maria Izabelbotko de Almeida \u2013 Pitanga<\/strong><\/p>\n<p><strong>Maria Markim Miczaliczen &#8211; Pitanga<\/strong><\/p>\n<p><strong>Maria Patricia Morais Leal \u2013 Cear\u00e1<\/strong><\/p>\n<p><strong>Maria Rosa Martins Mota &#8211; Santana de Parna\u00edba<\/strong><\/p>\n<p><strong>Maria Valderez Serafim Delmiro &#8211; Sobral<\/strong><\/p>\n<p><strong>Maria Vladenir da Silva Souza &#8211;<\/strong><\/p>\n<p><strong>Marili Moreira Lopes \u2013 Paranagu\u00e1<\/strong><\/p>\n<p><strong>Marines Silveira Nielsson &#8211; Varge\u00e3o<\/strong><\/p>\n<p><strong>Maristela Rautta Bernardi &#8211; S\u00e3o Miguel do Oeste<\/strong><\/p>\n<p><strong>Marlene de Oliveira Souza &#8211; Ilha Solteira<\/strong><\/p>\n<p><strong>Marthina Anderle &#8211; Entre Rios do Oeste<\/strong><\/p>\n<p><strong>Maryane Aparecida Moraes \u2013 S\u00e3o Sebasti\u00e3o da Amoreira<\/strong><\/p>\n<p><strong>Matheus Edilberto Roth \u2013 Paranagu\u00e1<\/strong><\/p>\n<p><strong>Mayra Gascia Justo \u2013 Cambar\u00e1<\/strong><\/p>\n<p><strong>Michele Aparecida Guerreiro \u2013 Jacarezinho<\/strong><\/p>\n<p><strong>Michele da Concei\u00e7\u00e3o Pinto &#8211; Santana de Parna\u00edba<\/strong><\/p>\n<p><strong>Michele Souza Schutz &#8211; Rancho Queimado<\/strong><\/p>\n<p><strong>Michelle Soares Pereira &#8211; Santana de Parna\u00edba<\/strong><\/p>\n<p><strong>Mira Carolina dos Santos Zela \u2013 Paranagu\u00e1<\/strong><\/p>\n<p><strong>Mirla Lopes de Sousa Leal &#8211; Sobral<\/strong><\/p>\n<p><strong>Nadir Correa Mendes \u2013 Paranagu\u00e1<\/strong><\/p>\n<p><strong>Nadir Maciel de Lima &#8211; Campina Grande do Sul<\/strong><\/p>\n<p><strong>Natanael Moreira de Araujo Filho &#8211; Santana de Parna\u00edba<\/strong><\/p>\n<p><strong>Pamela Luana Facion Alcantara &#8211; Santana de Parna\u00edba<\/strong><\/p>\n<p><strong>Patricia da Silva Mendes Paton Viegas \u2013 Cear\u00e1<\/strong><\/p>\n<p><strong>Patricia Fortes de Arruda da Silva &#8211; Campina Grande do Sul<\/strong><\/p>\n<p><strong>Paula Cristina Garcia Azevedo Frison \u2013 Paranagu\u00e1<\/strong><\/p>\n<p><strong>Priscila Vanessa Dante \u2013 \u00c1guas de S\u00e3o Pedro<\/strong><\/p>\n<p><strong>Regiane da Silva &#8211; Campina Grande do Sul<\/strong><\/p>\n<p><strong>Regiane Farren \u2013 Pitanga<\/strong><\/p>\n<p><strong>Regina Duarte de Moraes &#8211; Santana de Parna\u00edba<\/strong><\/p>\n<p><strong>Reginalva Pereira de Olveira \u2013 Cear\u00e1<\/strong><\/p>\n<p><strong>Renata de Almeida Gomes &#8211; Campina Grande do Sul<\/strong><\/p>\n<p><strong>Renata Lopes dos Santos &#8211; Paranagu\u00e1<\/strong><\/p>\n<p><strong>Rochelly Alves do Monte &#8211; Cear\u00e1<\/strong><\/p>\n<p><strong>Rodicler Joana Ribeiro de Moraes &#8211; Santana de Parna\u00edba<\/strong><\/p>\n<p><strong>Rodolpho Henrique Tom\u00e9 Machado &#8211; Roncador<\/strong><\/p>\n<p><strong>Rosana Aparecida de Souza Couto \u2013 Jacarezinho<\/strong><\/p>\n<p><strong>Rosangela Lima da Rocha &#8211; Fraiburgo<\/strong><\/p>\n<p><strong>Roseli Maria Machado \u2013 Fraiburgo<\/strong><\/p>\n<p><strong>Roseli Terezinha Secco Felchilcher &#8211; Arroio Trinta<\/strong><\/p>\n<p><strong>Rosemary Aparecido de Faria &#8211; Cabre\u00fava<\/strong><\/p>\n<p><strong>Rosemeire Maria Pinto &#8211; Santana de Parna\u00edba<\/strong><\/p>\n<p><strong>Rosimara Rodrigues Ribeiro Borges &#8211; Campina Grande do Sul<\/strong><\/p>\n<p><strong>Salete Czerniak &#8211; Arroio Trinta<\/strong><\/p>\n<p><strong>Sandra Mara Gon\u00e7alves &#8211; Campina Grande do Sul<\/strong><\/p>\n<p><strong>Sandra Schu &#8211; Entre Rios do Oeste<\/strong><\/p>\n<p><strong>Silva Aparecida Silvestre &#8211; Cerqueira C\u00e9sar<\/strong><\/p>\n<p><strong>Silvana Bolzon &#8211; Arroio Trinta<\/strong><\/p>\n<p><strong>Silvia Maria Moreira Gatti &#8211; Fraiburgo<\/strong><\/p>\n<p><strong>Simare Kioko Maebara &#8211; Santana de Parna\u00edba<\/strong><\/p>\n<p><strong>Simone Galerani de Ara\u00fajo \u2013 Jacarezinho<\/strong><\/p>\n<p><strong>Sirlei Rodrigues dos Santos Telles de Oliveira \u2013 Campo Verde<\/strong><\/p>\n<p><strong>Sirl\u00e9ia Maria Passoni &#8211; Arroio Trinta<\/strong><\/p>\n<p><strong>Sueli dos Santos \u2013 Jacarezinho<\/strong><\/p>\n<p><strong>Suzana Mendes Magalh\u00e3es &#8211; Cear\u00e1<\/strong><\/p>\n<p><strong>Suzancarla Gon\u00e7alves Mera Lehr &#8211; Fraiburgo<\/strong><\/p>\n<p><strong>Suzane Aparecida Pupo &#8211; Turvo<\/strong><\/p>\n<p><strong>Tainara Rego dos Santos &#8211; Santana de Parna\u00edba<\/strong><\/p>\n<p><strong>T\u00e2nia Regina Calazans dos Santos &#8211; Campina Grande do Sul<\/strong><\/p>\n<p><strong>Teresa Maria Barbosa Brand\u00e3o &#8211; Santana de Parna\u00edba<\/strong><\/p>\n<p><strong>Thaiz Silva dos Santos &#8211; Campina Grande do Sul<\/strong><\/p>\n<p><strong>Thays Porto de Jesus Cambi &#8211; Santana de Parna\u00edba<\/strong><\/p>\n<p><strong>Tiago La Serra Boneberg &#8211; Santana de Parna\u00edba<\/strong><\/p>\n<p><strong>Ueslei Lineker Martins da Silva \u2013 Paranagu\u00e1<\/strong><\/p>\n<p><strong>Valdirene da Silva Oliveira \u2013 Pariquera-A\u00e7u<\/strong><\/p>\n<p><strong>Val\u00e9ria Pereira Carneiro &#8211; Cear\u00e1<\/strong><\/p>\n<p><strong>Vanessa Aparecida Minetto &#8211; Cerqueira C\u00e9sar<\/strong><\/p>\n<p><strong>V\u00e2nia Carla Kozlowski &#8211; Arroio Trinta<\/strong><\/p>\n<p><strong>V\u00e2nia Ferronatto &#8211; Arroio Trinta<\/strong><\/p>\n<p><strong>Vera Elis Mendes \u2013 Paranagu\u00e1<\/strong><\/p>\n<p><strong>Vera L\u00facia Meneghetti \u2013 Paranagu\u00e1<\/strong><\/p>\n<p><strong>Vilma de F\u00e1tima Suzanna &#8211; Santana de Parna\u00edba<\/strong><\/p>\n<p><strong>Vit\u00f3ria R\u00e9gia M. do Nascimento &#8211; Cear\u00e1<\/strong><\/p>\n<p><strong>Wanderleia Mafra de Moura Correia &#8211; Paranagu\u00e1<\/strong><\/p>\n<p><strong>S\u00f4nia Roberta Bento &#8211; Cabre\u00fava<\/strong><\/p>\n","protected":false},"excerpt":{"rendered":"<p>Confira se o seu trabalho foi aprovado para aprecia\u00e7\u00e3o pela comiss\u00e3o julgadora do pr\u00eamio. Aten\u00e7\u00e3o: o prazo final para o para envio de recursos \u00e9 a pr\u00f3xima segunda-feira, dia 09 de setembro. Os recursos devem ser enviados para o e-mail pedagogico@opet-sefe.com.br &nbsp; Adriana Pirola Ansiliero &#8211; Arroio Trinta Adriane Ranieri Leal &#8211; Santana de Parna\u00edba [&hellip;]<\/p>\n","protected":false},"author":3,"featured_media":458,"comment_status":"closed","ping_status":"closed","sticky":false,"template":"","format":"standard","meta":[],"categories":[2,3],"tags":[32,14,12,15,90,17],"_links":{"self":[{"href":"https:\/\/editoraopet.com.br\/blog_opet\/wp-json\/wp\/v2\/posts\/457"}],"collection":[{"href":"https:\/\/editoraopet.com.br\/blog_opet\/wp-json\/wp\/v2\/posts"}],"about":[{"href":"https:\/\/editoraopet.com.br\/blog_opet\/wp-json\/wp\/v2\/types\/post"}],"author":[{"embeddable":true,"href":"https:\/\/editoraopet.com.br\/blog_opet\/wp-json\/wp\/v2\/users\/3"}],"replies":[{"embeddable":true,"href":"https:\/\/editoraopet.com.br\/blog_opet\/wp-json\/wp\/v2\/comments?post=457"}],"version-history":[{"count":4,"href":"https:\/\/editoraopet.com.br\/blog_opet\/wp-json\/wp\/v2\/posts\/457\/revisions"}],"predecessor-version":[{"id":463,"href":"https:\/\/editoraopet.com.br\/blog_opet\/wp-json\/wp\/v2\/posts\/457\/revisions\/463"}],"wp:featuredmedia":[{"embeddable":true,"href":"https:\/\/editoraopet.com.br\/blog_opet\/wp-json\/wp\/v2\/media\/458"}],"wp:attachment":[{"href":"https:\/\/editoraopet.com.br\/blog_opet\/wp-json\/wp\/v2\/media?parent=457"}],"wp:term":[{"taxonomy":"category","embeddable":true,"href":"https:\/\/editoraopet.com.br\/blog_opet\/wp-json\/wp\/v2\/categories?post=457"},{"taxonomy":"post_tag","embeddable":true,"href":"https:\/\/editoraopet.com.br\/blog_opet\/wp-json\/wp\/v2\/tags?post=457"}],"curies":[{"name":"wp","href":"https:\/\/api.w.org\/{rel}","templated":true}]}}