{"id":574,"date":"2019-11-28T12:15:48","date_gmt":"2019-11-28T15:15:48","guid":{"rendered":"http:\/\/www.editoraopet.com.br\/blog_opet\/?p=574"},"modified":"2019-11-29T10:13:25","modified_gmt":"2019-11-29T13:13:25","slug":"pedagogico-opet-participa-da-banca-julgadora-do-maior-premio-da-educacao-de-santana-de-parnaiba","status":"publish","type":"post","link":"https:\/\/editoraopet.com.br\/blog_opet\/pedagogico-opet-participa-da-banca-julgadora-do-maior-premio-da-educacao-de-santana-de-parnaiba\/","title":{"rendered":"Santana de Parna\u00edba (SP):  Editora Opet no Pr\u00eamio Professor A\u00e7\u00e3o Destaque"},"content":{"rendered":"<p>Na segunda e ter\u00e7a-feira (25 e 26), nossos supervisores pedag\u00f3gicos <strong>Silneia Chiquetto<\/strong> e <strong>Nelson Bittencourt<\/strong> participaram de um dos eventos mais importantes da educa\u00e7\u00e3o de Santana de Parna\u00edba (SP), o <strong>\u201cVII Pr\u00eamio Professor A\u00e7\u00e3o Destaque\u201d. <\/strong>O pr\u00eamio foi criado em 2013 e, desde ent\u00e3o, destaca professores da rede municipal que desenvolvem projetos de qualidade em todos os n\u00edveis da Educa\u00e7\u00e3o B\u00e1sica.<\/p>\n<p>Santana de Parna\u00edba \u00e9 um dos principais parceiros da Editora Opet \u2013 por meio do selo Sefe, a parceria contempla todos os estudantes da rede municipal de ensino, da Educa\u00e7\u00e3o Infantil ao Ensino M\u00e9dio (l\u00e1, este n\u00edvel de ensino \u00e9 municipalizado).<\/p>\n<p>Silneia e Nelson fizeram parte, junto com duas professoras da Universidade de S\u00e3o Paulo (USP), da banca julgadora dos 50 trabalhos finalistas selecionados dentre os 150 inscritos. Todos os trabalhos finalistas s\u00e3o premiados \u2013 os pr\u00eamios v\u00e3o de R$ 15 mil a R$ 3 mil \u2013, e a avalia\u00e7\u00e3o tem car\u00e1ter classificat\u00f3rio.<\/p>\n<p><strong>Alta qualidade &#8211; <\/strong><em>\u201cN\u00f3s ficamos muito felizes em avaliar esses projetos\u201d<\/em>, diz Silneia. <em>\u201cS\u00e3o trabalhos de alta qualidade, que enfatizam as metodologias atuais e o protagonismo do estudante, em conson\u00e2ncia com a Base Nacional Comum Curricular.\u201d <\/em><\/p>\n<p>Silneia tamb\u00e9m observa a presen\u00e7a, nos projetos finalistas, de muitas refer\u00eancias aos materiais e das forma\u00e7\u00f5es realizadas pela Editora Opet. Alguns dos participantes do <strong>Pr\u00eamio Professor Destaque<\/strong>, inclusive, tamb\u00e9m foram premiados na edi\u00e7\u00e3o deste ano do <a href=\"http:\/\/www.editoraopet.com.br\/blog_opet\/vencedores-do-9o-premio-acao-destaque\/\"><strong>IX Pr\u00eamio A\u00e7\u00e3o Destaque<\/strong>,<\/a> realizado pela Editora em Curitiba. <em>\u201cEssa rela\u00e7\u00e3o apenas demonstra o valor da parceria com a Editora Opet. \u00c9 muito bom verificar que estamos contribuindo para fortalecer a educa\u00e7\u00e3o em Santana de Parna\u00edba\u201d<\/em>, conclui. O resultado final ser\u00e1 divulgado na pr\u00f3xima quarta-feira, dia 04 de dezembro.<\/p>\n<p>Para o secret\u00e1rio municipal de Educa\u00e7\u00e3o de Santana de Parna\u00edba, <strong>Clecius Romagnoli<\/strong>, a parceria com a Editora Opet desempenha um papel importante para o sucesso do Pr\u00eamio Professor A\u00e7\u00e3o Destaque e da educa\u00e7\u00e3o municipal. \u201c<em>A Editora Opet oferece materiais did\u00e1ticos muito ricos e, tamb\u00e9m, forma\u00e7\u00f5es com metodologia que subsidiam os professores nos projetos apresentados ao pr\u00eamio. Isso, para n\u00f3s, \u00e9 uma honra.<\/em>\u201d<\/p>\n<p>Clecius destaca a import\u00e2ncia do Pr\u00eamio Professor A\u00e7\u00e3o Destaque na valoriza\u00e7\u00e3o dos docentes e de suas pr\u00e1ticas inovadoras. \u201c<em>Eles transformam o processo de ensino-aprendizagem e, tamb\u00e9m, a vida dos estudantes. Ou seja, \u00e9 algo que vai muito al\u00e9m do pr\u00eamio em si. Eles mostram, enfim, que \u00e9 poss\u00edvel fazer e ter uma educa\u00e7\u00e3o de qualidade e atraente.\u201d <\/em><\/p>\n<p><strong>Avan\u00e7os &#8211;<\/strong> Em 2017, j\u00e1 dentro da vig\u00eancia da parceria, Santana registrou o maior crescimento do IDEB (\u00cdndice de Desenvolvimento da Educa\u00e7\u00e3o B\u00e1sica) no Estado de S\u00e3o Paulo &#8211; 32% em rela\u00e7\u00e3o \u00e0 avalia\u00e7\u00e3o anterior, de 2015 -, e tem o maior \u00edndice entre os 39 munic\u00edpios da regi\u00e3o metropolitana da capital paulista. Al\u00e9m disso, uma auditoria realizada pelo Instituto Ayrton Senna colocou Santana como o melhor munic\u00edpio do pa\u00eds no desenvolvimento de compet\u00eancias socioemocionais.<\/p>\n<div id='gallery-1' class='gallery galleryid-574 gallery-columns-3 gallery-size-thumbnail'><figure class='gallery-item'>\n\t\t\t<div class='gallery-icon portrait'>\n\t\t\t\t<a href='https:\/\/editoraopet.com.br\/blog_opet\/pedagogico-opet-participa-da-banca-julgadora-do-maior-premio-da-educacao-de-santana-de-parnaiba\/bc35fc0a-40b6-4b00-8631-b4e7df691952\/'><img width=\"150\" height=\"150\" src=\"https:\/\/editoraopet.com.br\/blog_opet\/wp-content\/uploads\/2019\/11\/bc35fc0a-40b6-4b00-8631-b4e7df691952-150x150.jpg\" class=\"attachment-thumbnail size-thumbnail\" alt=\"\" decoding=\"async\" loading=\"lazy\" aria-describedby=\"gallery-1-577\" \/><\/a>\n\t\t\t<\/div>\n\t\t\t\t<figcaption class='wp-caption-text gallery-caption' id='gallery-1-577'>\n\t\t\t\tPr\u00eamio destacou projetos realizados por professores da rede municipal de ensino de Santana de Parna\u00edba.\n\t\t\t\t<\/figcaption><\/figure><figure class='gallery-item'>\n\t\t\t<div class='gallery-icon landscape'>\n\t\t\t\t<a href='https:\/\/editoraopet.com.br\/blog_opet\/pedagogico-opet-participa-da-banca-julgadora-do-maior-premio-da-educacao-de-santana-de-parnaiba\/a9b5de81-dfa3-4d3c-ad99-2356f32c7081\/'><img width=\"150\" height=\"150\" src=\"https:\/\/editoraopet.com.br\/blog_opet\/wp-content\/uploads\/2019\/11\/a9b5de81-dfa3-4d3c-ad99-2356f32c7081-150x150.jpg\" class=\"attachment-thumbnail size-thumbnail\" alt=\"\" decoding=\"async\" loading=\"lazy\" aria-describedby=\"gallery-1-576\" \/><\/a>\n\t\t\t<\/div>\n\t\t\t\t<figcaption class='wp-caption-text gallery-caption' id='gallery-1-576'>\n\t\t\t\tParticipantes do Pr\u00eamio Professor A\u00e7\u00e3o Destaque, com os gestores e a comiss\u00e3o julgadora.\n\t\t\t\t<\/figcaption><\/figure><figure class='gallery-item'>\n\t\t\t<div class='gallery-icon landscape'>\n\t\t\t\t<a href='https:\/\/editoraopet.com.br\/blog_opet\/pedagogico-opet-participa-da-banca-julgadora-do-maior-premio-da-educacao-de-santana-de-parnaiba\/1d925edd-756a-498f-b0a5-863ca55256c7\/'><img width=\"150\" height=\"150\" src=\"https:\/\/editoraopet.com.br\/blog_opet\/wp-content\/uploads\/2019\/11\/1d925edd-756a-498f-b0a5-863ca55256c7-150x150.jpg\" class=\"attachment-thumbnail size-thumbnail\" alt=\"\" decoding=\"async\" loading=\"lazy\" aria-describedby=\"gallery-1-575\" \/><\/a>\n\t\t\t<\/div>\n\t\t\t\t<figcaption class='wp-caption-text gallery-caption' id='gallery-1-575'>\n\t\t\t\tOs supervisores regionais Nelson Bittencourt e Silneia Chiquetto com os demais integrantes da comiss\u00e3o julgadora.\n\t\t\t\t<\/figcaption><\/figure>\n\t\t<\/div>\n\n","protected":false},"excerpt":{"rendered":"<p>Na segunda e ter\u00e7a-feira (25 e 26), nossos supervisores pedag\u00f3gicos Silneia Chiquetto e Nelson Bittencourt participaram de um dos eventos mais importantes da educa\u00e7\u00e3o de Santana de Parna\u00edba (SP), o \u201cVII Pr\u00eamio Professor A\u00e7\u00e3o Destaque\u201d. O pr\u00eamio foi criado em 2013 e, desde ent\u00e3o, destaca professores da rede municipal que desenvolvem projetos de qualidade em [&hellip;]<\/p>\n","protected":false},"author":3,"featured_media":576,"comment_status":"closed","ping_status":"closed","sticky":false,"template":"","format":"standard","meta":[],"categories":[3,6],"tags":[32,7,71,9],"_links":{"self":[{"href":"https:\/\/editoraopet.com.br\/blog_opet\/wp-json\/wp\/v2\/posts\/574"}],"collection":[{"href":"https:\/\/editoraopet.com.br\/blog_opet\/wp-json\/wp\/v2\/posts"}],"about":[{"href":"https:\/\/editoraopet.com.br\/blog_opet\/wp-json\/wp\/v2\/types\/post"}],"author":[{"embeddable":true,"href":"https:\/\/editoraopet.com.br\/blog_opet\/wp-json\/wp\/v2\/users\/3"}],"replies":[{"embeddable":true,"href":"https:\/\/editoraopet.com.br\/blog_opet\/wp-json\/wp\/v2\/comments?post=574"}],"version-history":[{"count":4,"href":"https:\/\/editoraopet.com.br\/blog_opet\/wp-json\/wp\/v2\/posts\/574\/revisions"}],"predecessor-version":[{"id":582,"href":"https:\/\/editoraopet.com.br\/blog_opet\/wp-json\/wp\/v2\/posts\/574\/revisions\/582"}],"wp:featuredmedia":[{"embeddable":true,"href":"https:\/\/editoraopet.com.br\/blog_opet\/wp-json\/wp\/v2\/media\/576"}],"wp:attachment":[{"href":"https:\/\/editoraopet.com.br\/blog_opet\/wp-json\/wp\/v2\/media?parent=574"}],"wp:term":[{"taxonomy":"category","embeddable":true,"href":"https:\/\/editoraopet.com.br\/blog_opet\/wp-json\/wp\/v2\/categories?post=574"},{"taxonomy":"post_tag","embeddable":true,"href":"https:\/\/editoraopet.com.br\/blog_opet\/wp-json\/wp\/v2\/tags?post=574"}],"curies":[{"name":"wp","href":"https:\/\/api.w.org\/{rel}","templated":true}]}}