{"id":612,"date":"2020-01-17T11:27:16","date_gmt":"2020-01-17T14:27:16","guid":{"rendered":"http:\/\/www.editoraopet.com.br\/blog_opet\/?p=612"},"modified":"2020-01-17T11:41:28","modified_gmt":"2020-01-17T14:41:28","slug":"tecnologia-pedagogico-opet-participa-de-formacao-para-o-uso-da-nova-agenda-digital","status":"publish","type":"post","link":"https:\/\/editoraopet.com.br\/blog_opet\/tecnologia-pedagogico-opet-participa-de-formacao-para-o-uso-da-nova-agenda-digital\/","title":{"rendered":"Pedag\u00f3gico Opet participa de forma\u00e7\u00e3o para o uso da nova agenda digital"},"content":{"rendered":"<p>Neste ano letivo de 2020, a Editora Opet est\u00e1 avan\u00e7ando em rela\u00e7\u00e3o ao uso das tecnologias educacionais. A proposta \u00e9 fazer com que as novas tecnologias funcionem como ferramentas poderosas para uma educa\u00e7\u00e3o <strong>mais humana, cidad\u00e3, transformadora e inovadora<\/strong>.<\/p>\n<p>Dentro dessa proposta, na \u00faltima quinta-feira (15) a equipe pedag\u00f3gica participou de uma forma\u00e7\u00e3o para o uso do aplicativo <strong>Agenda Opet<\/strong> (com tecnologia <strong>IsCool\u00ae<\/strong>), que ser\u00e1 incorporado \u00e0 plataforma digital <strong>Opet Inspira<\/strong>.<\/p>\n<p>O aplicativo, como explica a gestora pedag\u00f3gica <strong>Cliciane \u00c9len<\/strong>, \u00e9 uma agenda digital com muitos recursos e uso amig\u00e1vel, que vai facilitar o trabalho de professores e gestores. Em uma primeira etapa, ela estar\u00e1 dispon\u00edvel para os parceiros do <strong>segmento privado<\/strong>.<\/p>\n<p><em>\u201cA Agenda \u00e9 uma ferramenta muito \u00fatil, que abrange v\u00e1rios elementos do dia a dia das escolas, al\u00e9m de ser um meio de comunica\u00e7\u00e3o seguro e din\u00e2mico entre fam\u00edlia e a equipe de gest\u00e3o escolar.\u201d<\/em><\/p>\n<p>Entre esses elementos est\u00e3o comunicados, not\u00edcias da escola com uma galeria de fotos, enquetes e pesquisas, agenda e registro de atividades escolares, calend\u00e1rio de eventos, pedidos de autoriza\u00e7\u00e3o para familiares.<\/p>\n<p>Com o treinamento realizado pela equipe da IsCool App, a equipe pedag\u00f3gica vivenciou a experi\u00eancia de utilizar o aplicativo e conhecer a potencialidade das suas funcionalidades. <em>\u201cEstamos ansiosos para compartilhar essa ferramenta com os nossos professores, gestores e familiares das escolas conveniadas.\u201d<\/em><\/p>\n<p><strong>Escolha acertada \u2013 <\/strong>O coordenador de Tecnologias Educacionais da Editora,<strong> Luciano Rocha<\/strong>, explica que a escolha da tecnologia IsCool para o aplicativo da agenda se deve ao seu n\u00edvel de qualidade. <em>\u201cUma plataforma como a Inspira, que a partir deste ano vai ser a grande ferramenta de tecnologia das escolas conveniadas \u00e0 Editora Opet, oferece recursos pr\u00f3prios e tamb\u00e9m agrega o que existe de melhor no mercado. Essa gest\u00e3o da tecnologia nos permite oferecer o que h\u00e1 de melhor, de mais moderno, aos nossos parceiros.\u201d<\/em><\/p>\n<p>A <strong>Inspira \u2013 Plataforma Educacional<\/strong>, explica Luciano, tamb\u00e9m vai incorporar outra tecnologia de grande sucesso, a da <strong>Prova F\u00e1cil\u00ae<\/strong>, que oferece uma s\u00e9rie de recursos online para a produ\u00e7\u00e3o e a corre\u00e7\u00e3o de provas e avalia\u00e7\u00f5es.<\/p>\n<p>No caso da Agenda Digital, Luciano observa que havia uma demanda muito grande, em especial por parte das escolas que oferecem Educa\u00e7\u00e3o Infantil, de um aplicativo que permitisse a possibilidade de comunica\u00e7\u00e3o direta entre a escola e as fam\u00edlias. <em>\u201cCom o aplicativo, garantimos essa comunica\u00e7\u00e3o e, tamb\u00e9m, outros recursos de acompanhamento do dia-a-dia das crian\u00e7as na escola.\u201d<\/em><\/p>\n<p><strong>Em funcionamento \u2013 <\/strong>Neste momento, como explica o coordenador de Tecnologia Educacional da Editora, a plataforma <strong>Inspira <\/strong>est\u00e1 em fase de homologa\u00e7\u00e3o. S\u00e3o os \u00faltimos passos antes da entrada em pleno funcionamento, o que vai acontecer nos pr\u00f3ximos dias. Na primeira etapa, a plataforma estar\u00e1 dispon\u00edvel para o segmento privado, cujo calend\u00e1rio come\u00e7a um pouco mais cedo. Na sequ\u00eancia, ser\u00e1 disponibilizada para os parceiros das escolas da rede p\u00fablica.<\/p>\n<p>&nbsp;<\/p>\n<div id='gallery-1' class='gallery galleryid-612 gallery-columns-2 gallery-size-thumbnail'><figure class='gallery-item'>\n\t\t\t<div class='gallery-icon portrait'>\n\t\t\t\t<a href='https:\/\/editoraopet.com.br\/blog_opet\/tecnologia-pedagogico-opet-participa-de-formacao-para-o-uso-da-nova-agenda-digital\/163bad74-4152-4d73-a3ae-477819a3fe28\/'><img width=\"150\" height=\"150\" src=\"https:\/\/editoraopet.com.br\/blog_opet\/wp-content\/uploads\/2020\/01\/163bad74-4152-4d73-a3ae-477819a3fe28-150x150.jpg\" class=\"attachment-thumbnail size-thumbnail\" alt=\"\" decoding=\"async\" loading=\"lazy\" aria-describedby=\"gallery-1-613\" \/><\/a>\n\t\t\t<\/div>\n\t\t\t\t<figcaption class='wp-caption-text gallery-caption' id='gallery-1-613'>\n\t\t\t\tAplicativo, com tecnologia IsCool, vai facilitar a comunica\u00e7\u00e3o fam\u00edlia-escola.\n\t\t\t\t<\/figcaption><\/figure><figure class='gallery-item'>\n\t\t\t<div class='gallery-icon landscape'>\n\t\t\t\t<a href='https:\/\/editoraopet.com.br\/blog_opet\/tecnologia-pedagogico-opet-participa-de-formacao-para-o-uso-da-nova-agenda-digital\/fa5e19e6-13fb-45c9-b4b7-d2af49ccb93b\/'><img width=\"150\" height=\"150\" src=\"https:\/\/editoraopet.com.br\/blog_opet\/wp-content\/uploads\/2020\/01\/fa5e19e6-13fb-45c9-b4b7-d2af49ccb93b-150x150.jpg\" class=\"attachment-thumbnail size-thumbnail\" alt=\"\" decoding=\"async\" loading=\"lazy\" aria-describedby=\"gallery-1-614\" \/><\/a>\n\t\t\t<\/div>\n\t\t\t\t<figcaption class='wp-caption-text gallery-caption' id='gallery-1-614'>\n\t\t\t\tForma\u00e7\u00e3o envolveu a equipe pedag\u00f3gica Opet para o uso da nova Agenda Digital. \n\t\t\t\t<\/figcaption><\/figure>\n\t\t<\/div>\n\n","protected":false},"excerpt":{"rendered":"<p>Neste ano letivo de 2020, a Editora Opet est\u00e1 avan\u00e7ando em rela\u00e7\u00e3o ao uso das tecnologias educacionais. A proposta \u00e9 fazer com que as novas tecnologias funcionem como ferramentas poderosas para uma educa\u00e7\u00e3o mais humana, cidad\u00e3, transformadora e inovadora. Dentro dessa proposta, na \u00faltima quinta-feira (15) a equipe pedag\u00f3gica participou de uma forma\u00e7\u00e3o para o [&hellip;]<\/p>\n","protected":false},"author":3,"featured_media":613,"comment_status":"closed","ping_status":"closed","sticky":false,"template":"","format":"standard","meta":[],"categories":[2,4],"tags":[7],"_links":{"self":[{"href":"https:\/\/editoraopet.com.br\/blog_opet\/wp-json\/wp\/v2\/posts\/612"}],"collection":[{"href":"https:\/\/editoraopet.com.br\/blog_opet\/wp-json\/wp\/v2\/posts"}],"about":[{"href":"https:\/\/editoraopet.com.br\/blog_opet\/wp-json\/wp\/v2\/types\/post"}],"author":[{"embeddable":true,"href":"https:\/\/editoraopet.com.br\/blog_opet\/wp-json\/wp\/v2\/users\/3"}],"replies":[{"embeddable":true,"href":"https:\/\/editoraopet.com.br\/blog_opet\/wp-json\/wp\/v2\/comments?post=612"}],"version-history":[{"count":3,"href":"https:\/\/editoraopet.com.br\/blog_opet\/wp-json\/wp\/v2\/posts\/612\/revisions"}],"predecessor-version":[{"id":617,"href":"https:\/\/editoraopet.com.br\/blog_opet\/wp-json\/wp\/v2\/posts\/612\/revisions\/617"}],"wp:featuredmedia":[{"embeddable":true,"href":"https:\/\/editoraopet.com.br\/blog_opet\/wp-json\/wp\/v2\/media\/613"}],"wp:attachment":[{"href":"https:\/\/editoraopet.com.br\/blog_opet\/wp-json\/wp\/v2\/media?parent=612"}],"wp:term":[{"taxonomy":"category","embeddable":true,"href":"https:\/\/editoraopet.com.br\/blog_opet\/wp-json\/wp\/v2\/categories?post=612"},{"taxonomy":"post_tag","embeddable":true,"href":"https:\/\/editoraopet.com.br\/blog_opet\/wp-json\/wp\/v2\/tags?post=612"}],"curies":[{"name":"wp","href":"https:\/\/api.w.org\/{rel}","templated":true}]}}