{"id":652,"date":"2020-02-05T12:05:04","date_gmt":"2020-02-05T15:05:04","guid":{"rendered":"http:\/\/www.editoraopet.com.br\/blog_opet\/?p=652"},"modified":"2020-02-05T12:05:57","modified_gmt":"2020-02-05T15:05:57","slug":"sobral-e-a-editora-opet-renovam-parceria-para-o-2o-ano-do-ensino-fundamental","status":"publish","type":"post","link":"https:\/\/editoraopet.com.br\/blog_opet\/sobral-e-a-editora-opet-renovam-parceria-para-o-2o-ano-do-ensino-fundamental\/","title":{"rendered":"Sobral e a Editora Opet renovam parceria para o 2\u00ba ano do Ensino Fundamental"},"content":{"rendered":"<p><strong>A Editora Opet e a rede municipal de ensino de Sobral (CE) acabam de renovar uma parceria de grande sucesso!<\/strong> Desde o ano passado, dentro do selo educacional Sefe, a Editora fornece materiais did\u00e1ticos para os estudantes, materiais e forma\u00e7\u00f5es pedag\u00f3gicas para os professores do 2\u00ba ano do Ensino Fundamental de Sobral. Um trabalho que envolve <strong>2.500 estudantes<\/strong> <strong>e<\/strong> <strong>85 professores e coordenadores pedag\u00f3gicos<\/strong>.<\/p>\n<p>Um detalhe importante: Sobral \u00e9 refer\u00eancia nacional em educa\u00e7\u00e3o, tendo alcan\u00e7ado a primeira coloca\u00e7\u00e3o nacional do \u00cdndice de Desenvolvimento da Educa\u00e7\u00e3o B\u00e1sica, o IDEB, com <strong>nota 9,1<\/strong> na avalia\u00e7\u00e3o dos Anos Iniciais (1\u00ba ao 5\u00ba ano). E o 2\u00ba ano do Ensino Fundamental, etapa contemplada pela parceria, \u00e9 estrat\u00e9gica em rela\u00e7\u00e3o \u00e0 alfabetiza\u00e7\u00e3o.<\/p>\n<p><em>\u201cEstamos muito satisfeitos com a parceria entre a Editora Opet e Sobral. Para n\u00f3s, \u00e9 importante fazer parte de um trabalho de tamanha qualidade, que demonstra a for\u00e7a dos educadores do Brasil\u201d,<\/em> avalia a superintendente da Editora, <strong>Cristina Swiatovski<\/strong>. <em>\u201cParticipar desse movimento oferecendo livros e forma\u00e7\u00f5es pedag\u00f3gicas, discutindo a educa\u00e7\u00e3o na pr\u00e1tica, nos faz avan\u00e7ar no trabalho com todos os parceiros da \u00e1rea p\u00fablica.\u201d<\/em><\/p>\n<p><strong>Exemplo &#8211; <\/strong><em>\u201cSobral \u00e9 um exemplo de munic\u00edpio que investe em educa\u00e7\u00e3o e acredita que, por meio dela, podemos transformar uma sociedade. Para n\u00f3s, \u00e9 uma satisfa\u00e7\u00e3o fazer parte dessa busca incessante por uma educa\u00e7\u00e3o p\u00fablica de qualidade\u201d<\/em>, diz a gestora pedag\u00f3gica da Editora Opet, <strong>Cliciane \u00c9len<\/strong><em>.<\/em> <em>\u201cNossos materiais e forma\u00e7\u00f5es pedag\u00f3gicas s\u00e3o desenvolvidos para contribuir de maneira significativa com o trabalho das secretarias municipais de ensino. Assim, ficamos muito felizes com mais um ano de parceria com o munic\u00edpio de Sobral.\u201d<\/em><\/p>\n<p>O supervisor regional da Editora Opet para o Cear\u00e1, <strong>Glaylson Rodrigues<\/strong>, explica que, ao longo do ano passado, foram realizados quatro encontros formativos, nos quais os professores esclareceram d\u00favidas, dialogaram, trouxeram experi\u00eancias e se aprofundaram em rela\u00e7\u00e3o \u00e0s possibilidades dos materiais da <a href=\"https:\/\/www.editoraopet.com.br\/caminhos-e-vivencias.php\"><strong>Cole\u00e7\u00e3o Caminhos e Viv\u00eancias (do Sefe)<\/strong><\/a>, utilizados em Sobral. Para 2020, as expectativas s\u00e3o as melhores.<\/p>\n<p><em>\u201cQueremos consolidar o trabalho realizado no ano passado, quando implantamos os materiais e as forma\u00e7\u00f5es. Isso implica a amplia\u00e7\u00e3o dos servi\u00e7os e o est\u00edmulo aos professores do segundo ano para que eles desenvolvam projetos de sucesso com os estudantes<\/em>\u201d, diz Glaylson. <em>\u201c\u00c9 uma honra ser parceiro da melhor educa\u00e7\u00e3o p\u00fablica do Brasil.\u201d <\/em><\/p>\n<p><strong>Vitrine \u2013 <\/strong>O gestor comercial da Editora Opet para o segmento p\u00fablico, <strong>Roberto Costacurta<\/strong>, destaca a receptividade dos materiais, forma\u00e7\u00f5es e o olhar pedag\u00f3gico Opet pela rede de ensino de Sobral. <em>\u201c\u00c9 uma rede de ensino com um trabalho s\u00f3lido e de muito tempo, que encontrou na Opet um sistema de ensino confi\u00e1vel. Um sistema de ensino que atendeu suas exig\u00eancias metodol\u00f3gicas, formativas e de conte\u00fado. Isso nos deixa muito tranquilos quanto \u00e0 qualidade do nosso trabalho, que pode e deve ser apresentado a outros munic\u00edpios interessados em avan\u00e7ar na educa\u00e7\u00e3o.\u201d<\/em><\/p>\n<p>&nbsp;<\/p>\n<div id='gallery-1' class='gallery galleryid-652 gallery-columns-2 gallery-size-thumbnail'><figure class='gallery-item'>\n\t\t\t<div class='gallery-icon landscape'>\n\t\t\t\t<a href='https:\/\/editoraopet.com.br\/blog_opet\/sobral-e-a-editora-opet-renovam-parceria-para-o-2o-ano-do-ensino-fundamental\/opet-sobral-2\/'><img width=\"150\" height=\"150\" src=\"https:\/\/editoraopet.com.br\/blog_opet\/wp-content\/uploads\/2020\/02\/OPET-SOBRAL-2-150x150.jpg\" class=\"attachment-thumbnail size-thumbnail\" alt=\"\" decoding=\"async\" loading=\"lazy\" aria-describedby=\"gallery-1-654\" \/><\/a>\n\t\t\t<\/div>\n\t\t\t\t<figcaption class='wp-caption-text gallery-caption' id='gallery-1-654'>\n\t\t\t\tParceria com Sobral envolve professores e coordenadores pedag\u00f3gicos.\n\t\t\t\t<\/figcaption><\/figure><figure class='gallery-item'>\n\t\t\t<div class='gallery-icon landscape'>\n\t\t\t\t<a href='https:\/\/editoraopet.com.br\/blog_opet\/sobral-e-a-editora-opet-renovam-parceria-para-o-2o-ano-do-ensino-fundamental\/opet-sobral-1\/'><img width=\"150\" height=\"150\" src=\"https:\/\/editoraopet.com.br\/blog_opet\/wp-content\/uploads\/2020\/02\/OPET-SOBRAL-1-150x150.jpg\" class=\"attachment-thumbnail size-thumbnail\" alt=\"\" decoding=\"async\" loading=\"lazy\" aria-describedby=\"gallery-1-653\" \/><\/a>\n\t\t\t<\/div>\n\t\t\t\t<figcaption class='wp-caption-text gallery-caption' id='gallery-1-653'>\n\t\t\t\tParceria com Sobral envolve professores e coordenadores pedag\u00f3gicos.\n\t\t\t\t<\/figcaption><\/figure><figure class='gallery-item'>\n\t\t\t<div class='gallery-icon portrait'>\n\t\t\t\t<a href='https:\/\/editoraopet.com.br\/blog_opet\/sobral-e-a-editora-opet-renovam-parceria-para-o-2o-ano-do-ensino-fundamental\/opet-sobral\/'><img width=\"150\" height=\"150\" src=\"https:\/\/editoraopet.com.br\/blog_opet\/wp-content\/uploads\/2020\/02\/OPET-SOBRAL-150x150.jpg\" class=\"attachment-thumbnail size-thumbnail\" alt=\"\" decoding=\"async\" loading=\"lazy\" aria-describedby=\"gallery-1-655\" \/><\/a>\n\t\t\t<\/div>\n\t\t\t\t<figcaption class='wp-caption-text gallery-caption' id='gallery-1-655'>\n\t\t\t\tParceria com Sobral envolve professores e coordenadores pedag\u00f3gicos.\n\t\t\t\t<\/figcaption><\/figure><figure class='gallery-item'>\n\t\t\t<div class='gallery-icon landscape'>\n\t\t\t\t<a href='https:\/\/editoraopet.com.br\/blog_opet\/sobral-e-a-editora-opet-renovam-parceria-para-o-2o-ano-do-ensino-fundamental\/opet\/'><img width=\"150\" height=\"150\" src=\"https:\/\/editoraopet.com.br\/blog_opet\/wp-content\/uploads\/2020\/02\/OPET-150x150.jpg\" class=\"attachment-thumbnail size-thumbnail\" alt=\"\" decoding=\"async\" loading=\"lazy\" aria-describedby=\"gallery-1-656\" \/><\/a>\n\t\t\t<\/div>\n\t\t\t\t<figcaption class='wp-caption-text gallery-caption' id='gallery-1-656'>\n\t\t\t\tAo longo de 2019, foram quatro momentos formativos com a equipe docente de Sobral. Trabalho envolveu 85 professores e coordenadores pedag\u00f3gicos.\n\t\t\t\t<\/figcaption><\/figure>\n\t\t<\/div>\n\n<p>&nbsp;<\/p>\n<p>&nbsp;<\/p>\n<p>&nbsp;<\/p>\n","protected":false},"excerpt":{"rendered":"<p>A Editora Opet e a rede municipal de ensino de Sobral (CE) acabam de renovar uma parceria de grande sucesso! Desde o ano passado, dentro do selo educacional Sefe, a Editora fornece materiais did\u00e1ticos para os estudantes, materiais e forma\u00e7\u00f5es pedag\u00f3gicas para os professores do 2\u00ba ano do Ensino Fundamental de Sobral. Um trabalho que [&hellip;]<\/p>\n","protected":false},"author":1,"featured_media":654,"comment_status":"closed","ping_status":"closed","sticky":false,"template":"","format":"standard","meta":[],"categories":[3],"tags":[7],"_links":{"self":[{"href":"https:\/\/editoraopet.com.br\/blog_opet\/wp-json\/wp\/v2\/posts\/652"}],"collection":[{"href":"https:\/\/editoraopet.com.br\/blog_opet\/wp-json\/wp\/v2\/posts"}],"about":[{"href":"https:\/\/editoraopet.com.br\/blog_opet\/wp-json\/wp\/v2\/types\/post"}],"author":[{"embeddable":true,"href":"https:\/\/editoraopet.com.br\/blog_opet\/wp-json\/wp\/v2\/users\/1"}],"replies":[{"embeddable":true,"href":"https:\/\/editoraopet.com.br\/blog_opet\/wp-json\/wp\/v2\/comments?post=652"}],"version-history":[{"count":2,"href":"https:\/\/editoraopet.com.br\/blog_opet\/wp-json\/wp\/v2\/posts\/652\/revisions"}],"predecessor-version":[{"id":658,"href":"https:\/\/editoraopet.com.br\/blog_opet\/wp-json\/wp\/v2\/posts\/652\/revisions\/658"}],"wp:featuredmedia":[{"embeddable":true,"href":"https:\/\/editoraopet.com.br\/blog_opet\/wp-json\/wp\/v2\/media\/654"}],"wp:attachment":[{"href":"https:\/\/editoraopet.com.br\/blog_opet\/wp-json\/wp\/v2\/media?parent=652"}],"wp:term":[{"taxonomy":"category","embeddable":true,"href":"https:\/\/editoraopet.com.br\/blog_opet\/wp-json\/wp\/v2\/categories?post=652"},{"taxonomy":"post_tag","embeddable":true,"href":"https:\/\/editoraopet.com.br\/blog_opet\/wp-json\/wp\/v2\/tags?post=652"}],"curies":[{"name":"wp","href":"https:\/\/api.w.org\/{rel}","templated":true}]}}