{"id":673,"date":"2020-02-21T11:04:42","date_gmt":"2020-02-21T14:04:42","guid":{"rendered":"http:\/\/www.editoraopet.com.br\/blog_opet\/?p=673"},"modified":"2020-04-28T10:38:24","modified_gmt":"2020-04-28T13:38:24","slug":"barra-do-garcas-mt-implantacao-e-formacao-pedagogica","status":"publish","type":"post","link":"https:\/\/editoraopet.com.br\/blog_opet\/barra-do-garcas-mt-implantacao-e-formacao-pedagogica\/","title":{"rendered":"Barra do Gar\u00e7as (MT): implanta\u00e7\u00e3o e forma\u00e7\u00e3o pedag\u00f3gica"},"content":{"rendered":"<p>H\u00e1 alguns anos, a Editora Opet, por meio do selo educacional <strong>Sefe<\/strong>, desenvolve um trabalho importante junto \u00e0s redes de ensino de munic\u00edpios do Mato Grosso. Nesta semana, nosso time pedag\u00f3gico esteve em <strong>Barra do Gar\u00e7as<\/strong>, munic\u00edpio de aproximadamente 80 mil habitantes onde aconteceu a implanta\u00e7\u00e3o dos materiais did\u00e1ticos da Cole\u00e7\u00e3o <a href=\"https:\/\/www.editoraopet.com.br\/entrelinhas-para-voce.php\"><strong>\u201cEntrelinhas para Voc\u00ea\u201d<\/strong><\/a> (4 e 5). O trabalho, realizado no campus do Centro Universit\u00e1rio do Vale do Araguaia (UNIVAR), envolveu 110 professores da rede municipal, que trabalharam com a assessora pedag\u00f3gica Elis Vieira, e 18 gestores educacionais, que fizeram a forma\u00e7\u00e3o com a assessora pedag\u00f3gica Mara Dumke.<\/p>\n<p><em>\u201cBarra do Gar\u00e7as \u00e9 um novo parceiro da Editora Opet\u201d<\/em>, explica <strong>Danuza Peraceta<\/strong>, supervisora regional que atende aos munic\u00edpios do Mato Grosso e que acompanhou a forma\u00e7\u00e3o. <em>\u201cCom essa forma\u00e7\u00e3o pedag\u00f3gica, demos in\u00edcio a uma parceria de muito sucesso. Percebemos que tanto os professores quanto os gestores se mostraram bastante interessados nos materiais did\u00e1ticos e na forma\u00e7\u00e3o pedag\u00f3gica, o que possibilitou o compartilhamento de conhecimentos e experi\u00eancias.&#8221;<\/em><\/p>\n<p><strong>Qualidade &#8211;<\/strong> <strong>Cristina Alves Moreira<\/strong> \u00e9 a assessora t\u00e9cnica pedag\u00f3gica da Secretaria de Educa\u00e7\u00e3o de Alto Gar\u00e7as. Segundo ela, o munic\u00edpio busca qualidade educacional. <em>\u201cN\u00f3s temos uma preocupa\u00e7\u00e3o muito grande com a infraestrutura e tamb\u00e9m pensamos muito na qualidade pedag\u00f3gica. Precisamos ter forma\u00e7\u00e3o docente continuada e assessoria pedag\u00f3gica &#8211; e isto, a Editora Opet nos oferece.\u201d<\/em><\/p>\n<p>Para Cristina, a implanta\u00e7\u00e3o marcou um bom in\u00edcio de trabalho. <em>\u201cAs tr\u00eas formadoras da Opet, a Mara, a Elis e a Danuza, s\u00e3o muito experientes e nos deram uma excelente base.\u201d <\/em>Segundo ela, os materiais da Cole\u00e7\u00e3o \u201cEntrelinhas para Voc\u00ea\u201d, que v\u00e3o atender as crian\u00e7as de quatro e cinco anos, s\u00e3o exatamente aquilo de que o munic\u00edpio precisa. <em>\u201cN\u00e3o \u00e9 um sistema de ensino fechado. Assim, podemos complementar o trabalho com nossas pr\u00f3prias particularidades.\u201d <\/em>Al\u00e9m disso, Cristina tamb\u00e9m destaca a proximidade entre a fundamenta\u00e7\u00e3o te\u00f3rica Opet e o documento curricular do pr\u00f3prio munic\u00edpio.<\/p>\n<p>Sobre o trabalho com os gestores, a assessora pedag\u00f3gica observa que muitos dos diretores das escolas est\u00e3o assumindo agora, e que o trabalho feito pela assessora Mara Dumke os auxiliou muito em rela\u00e7\u00e3o aos primeiros passos na gest\u00e3o.<\/p>\n<p><strong>A\u00e7\u00e3o Destaque &#8211; <\/strong>Cristina ainda falou sobre o interesse dos professores pelo <a href=\"https:\/\/br.pinterest.com\/editoraopet\/vii-semin%C3%A1rio-nacional-de-gestores-e-9o-pr%C3%AAmio-a%C3%A7%C3%A3\/\"><strong>Pr\u00eamio A\u00e7\u00e3o Destaque<\/strong><\/a>, promovido anualmente pela Editora Opet para valorizar projetos e pr\u00e1ticas pedag\u00f3gicas dos professores parceiros. <em>\u201cMuitos dos nossos professores trabalham com projetos e ficaram empolgados com a ideia de participar. Eles v\u00e3o se inscrever, com certeza!\u201d.<\/em><\/p>\n<p>&nbsp;<\/p>\n<div id='gallery-1' class='gallery galleryid-673 gallery-columns-2 gallery-size-thumbnail'><figure class='gallery-item'>\n\t\t\t<div class='gallery-icon landscape'>\n\t\t\t\t<a href='https:\/\/editoraopet.com.br\/blog_opet\/barra-do-garcas-mt-implantacao-e-formacao-pedagogica\/barra-do-garca-educacao\/'><img width=\"150\" height=\"150\" src=\"https:\/\/editoraopet.com.br\/blog_opet\/wp-content\/uploads\/2020\/02\/barra-do-gar\u00e7a-educa\u00e7\u00e3o-150x150.jpg\" class=\"attachment-thumbnail size-thumbnail\" alt=\"\" decoding=\"async\" loading=\"lazy\" aria-describedby=\"gallery-1-674\" \/><\/a>\n\t\t\t<\/div>\n\t\t\t\t<figcaption class='wp-caption-text gallery-caption' id='gallery-1-674'>\n\t\t\t\tEm primeiro plano, a assessora Cristina Alves Moreira com professoras da Educa\u00e7\u00e3o Infantil e as formadoras Danuza, Mara e Elis.\n\t\t\t\t<\/figcaption><\/figure><figure class='gallery-item'>\n\t\t\t<div class='gallery-icon landscape'>\n\t\t\t\t<a href='https:\/\/editoraopet.com.br\/blog_opet\/barra-do-garcas-mt-implantacao-e-formacao-pedagogica\/opet-em-barra-do-graca\/'><img width=\"150\" height=\"150\" src=\"https:\/\/editoraopet.com.br\/blog_opet\/wp-content\/uploads\/2020\/02\/opet-em-barra-do-gra\u00e7a-150x150.jpg\" class=\"attachment-thumbnail size-thumbnail\" alt=\"\" decoding=\"async\" loading=\"lazy\" aria-describedby=\"gallery-1-675\" \/><\/a>\n\t\t\t<\/div>\n\t\t\t\t<figcaption class='wp-caption-text gallery-caption' id='gallery-1-675'>\n\t\t\t\tProfessoras de Barra do Gar\u00e7as durante a implanta\u00e7\u00e3o dos materiais Opet.\n\t\t\t\t<\/figcaption><\/figure>\n\t\t<\/div>\n\n","protected":false},"excerpt":{"rendered":"<p>H\u00e1 alguns anos, a Editora Opet, por meio do selo educacional Sefe, desenvolve um trabalho importante junto \u00e0s redes de ensino de munic\u00edpios do Mato Grosso. Nesta semana, nosso time pedag\u00f3gico esteve em Barra do Gar\u00e7as, munic\u00edpio de aproximadamente 80 mil habitantes onde aconteceu a implanta\u00e7\u00e3o dos materiais did\u00e1ticos da Cole\u00e7\u00e3o \u201cEntrelinhas para Voc\u00ea\u201d (4 [&hellip;]<\/p>\n","protected":false},"author":3,"featured_media":675,"comment_status":"closed","ping_status":"closed","sticky":false,"template":"","format":"standard","meta":[],"categories":[3,97],"tags":[7,71],"_links":{"self":[{"href":"https:\/\/editoraopet.com.br\/blog_opet\/wp-json\/wp\/v2\/posts\/673"}],"collection":[{"href":"https:\/\/editoraopet.com.br\/blog_opet\/wp-json\/wp\/v2\/posts"}],"about":[{"href":"https:\/\/editoraopet.com.br\/blog_opet\/wp-json\/wp\/v2\/types\/post"}],"author":[{"embeddable":true,"href":"https:\/\/editoraopet.com.br\/blog_opet\/wp-json\/wp\/v2\/users\/3"}],"replies":[{"embeddable":true,"href":"https:\/\/editoraopet.com.br\/blog_opet\/wp-json\/wp\/v2\/comments?post=673"}],"version-history":[{"count":1,"href":"https:\/\/editoraopet.com.br\/blog_opet\/wp-json\/wp\/v2\/posts\/673\/revisions"}],"predecessor-version":[{"id":676,"href":"https:\/\/editoraopet.com.br\/blog_opet\/wp-json\/wp\/v2\/posts\/673\/revisions\/676"}],"wp:featuredmedia":[{"embeddable":true,"href":"https:\/\/editoraopet.com.br\/blog_opet\/wp-json\/wp\/v2\/media\/675"}],"wp:attachment":[{"href":"https:\/\/editoraopet.com.br\/blog_opet\/wp-json\/wp\/v2\/media?parent=673"}],"wp:term":[{"taxonomy":"category","embeddable":true,"href":"https:\/\/editoraopet.com.br\/blog_opet\/wp-json\/wp\/v2\/categories?post=673"},{"taxonomy":"post_tag","embeddable":true,"href":"https:\/\/editoraopet.com.br\/blog_opet\/wp-json\/wp\/v2\/tags?post=673"}],"curies":[{"name":"wp","href":"https:\/\/api.w.org\/{rel}","templated":true}]}}