{"id":677,"date":"2020-03-03T10:30:44","date_gmt":"2020-03-03T13:30:44","guid":{"rendered":"http:\/\/www.editoraopet.com.br\/blog_opet\/?p=677"},"modified":"2020-04-28T10:38:24","modified_gmt":"2020-04-28T13:38:24","slug":"santana-de-parnaiba-a-primeira-grande-formacao-pedagogica-do-ano","status":"publish","type":"post","link":"https:\/\/editoraopet.com.br\/blog_opet\/santana-de-parnaiba-a-primeira-grande-formacao-pedagogica-do-ano\/","title":{"rendered":"Santana de Parna\u00edba: a primeira grande forma\u00e7\u00e3o pedag\u00f3gica do ano"},"content":{"rendered":"<p>Na semana passada, nos dias 27 e 28 (quinta e sexta-feira), a equipe de formadores pedag\u00f3gicos da Editora Opet se mobilizou para uma forma\u00e7\u00e3o pedag\u00f3gica muito especial. Eles foram at\u00e9 Santana de Parana\u00edba, cidade que \u00e9 um dos nossos principais parceiros na \u00e1rea p\u00fablica no Estado de S\u00e3o Paulo, para a primeira forma\u00e7\u00e3o pedag\u00f3gica do ano com os professores e os gestores.<\/p>\n<p>Santana e a Editora Opet trabalham juntos desde 2015, e a parceria contempla todo o Ensino Fundamental, da Educa\u00e7\u00e3o Infantil ao Ensino M\u00e9dio (que, em Santana, \u00e9 municipalizado). <em>\u201cEm minha avalia\u00e7\u00e3o, a parceria \u00e9 muito boa. Os profissionais da Opet s\u00e3o muito qualificados e organizados, e o trabalho envolve, sempre, novas metodologias que se relacionam com os livros\u201d<\/em>, avalia o secret\u00e1rio municipal de Educa\u00e7\u00e3o de Santana, <strong>Clecius Romagnoli<\/strong>. Segundo ele, os formadores se preocupam com o desenvolvimento das compet\u00eancias trazidas pela Base Nacional Comum Curricular (BNCC), e este \u00e9 um diferencial. <em>\u201cA aceita\u00e7\u00e3o dos materiais pelos professores, no caso da Editora Opet, \u00e9 a maior que j\u00e1 tivemos desde que o munic\u00edpio adotou o sistema apostilado\u201d, <\/em>conclui Clecius.<\/p>\n<p>Para <strong>Nelson Bittencourt<\/strong>, supervisor regional da Editora Opet e um dos coordenadores da forma\u00e7\u00e3o, Santana de Parna\u00edba se destaca pela dedica\u00e7\u00e3o dos professores e gestores. <em>\u201cNos \u00faltimos anos, Santana vem se destacando muito na educa\u00e7\u00e3o municipal. Esse crescimento e essa qualidade est\u00e3o diretamente relacionados ao envolvimento dos professores e dos gestores. Ficamos muito felizes em participar desse sucesso e colaborar para que a educa\u00e7\u00e3o avance cada vez mais.\u201d<\/em><\/p>\n<div id='gallery-1' class='gallery galleryid-677 gallery-columns-3 gallery-size-thumbnail'><figure class='gallery-item'>\n\t\t\t<div class='gallery-icon landscape'>\n\t\t\t\t<a href='https:\/\/editoraopet.com.br\/blog_opet\/santana-de-parnaiba-a-primeira-grande-formacao-pedagogica-do-ano\/opet-w\/'><img width=\"150\" height=\"150\" src=\"https:\/\/editoraopet.com.br\/blog_opet\/wp-content\/uploads\/2020\/03\/opet-w-150x150.jpg\" class=\"attachment-thumbnail size-thumbnail\" alt=\"\" decoding=\"async\" loading=\"lazy\" aria-describedby=\"gallery-1-678\" \/><\/a>\n\t\t\t<\/div>\n\t\t\t\t<figcaption class='wp-caption-text gallery-caption' id='gallery-1-678'>\n\t\t\t\tSantana de Parna\u00edba: a primeira grande forma\u00e7\u00e3o pedag\u00f3gica do ano\n\t\t\t\t<\/figcaption><\/figure><figure class='gallery-item'>\n\t\t\t<div class='gallery-icon landscape'>\n\t\t\t\t<a href='https:\/\/editoraopet.com.br\/blog_opet\/santana-de-parnaiba-a-primeira-grande-formacao-pedagogica-do-ano\/opet-1\/'><img width=\"150\" height=\"150\" src=\"https:\/\/editoraopet.com.br\/blog_opet\/wp-content\/uploads\/2020\/03\/opet-1-150x150.jpg\" class=\"attachment-thumbnail size-thumbnail\" alt=\"\" decoding=\"async\" loading=\"lazy\" aria-describedby=\"gallery-1-679\" \/><\/a>\n\t\t\t<\/div>\n\t\t\t\t<figcaption class='wp-caption-text gallery-caption' id='gallery-1-679'>\n\t\t\t\tSantana de Parna\u00edba: a primeira grande forma\u00e7\u00e3o pedag\u00f3gica do ano\n\t\t\t\t<\/figcaption><\/figure><figure class='gallery-item'>\n\t\t\t<div class='gallery-icon landscape'>\n\t\t\t\t<a href='https:\/\/editoraopet.com.br\/blog_opet\/santana-de-parnaiba-a-primeira-grande-formacao-pedagogica-do-ano\/editora-2\/'><img width=\"150\" height=\"150\" src=\"https:\/\/editoraopet.com.br\/blog_opet\/wp-content\/uploads\/2020\/03\/editora-150x150.jpg\" class=\"attachment-thumbnail size-thumbnail\" alt=\"\" decoding=\"async\" loading=\"lazy\" aria-describedby=\"gallery-1-680\" \/><\/a>\n\t\t\t<\/div>\n\t\t\t\t<figcaption class='wp-caption-text gallery-caption' id='gallery-1-680'>\n\t\t\t\tSantana de Parna\u00edba: a primeira grande forma\u00e7\u00e3o pedag\u00f3gica do ano\n\t\t\t\t<\/figcaption><\/figure>\n\t\t<\/div>\n\n","protected":false},"excerpt":{"rendered":"<p>Na semana passada, nos dias 27 e 28 (quinta e sexta-feira), a equipe de formadores pedag\u00f3gicos da Editora Opet se mobilizou para uma forma\u00e7\u00e3o pedag\u00f3gica muito especial. Eles foram at\u00e9 Santana de Parana\u00edba, cidade que \u00e9 um dos nossos principais parceiros na \u00e1rea p\u00fablica no Estado de S\u00e3o Paulo, para a primeira forma\u00e7\u00e3o pedag\u00f3gica do [&hellip;]<\/p>\n","protected":false},"author":3,"featured_media":679,"comment_status":"closed","ping_status":"closed","sticky":false,"template":"","format":"standard","meta":[],"categories":[97,1],"tags":[7],"_links":{"self":[{"href":"https:\/\/editoraopet.com.br\/blog_opet\/wp-json\/wp\/v2\/posts\/677"}],"collection":[{"href":"https:\/\/editoraopet.com.br\/blog_opet\/wp-json\/wp\/v2\/posts"}],"about":[{"href":"https:\/\/editoraopet.com.br\/blog_opet\/wp-json\/wp\/v2\/types\/post"}],"author":[{"embeddable":true,"href":"https:\/\/editoraopet.com.br\/blog_opet\/wp-json\/wp\/v2\/users\/3"}],"replies":[{"embeddable":true,"href":"https:\/\/editoraopet.com.br\/blog_opet\/wp-json\/wp\/v2\/comments?post=677"}],"version-history":[{"count":1,"href":"https:\/\/editoraopet.com.br\/blog_opet\/wp-json\/wp\/v2\/posts\/677\/revisions"}],"predecessor-version":[{"id":681,"href":"https:\/\/editoraopet.com.br\/blog_opet\/wp-json\/wp\/v2\/posts\/677\/revisions\/681"}],"wp:featuredmedia":[{"embeddable":true,"href":"https:\/\/editoraopet.com.br\/blog_opet\/wp-json\/wp\/v2\/media\/679"}],"wp:attachment":[{"href":"https:\/\/editoraopet.com.br\/blog_opet\/wp-json\/wp\/v2\/media?parent=677"}],"wp:term":[{"taxonomy":"category","embeddable":true,"href":"https:\/\/editoraopet.com.br\/blog_opet\/wp-json\/wp\/v2\/categories?post=677"},{"taxonomy":"post_tag","embeddable":true,"href":"https:\/\/editoraopet.com.br\/blog_opet\/wp-json\/wp\/v2\/tags?post=677"}],"curies":[{"name":"wp","href":"https:\/\/api.w.org\/{rel}","templated":true}]}}