{"id":803,"date":"2020-07-02T18:57:53","date_gmt":"2020-07-02T21:57:53","guid":{"rendered":"http:\/\/www.editoraopet.com.br\/blog_opet\/?p=803"},"modified":"2020-07-03T09:47:46","modified_gmt":"2020-07-03T12:47:46","slug":"fogueira-virtual-animacao-real-uma-jornada-pelas-festas-juninas-virtuais-dos-parceiros-opet","status":"publish","type":"post","link":"https:\/\/editoraopet.com.br\/blog_opet\/fogueira-virtual-animacao-real-uma-jornada-pelas-festas-juninas-virtuais-dos-parceiros-opet\/","title":{"rendered":"Fogueira Virtual, anima\u00e7\u00e3o real: uma jornada pelas festas juninas virtuais dos parceiros Opet"},"content":{"rendered":"<p>Para a escolas, as festas juninas s\u00e3o um momento de integra\u00e7\u00e3o da comunidade e de promo\u00e7\u00e3o da cultura brasileira. Neste ano, por conta da pandemia e do distanciamento social, os gestores tiveram um desafio enorme: sem \u201cdeixar a peteca cair\u201d, realizar as festas no ambiente virtual, engajando e animando as fam\u00edlias.<\/p>\n<p><strong>Francisco Glaylson Rodrigues<\/strong><strong>, supervisor regional da Editora Opet para o Cear\u00e1, \u00e9 apaixonado pelas festas juninas. <em>\u201c<\/em><\/strong><em>O m\u00eas de junho \u00e9 o nosso m\u00eas mais alegre e colorido. \u00c9 uma verdadeira celebra\u00e7\u00e3o! O dia de S\u00e3o Jo\u00e3o, por exemplo, \u00e9 como se fosse nosso Natal\u201d<\/em>, vibra. Apesar\u00a0de tudo, em 2020 as festas aconteceram \u2013 adaptadas \u00e0s novas circunst\u00e2ncias, mas cheias de energia. <em>\u201cN\u00e3o perdemos a alegria. Os gestores e as fam\u00edlias criaram lives, videoconfer\u00eancias e festas online. Com direito a bolo de milho, pamonha, dan\u00e7a e confraterniza\u00e7\u00e3o em fam\u00edlia.\u201d<\/em><\/p>\n<p>Em Fortaleza, a <strong>Escola Municipal Dois de Dezembro<\/strong> foi uma dentre muitas escolas que realizaram sua festa online. Sua coordenadora, professora <strong>Orlenilda de Souza<\/strong>, fala sobre a import\u00e2ncia dessas festas. <em>\u201cElas representam a cultura nordestina em seus diferentes aspectos: a comida, os trajes, a m\u00fasica, a dan\u00e7a, as parlendas, as brincadeiras\u201d<\/em>, explica. E a\u00ed reside sua import\u00e2ncia em termos de educa\u00e7\u00e3o. <em>\u201cComo toda essa tradi\u00e7\u00e3o j\u00e1 faz pa<\/em><em>rte do cotidiano da nossa gente nas diversas esferas, inclusive familiar, trabalhar as festas juninas torna os conte\u00fados curriculares mais significativos.<\/em> <em>Conhecer e valorizar o conhecimento de mundo do educando torna o processo de ensino e aprendizagem mais significativo.\u201d<\/em><\/p>\n<p>Normalmente, conta Orlenilda, as festas juninas s\u00e3o trabalhadas a partir de um projeto multidisciplinar que envolve toda a comunidade escolar em junho, culminando com um festival com quadrilhas e forr\u00f3, barracas com comidas e bebidas t\u00edpicas, al\u00e9m de muitas brincadeiras. <em>\u201cO papel das fam\u00edlias \u00e9 fundamental\u201d, <\/em>refor\u00e7a.<\/p>\n<p>Neste ano, esse projeto foi transposto para o ambiente virtual. <em>\u201cTodos participaram: alunos, professores e grupo gestor. E a culmin\u00e2ncia \u2013 o \u2018forr\u00f3 virtual\u2019 \u2013 foi constru\u00edda a partir dos v\u00eddeos e fotos que os professores e os estudantes enviaram.\u201d<\/em><\/p>\n<p>Orlenilda ficou satisfeita. <em>\u201cOs desafios que esse momento nos trouxe fez com que agreg\u00e1ssemos novas formas de pensar no processo ensino-aprendizagem. Esses conhecimentos, ali\u00e1s, ser\u00e3o somados \u00e0 nossa forma de ensino p\u00f3s-pandemia.\u201d<\/em><\/p>\n<figure id=\"attachment_806\" aria-describedby=\"caption-attachment-806\" style=\"width: 1791px\" class=\"wp-caption aligncenter\"><img decoding=\"async\" loading=\"lazy\" class=\"wp-image-806 size-full\" src=\"http:\/\/www.editoraopet.com.br\/blog_opet\/wp-content\/uploads\/2020\/07\/fortaleza_selec.jpg\" alt=\"\" width=\"1791\" height=\"654\" srcset=\"https:\/\/editoraopet.com.br\/blog_opet\/wp-content\/uploads\/2020\/07\/fortaleza_selec.jpg 1791w, https:\/\/editoraopet.com.br\/blog_opet\/wp-content\/uploads\/2020\/07\/fortaleza_selec-300x110.jpg 300w, https:\/\/editoraopet.com.br\/blog_opet\/wp-content\/uploads\/2020\/07\/fortaleza_selec-1024x374.jpg 1024w, https:\/\/editoraopet.com.br\/blog_opet\/wp-content\/uploads\/2020\/07\/fortaleza_selec-768x280.jpg 768w, https:\/\/editoraopet.com.br\/blog_opet\/wp-content\/uploads\/2020\/07\/fortaleza_selec-1536x561.jpg 1536w, https:\/\/editoraopet.com.br\/blog_opet\/wp-content\/uploads\/2020\/07\/fortaleza_selec-1200x438.jpg 1200w\" sizes=\"(max-width: 709px) 85vw, (max-width: 909px) 67vw, (max-width: 1362px) 62vw, 840px\" \/><figcaption id=\"caption-attachment-806\" class=\"wp-caption-text\">Crian\u00e7as da Escola Municipal 02 de dezembro, de Fortaleza, mostram suas \u201cartes juninas\u201d nas redes sociais. Festas s\u00e3o forma de mergulhar na cultura brasileira.<\/figcaption><\/figure>\n<p><strong>Angicos \u2013 <\/strong>O <strong>Plenitude Complexo Educacional<\/strong>, escola particular de Angicos (RN), tamb\u00e9m n\u00e3o deixou passar as festas juninas em branco, como conta a diretora <strong>Rosicleide Sebastiana de Melo<\/strong>. O fio condutor foi um poema escrito por um estudante do s\u00e9timo ano do Ensino Fundamental, que relembrou os festejos de anos anteriores. O poema foi recitado e gravado pelos docentes. Al\u00e9m disso, durante as aulas virtuais, estudantes e professores trabalharam juntos a cultura nordestina associada \u00e0 \u00e9poca.<\/p>\n<p><em>\u201c<\/em><em>Como substituir esse momento sem perder o encanto?\u201d<\/em>, pergunta Rosicleide. \u00a0Segundo ela, a solu\u00e7\u00e3o foi produzir e distribuir v\u00eddeos. <em>\u201cO aux\u00edlio da plataforma Gsuite e da ferramenta Google Meet, da Editora Opet, assim como dos familiares em casa, foram determinantes para o nosso \u2018Arrai\u00e1 Virtu\u00e1\u2019\u201d<\/em>, conta. <em>\u201cCada fam\u00edlia caprichou na caracteriza\u00e7\u00e3o das crian\u00e7as com as fantasias, cen\u00e1rios e prepara\u00e7\u00e3o das comidas t\u00edpicas. E os professores trabalharam para empolgar os alunos, organizando brincadeiras e as tradicionais quadrilhas juninas. Cada um na sua casa, mas com muito empenho e amor!\u201d.<\/em><\/p>\n<figure id=\"attachment_805\" aria-describedby=\"caption-attachment-805\" style=\"width: 1427px\" class=\"wp-caption aligncenter\"><img decoding=\"async\" loading=\"lazy\" class=\"wp-image-805 size-full\" src=\"http:\/\/www.editoraopet.com.br\/blog_opet\/wp-content\/uploads\/2020\/07\/angicos_selec-1.jpg\" alt=\"\" width=\"1427\" height=\"650\" srcset=\"https:\/\/editoraopet.com.br\/blog_opet\/wp-content\/uploads\/2020\/07\/angicos_selec-1.jpg 1427w, https:\/\/editoraopet.com.br\/blog_opet\/wp-content\/uploads\/2020\/07\/angicos_selec-1-300x137.jpg 300w, https:\/\/editoraopet.com.br\/blog_opet\/wp-content\/uploads\/2020\/07\/angicos_selec-1-1024x466.jpg 1024w, https:\/\/editoraopet.com.br\/blog_opet\/wp-content\/uploads\/2020\/07\/angicos_selec-1-768x350.jpg 768w, https:\/\/editoraopet.com.br\/blog_opet\/wp-content\/uploads\/2020\/07\/angicos_selec-1-1200x547.jpg 1200w\" sizes=\"(max-width: 709px) 85vw, (max-width: 909px) 67vw, (max-width: 1362px) 62vw, 840px\" \/><figcaption id=\"caption-attachment-805\" class=\"wp-caption-text\">Em Angicos, as fam\u00edlias levaram o \u201cArrai\u00e1\u201d para dentro das casas e compartilharam no meio digital.<\/figcaption><\/figure>\n<p><strong>Afogados da Ingazeira \u2013 <\/strong>A professora <strong>Cl\u00e1udia Barros <\/strong>\u00e9 mantenedora do <strong>Col\u00e9gio Dom H\u00e9lder C\u00e2mara<\/strong>, tradicional institui\u00e7\u00e3o de ensino de Afogados da Ingazeira (PE). Segundo ela, o engajamento dos gestores, professores, estudantes e fam\u00edlias foi fundamental para o sucesso da festa de 2020, que teve brincadeiras, dan\u00e7as, jogos e muita comida. Em cada casa, uma festa \u2013 conectada \u00e0s outras festas pela via digital.<\/p>\n<p><em>\u201cAs festas juninas s\u00e3o um marco de preserva\u00e7\u00e3o da nossa cultura\u201d, <\/em>explica Cl\u00e1udia. Para \u201cesquentar o clima\u201d e matar saudades, o col\u00e9gio produziu um v\u00eddeo com os melhores momentos da festa de 2019. E a festa deste ano tamb\u00e9m rendeu um belo v\u00eddeo, o que prova a anima\u00e7\u00e3o, mesmo em tempos de distanciamento social.<\/p>\n<p style=\"text-align: center;\"><span style=\"font-size: 14pt;\"><strong>\u201cArrai\u00e1 Virtual\u201d do Col\u00e9gio Opet teve m\u00fasica, culin\u00e1ria, quadrilha, m\u00fasica, dan\u00e7a, brincadeiras e bingo!<\/strong><\/span><\/p>\n<p style=\"text-align: center;\"><img decoding=\"async\" loading=\"lazy\" class=\"wp-image-807\" style=\"font-weight: bold; background-color: transparent; text-align: inherit;\" src=\"http:\/\/www.editoraopet.com.br\/blog_opet\/wp-content\/uploads\/2020\/07\/col_opet_selec-1024x984.jpg\" alt=\"\" width=\"526\" height=\"506\" srcset=\"https:\/\/editoraopet.com.br\/blog_opet\/wp-content\/uploads\/2020\/07\/col_opet_selec-1024x984.jpg 1024w, https:\/\/editoraopet.com.br\/blog_opet\/wp-content\/uploads\/2020\/07\/col_opet_selec-300x288.jpg 300w, https:\/\/editoraopet.com.br\/blog_opet\/wp-content\/uploads\/2020\/07\/col_opet_selec-768x738.jpg 768w, https:\/\/editoraopet.com.br\/blog_opet\/wp-content\/uploads\/2020\/07\/col_opet_selec-1536x1476.jpg 1536w, https:\/\/editoraopet.com.br\/blog_opet\/wp-content\/uploads\/2020\/07\/col_opet_selec-scaled.jpg 2048w, https:\/\/editoraopet.com.br\/blog_opet\/wp-content\/uploads\/2020\/07\/col_opet_selec-1200x1153.jpg 1200w\" sizes=\"(max-width: 526px) 85vw, 526px\" \/><\/p>\n<p>Mosaico com momentos do \u201cArrai\u00e1 Virtual\u201d do Col\u00e9gio Opet. Planejada com muito cuidado, a festa virtual foi um grande sucesso!Em Curitiba, o Col\u00e9gio Opet planejou com muito carinho sua festa junina virtual deste ano, o <strong>\u201cArrai\u00e1 Virtual\u201d<\/strong>, realizada no \u00faltimo dia 27. Ela foi pensada para oferecer \u00e0 comunidade escolar uma experi\u00eancia que, neste momento t\u00e3o peculiar, traduzisse a alegria e os saberes de uma celebra\u00e7\u00e3o muito rica e querida pelas pessoas.<\/p>\n<p>A diretora pedag\u00f3gica do Col\u00e9gio, professora <strong>Caren Helpa<\/strong>, explica que a festa virtual foi pensada em tr\u00eas momentos: primeiro, foi feita uma <em>live<\/em> com os estudantes e suas fam\u00edlias sobre a prepara\u00e7\u00e3o dos enfeites e adornos juninos; a seguir, foi feita a entrega, em um <em>drive-thru<\/em> \u00e0s fam\u00edlias, de \u201ckits juninos\u201d, com doces, materiais para a confec\u00e7\u00e3o de um jogo de \u201cpescaria\u201d e uma cartela do bingo virtual; por fim, a coroa\u00e7\u00e3o com a festa virtual, que aconteceu no ambiente digital, com atra\u00e7\u00f5es transmitidas (com todos os cuidados sanit\u00e1rios) diretamente do Col\u00e9gio Opet.<\/p>\n<p><em>\u201cCom o \u2018Arrai\u00e1 Virtual\u2019, tivemos como grande objetivo oferecer \u00e0s fam\u00edlias um momento cultural em contato com a arte, a dan\u00e7a, a culin\u00e1ria e a cultura juninas. Mas, principalmente, quisemos oferecer um momento de alegria na casa das pessoas\u201d<\/em>, conta Caren. O trabalho come\u00e7ou quarenta dias antes da festa. Nesse per\u00edodo, os professores se reuniram virtualmente para discutir como seria a festa e como seriam inseridos os elementos juninos trabalhados nas aulas remotas pelos professores com os estudantes. <em>\u201cNessas reuni\u00f5es semanais, fomos desenhando a festa e elaborando os roteiros at\u00e9 chegar \u00e0 vers\u00e3o final, do s\u00e1bado, dia 27\u201d<\/em>, explica a diretora.<\/p>\n<p>Caren destaca o trabalho dos professores de Educa\u00e7\u00e3o F\u00edsica e M\u00fasica e das professoras regentes, que ao longo do per\u00edodo, fizeram pesquisas, lives, videoaulas e leituras com suas turmas. <em>\u201cEnquanto, em uma inst\u00e2ncia, uma equipe planejava a festa junina para a comunidade, nessa inst\u00e2ncia os professores trabalharam os conte\u00fados com muito cuidado\u201d, <\/em>explica.<\/p>\n<p><strong>Ferramentas digitais &#8211; <\/strong>A realiza\u00e7\u00e3o dos encontros preparat\u00f3rios e da pr\u00f3pria festa virtual foi poss\u00edvel, tamb\u00e9m, gra\u00e7as ao suporte da Editora Opet, que forneceu e-mails <strong>\u201c@souopet\u201d<\/strong> para os estudantes e <strong>\u201c@opeteducation\u201d<\/strong> para os professores.<\/p>\n<p>A partir do cadastro desses e-mails, dentro da ferramenta <strong>Google Meet<\/strong>, foi poss\u00edvel realizar os encontros virtuais e a pr\u00f3pria festa<em>. \u201c\u00c9 uma ferramenta importante porque fornece recursos que garantem seguran\u00e7a e grande intera\u00e7\u00e3o no per\u00edodo de distanciamento\u201d<\/em>, observa a gerente pedag\u00f3gica da Editora, <strong>Cliciane \u00c9len Augusto<\/strong>. <em>\u201cOs encontros no Google Meet permitem reunir, por exemplo, at\u00e9 250 pessoas simultaneamente, e oferecem a intera\u00e7\u00e3o com v\u00eddeos, \u00e1udios e chat. Uma grande intera\u00e7\u00e3o, enfim, necess\u00e1ria \u00e0 educa\u00e7\u00e3o e, \u00e9 claro, a uma boa festa virtual.\u201d<\/em><\/p>\n<p><strong>A festa &#8211; <\/strong>No dia 27, o \u201cArrai\u00e1 Virtual\u201d foi aberto oficialmente de dentro do Col\u00e9gio Opet, pelo professor atelierista <strong>Guga Cidral<\/strong>. Acompanhado do professor de Educa\u00e7\u00e3o F\u00edsica <strong>Rafael Racciope<\/strong> e de dois m\u00fasicos, ele explicou o porqu\u00ea da festa em todos os seus elementos, da religiosidade \u00e0s comidas, trajes, m\u00fasica e dan\u00e7as. Ao mesmo tempo, remotamente, os professores colaboraram com informa\u00e7\u00f5es e atividades relacionadas \u00e0 comemora\u00e7\u00e3o. E, \u00e9 claro, aconteceu o famoso bingo, uma tradi\u00e7\u00e3o junina do Col\u00e9gio Opet.<\/p>\n<p>As fam\u00edlias, conta Caren, se engajaram fortemente. <em>\u201cEssa participa\u00e7\u00e3o foi uma grande alegria. Antes da festa, fizemos uma live com dicas sobre a produ\u00e7\u00e3o de bandeirinhas e adere\u00e7os juninos. E, nas transmiss\u00f5es, vimos as casas decoradas e as pessoas com os trajes t\u00edpicos. Foi uma emo\u00e7\u00e3o singular\u201d, <\/em>comemora. <em>\u201cRecebemos muitas mensagens de agradecimento pelo momento de alegria, leveza e intera\u00e7\u00e3o que o Col\u00e9gio proporcionou.\u201d<\/em><\/p>\n","protected":false},"excerpt":{"rendered":"<p>Para a escolas, as festas juninas s\u00e3o um momento de integra\u00e7\u00e3o da comunidade e de promo\u00e7\u00e3o da cultura brasileira. Neste ano, por conta da pandemia e do distanciamento social, os gestores tiveram um desafio enorme: sem \u201cdeixar a peteca cair\u201d, realizar as festas no ambiente virtual, engajando e animando as fam\u00edlias. Francisco Glaylson Rodrigues, supervisor [&hellip;]<\/p>\n","protected":false},"author":4,"featured_media":805,"comment_status":"closed","ping_status":"closed","sticky":false,"template":"","format":"standard","meta":[],"categories":[4,3],"tags":[32,7,119,120,71],"_links":{"self":[{"href":"https:\/\/editoraopet.com.br\/blog_opet\/wp-json\/wp\/v2\/posts\/803"}],"collection":[{"href":"https:\/\/editoraopet.com.br\/blog_opet\/wp-json\/wp\/v2\/posts"}],"about":[{"href":"https:\/\/editoraopet.com.br\/blog_opet\/wp-json\/wp\/v2\/types\/post"}],"author":[{"embeddable":true,"href":"https:\/\/editoraopet.com.br\/blog_opet\/wp-json\/wp\/v2\/users\/4"}],"replies":[{"embeddable":true,"href":"https:\/\/editoraopet.com.br\/blog_opet\/wp-json\/wp\/v2\/comments?post=803"}],"version-history":[{"count":6,"href":"https:\/\/editoraopet.com.br\/blog_opet\/wp-json\/wp\/v2\/posts\/803\/revisions"}],"predecessor-version":[{"id":813,"href":"https:\/\/editoraopet.com.br\/blog_opet\/wp-json\/wp\/v2\/posts\/803\/revisions\/813"}],"wp:featuredmedia":[{"embeddable":true,"href":"https:\/\/editoraopet.com.br\/blog_opet\/wp-json\/wp\/v2\/media\/805"}],"wp:attachment":[{"href":"https:\/\/editoraopet.com.br\/blog_opet\/wp-json\/wp\/v2\/media?parent=803"}],"wp:term":[{"taxonomy":"category","embeddable":true,"href":"https:\/\/editoraopet.com.br\/blog_opet\/wp-json\/wp\/v2\/categories?post=803"},{"taxonomy":"post_tag","embeddable":true,"href":"https:\/\/editoraopet.com.br\/blog_opet\/wp-json\/wp\/v2\/tags?post=803"}],"curies":[{"name":"wp","href":"https:\/\/api.w.org\/{rel}","templated":true}]}}