{"id":872,"date":"2020-08-21T10:32:13","date_gmt":"2020-08-21T13:32:13","guid":{"rendered":"http:\/\/www.editoraopet.com.br\/blog_opet\/?p=872"},"modified":"2020-08-21T19:18:00","modified_gmt":"2020-08-21T22:18:00","slug":"ceara-municipios-parceiros-da-editora-opet-dao-salto-de-qualidade-na-alfabetizacao","status":"publish","type":"post","link":"https:\/\/editoraopet.com.br\/blog_opet\/ceara-municipios-parceiros-da-editora-opet-dao-salto-de-qualidade-na-alfabetizacao\/","title":{"rendered":"Cear\u00e1: munic\u00edpios parceiros da Editora Opet d\u00e3o salto de qualidade na alfabetiza\u00e7\u00e3o"},"content":{"rendered":"<figure id=\"attachment_873\" aria-describedby=\"caption-attachment-873\" style=\"width: 800px\" class=\"wp-caption alignnone\"><img decoding=\"async\" loading=\"lazy\" class=\"wp-image-873 size-full\" src=\"http:\/\/www.editoraopet.com.br\/blog_opet\/wp-content\/uploads\/2020\/08\/materia_ceara_red.jpg\" alt=\"\" width=\"800\" height=\"602\" srcset=\"https:\/\/editoraopet.com.br\/blog_opet\/wp-content\/uploads\/2020\/08\/materia_ceara_red.jpg 800w, https:\/\/editoraopet.com.br\/blog_opet\/wp-content\/uploads\/2020\/08\/materia_ceara_red-300x226.jpg 300w, https:\/\/editoraopet.com.br\/blog_opet\/wp-content\/uploads\/2020\/08\/materia_ceara_red-768x578.jpg 768w\" sizes=\"(max-width: 709px) 85vw, (max-width: 909px) 67vw, (max-width: 984px) 61vw, (max-width: 1362px) 45vw, 600px\" \/><figcaption id=\"caption-attachment-873\" class=\"wp-caption-text\">Momentos da Editora Opet no Cear\u00e1 em 2019\/20. Em sentido hor\u00e1rio, a partir do alto e \u00e0 esquerda: forma\u00e7\u00e3o em Sobral, entrega de materiais em Itaitinga, encontro formativo digital com professores de Fortaleza e\u00a0forma\u00e7\u00e3o em Ipu.<\/figcaption><\/figure>\n<p>Os \u00faltimos dias foram de celebra\u00e7\u00e3o para os 184 munic\u00edpios cearenses, que alcan\u00e7aram o <strong>n\u00edvel de alfabetiza\u00e7\u00e3o desejada<\/strong> para o segundo ano do Ensino Fundamental (Anos Iniciais). O resultado foi divulgado pelo Sistema Permanente de Avalia\u00e7\u00e3o da Educa\u00e7\u00e3o B\u00e1sica do Estado do Cear\u00e1 (SPAECE) e se refere a 2019. Ele est\u00e1 diretamente relacionado ao Programa de Alfabetiza\u00e7\u00e3o na Idade Certa (PAIC), uma ambiciosa pol\u00edtica de Estado para o resgate e a promo\u00e7\u00e3o da Educa\u00e7\u00e3o B\u00e1sica, com resultados importantes. Apenas para se ter uma ideia do tamanho da transforma\u00e7\u00e3o, em 2007 apenas 14 munic\u00edpios \u2013 7,6% do total \u2013 possu\u00edam um n\u00edvel de alfabetiza\u00e7\u00e3o desejada para a idade certa. Hoje, s\u00e3o 100%.<\/p>\n<p>A Editora Opet, por meio do selo educacional Sefe, faze parte dessa hist\u00f3ria e desses resultados. Os materiais did\u00e1ticos e a assessoria pedag\u00f3gica Sefe \u2013 sob a coordena\u00e7\u00e3o da professora <strong>Oralda Adur de Souza<\/strong> \u2013 fizeram parte do PAIC j\u00e1 em 2008, auxiliando o Estado a promover sua revolu\u00e7\u00e3o educacional. Desde ent\u00e3o, o Sefe mant\u00e9m um escrit\u00f3rio pedag\u00f3gico no Cear\u00e1, onde trabalham professores e pedagogos que atendem a v\u00e1rios munic\u00edpios.<\/p>\n<p>Os seis munic\u00edpios atendidos pela Editora Opet no Cear\u00e1 \u2013 <strong>Fortaleza, Sobral, Ipu, Paracuru, Itaitinga e Ubajara<\/strong> \u2013 apresentaram resultados importantes. Apenas para se ter uma ideia, em 2019\/2020, nossos munic\u00edpios parceiros tiveram v\u00e1rias de suas escolas vencedoras do \u201cEscola Nota 10\u201d, que premia os melhores resultados em Portugu\u00eas e Matem\u00e1tica por unidade educacional. O pr\u00eamio \u00e9 entregue durante a divulga\u00e7\u00e3o dos resultados educacionais do Estado pelo Spaece, o que aconteceu na semana passada.<\/p>\n<p>Para conquistar a premia\u00e7\u00e3o, as escolas devem ter, no momento da avalia\u00e7\u00e3o, pelo menos 20 alunos matriculados na s\u00e9rie avaliada, al\u00e9m de ter, no m\u00ednimo, 90% de participa\u00e7\u00e3o de alunos. No 2\u00ba ano, a pontua\u00e7\u00e3o deve ficar entre 8,5 e 10, enquanto nos 5\u00ba e 9\u00ba anos os estudantes devem obter notas entre 7,5 e 10.<\/p>\n<p>Pois bem: dos parceiros da Editora Opet, Sobral teve 25 escolas vencedoras do Pr\u00eamio, Fortaleza, uma unidade, Paracuru, 12 escolas e Ubajara, 14. <em>\u201cEm rela\u00e7\u00e3o a Ipu e Fortaleza, foram os munic\u00edpios que registraram o maior crescimento em rela\u00e7\u00e3o ao \u00edndice de alfabetiza\u00e7\u00e3o. Ipu dobrou o n\u00famero de escolas com o \u00edndice de alfabetiza\u00e7\u00e3o desejada e se manteve com os melhores resultados de sua regi\u00e3o. E Fortaleza consolidou seu bom trabalho no segundo ano do Ensino Fundamental, que \u00e9 o ano cr\u00edtico da alfabetiza\u00e7\u00e3o\u201d<\/em>, analisa <strong>Glaylson Rodrigues<\/strong>, supervisor regional da Editora Opet para o Cear\u00e1.<\/p>\n<p>Glaylson se diz muito satisfeito com os resultados dos parceiros da Editora, que s\u00e3o fruto de muito trabalho. <em>\u201cN\u00f3s contribu\u00edmos para al\u00e9m do material de qualidade que chega aos munic\u00edpios. Participamos com a presta\u00e7\u00e3o de um conjunto de servi\u00e7os, como acompanhamento em visitas t\u00e9cnicas, suporte aos professores e gestores das escolas, al\u00e9m de orienta\u00e7\u00e3o aos familiares.\u201d <\/em>Glaylson destaca o esfor\u00e7o dos gestores e dos professores, que se engajam muito para que o trabalho d\u00ea resultados.<\/p>\n<p><strong>Vit\u00f3ria coletiva \u2013 <\/strong>De acordo com o SPAECE, todos os alunos do segundo ano do Ensino Fundamental (Anos Iniciais) de Paracuru alcan\u00e7aram o n\u00edvel desej\u00e1vel de alfabetiza\u00e7\u00e3o e letramento. <em>\u201cTivemos um salto de qualidade na aprendizagem no 2\u00ba, 5\u00ba e 9\u00ba anos\u201d<\/em>, conta a professora Joana Ang\u00e9lica Lopes, gerente do Mais PAIC no munic\u00edpio<em>. <\/em>Segundo Joana, os resultados s\u00e3o a soma de uma s\u00e9rie de fatores, a come\u00e7ar pelo trabalho coletivo e pelos esfor\u00e7os e talento dos professores. Ela tamb\u00e9m destaca o valor da parceria com a Editora Opet por meio do selo educacional Sefe.<\/p>\n<figure id=\"attachment_874\" aria-describedby=\"caption-attachment-874\" style=\"width: 840px\" class=\"wp-caption alignnone\"><img decoding=\"async\" loading=\"lazy\" class=\"wp-image-874 size-large\" src=\"http:\/\/www.editoraopet.com.br\/blog_opet\/wp-content\/uploads\/2020\/08\/paracuru-1024x586.jpg\" alt=\"\" width=\"840\" height=\"481\" srcset=\"https:\/\/editoraopet.com.br\/blog_opet\/wp-content\/uploads\/2020\/08\/paracuru-1024x586.jpg 1024w, https:\/\/editoraopet.com.br\/blog_opet\/wp-content\/uploads\/2020\/08\/paracuru-300x172.jpg 300w, https:\/\/editoraopet.com.br\/blog_opet\/wp-content\/uploads\/2020\/08\/paracuru-768x439.jpg 768w, https:\/\/editoraopet.com.br\/blog_opet\/wp-content\/uploads\/2020\/08\/paracuru-1200x686.jpg 1200w, https:\/\/editoraopet.com.br\/blog_opet\/wp-content\/uploads\/2020\/08\/paracuru.jpg 1280w\" sizes=\"(max-width: 709px) 85vw, (max-width: 909px) 67vw, (max-width: 1362px) 62vw, 840px\" \/><figcaption id=\"caption-attachment-874\" class=\"wp-caption-text\">Equipe do Mais PAIC de Paracuru (professoras Joana Ang\u00e9lica, Lucila Rocha, Silvia Helena, D\u00e9borah Magalh\u00e3es, Mirl\u00e2ndia S\u00e1 e Marina Claudia) com o secret\u00e1rio municipal de Educa\u00e7\u00e3o, Wanderlei Cordulino.<\/figcaption><\/figure>\n<p><em>\u201cNa primeira etapa da Educa\u00e7\u00e3o B\u00e1sica, o Sefe desenvolve um excelente trabalho com o material estruturado da Cole\u00e7\u00e3o Entrelinhas. E tamb\u00e9m forma\u00e7\u00f5es continuadas para os professores da Educa\u00e7\u00e3o Infantil que trabalham temas atuais, como a utiliza\u00e7\u00e3o das m\u00eddias, estudos voltados para a BNCC e Referenciais Curriculares para a Educa\u00e7\u00e3o Infantil.\u201d<\/em> Ela tamb\u00e9m destaca o acompanhamento pedag\u00f3gico nas creches e pr\u00e9-escolas e o Pr\u00eamio A\u00e7\u00e3o Destaque, que valoriza os projetos dos professores. <em>\u201cO sucesso da aprendizagem dos alunos de Paracuru fundamenta-se na assist\u00eancia de excel\u00eancia disponibilizada pela Editora Opet-Sefe e na proatividade da Equipe do Mais Paic.\u201d<\/em><\/p>\n<p><strong>Uma rela\u00e7\u00e3o antiga e de valor &#8211; <\/strong>O gerente comercial da Editora Opet para a \u00e1rea p\u00fablica, <strong>Roberto Costacurta<\/strong>, lembra que o Sefe esteve ao lado dos munic\u00edpios cearenses desde 2007, ano de in\u00edcio do PAIC e do acompanhamento pelo SPAECE. <em>\u201cPela qualidade do nosso trabalho, fomos escolhidos para participar desse grande programa\u201d<\/em>, conta.<em> \u201cQuando a primeira etapa do PAIC foi conclu\u00edda, em 2015, o Sefe estava atendendo 64 munic\u00edpios, um ter\u00e7o do total do Estado. E seguimos atendendo v\u00e1rios deles, com excelentes resultados.\u201d <\/em><\/p>\n<p>Para Roberto, os bons resultados dos munic\u00edpios tamb\u00e9m s\u00e3o uma vit\u00f3ria da Editora Opet. <em>\u201cQuando uma escola recebe o Pr\u00eamio Nota Dez, que \u00e9 muito importante dados os par\u00e2metros de qualidade exigidos, n\u00f3s nos sentimos premiados tamb\u00e9m. E desejamos manter e fortalecer essa bela parceria!\u201d<\/em>, conclui.<\/p>\n","protected":false},"excerpt":{"rendered":"<p>Os \u00faltimos dias foram de celebra\u00e7\u00e3o para os 184 munic\u00edpios cearenses, que alcan\u00e7aram o n\u00edvel de alfabetiza\u00e7\u00e3o desejada para o segundo ano do Ensino Fundamental (Anos Iniciais). O resultado foi divulgado pelo Sistema Permanente de Avalia\u00e7\u00e3o da Educa\u00e7\u00e3o B\u00e1sica do Estado do Cear\u00e1 (SPAECE) e se refere a 2019. Ele est\u00e1 diretamente relacionado ao Programa [&hellip;]<\/p>\n","protected":false},"author":4,"featured_media":0,"comment_status":"closed","ping_status":"closed","sticky":false,"template":"","format":"standard","meta":[],"categories":[3],"tags":[32,7,71,90],"_links":{"self":[{"href":"https:\/\/editoraopet.com.br\/blog_opet\/wp-json\/wp\/v2\/posts\/872"}],"collection":[{"href":"https:\/\/editoraopet.com.br\/blog_opet\/wp-json\/wp\/v2\/posts"}],"about":[{"href":"https:\/\/editoraopet.com.br\/blog_opet\/wp-json\/wp\/v2\/types\/post"}],"author":[{"embeddable":true,"href":"https:\/\/editoraopet.com.br\/blog_opet\/wp-json\/wp\/v2\/users\/4"}],"replies":[{"embeddable":true,"href":"https:\/\/editoraopet.com.br\/blog_opet\/wp-json\/wp\/v2\/comments?post=872"}],"version-history":[{"count":3,"href":"https:\/\/editoraopet.com.br\/blog_opet\/wp-json\/wp\/v2\/posts\/872\/revisions"}],"predecessor-version":[{"id":879,"href":"https:\/\/editoraopet.com.br\/blog_opet\/wp-json\/wp\/v2\/posts\/872\/revisions\/879"}],"wp:attachment":[{"href":"https:\/\/editoraopet.com.br\/blog_opet\/wp-json\/wp\/v2\/media?parent=872"}],"wp:term":[{"taxonomy":"category","embeddable":true,"href":"https:\/\/editoraopet.com.br\/blog_opet\/wp-json\/wp\/v2\/categories?post=872"},{"taxonomy":"post_tag","embeddable":true,"href":"https:\/\/editoraopet.com.br\/blog_opet\/wp-json\/wp\/v2\/tags?post=872"}],"curies":[{"name":"wp","href":"https:\/\/api.w.org\/{rel}","templated":true}]}}